{"id":7716,"date":"2018-02-05T20:48:37","date_gmt":"2018-02-05T19:48:37","guid":{"rendered":"https:\/\/www.labunie.com.pl\/?p=7716"},"modified":"2018-02-05T20:48:47","modified_gmt":"2018-02-05T19:48:47","slug":"bal-karnawalowy-dla-dzieci","status":"publish","type":"post","link":"https:\/\/www.labunie.com.pl\/?p=7716","title":{"rendered":"Bal karnawa\u0142owy dla dzieci"},"content":{"rendered":"<p><strong>3 lutego w sali konferencyjnej Domu Kultury w \u0141abuniach odby\u0142 si\u0119 bal karnawa\u0142owy dla dzieci. W tym dniu sala zamieni\u0142a si\u0119 w zaczarowan\u0105 krain\u0119 pe\u0142n\u0105 wr\u00f3\u017cek, ksi\u0119\u017cniczek, motylk\u00f3w i innych postaci z bajek.<\/strong><\/p>\n<p><!--more--><br \/>\n&nbsp;<br \/>\n&nbsp;<br \/>\n&nbsp;<br \/>\n&nbsp;<br \/>\nKarnawa\u0142 to czas, kiedy mo\u017cna przebiera\u0107 si\u0119 do woli i z tej okazji skorzystali cz\u0142onkowie KGW \u0141abunie. Atmosfera podczas zabawy by\u0142a fantastyczna. W trakcie zabawy przeprowadzono konkurs rysunkowy i zagadkowy. Dzieci bardzo ch\u0119tnie bra\u0142y w nich udzia\u0142. Panie z KGW przygotowa\u0142y s\u0142odki pocz\u0119stunek dla dzieci. Odwiedzi\u0142o nas 67 dzieci i a\u017c dw\u00f3ch Miko\u0142aj\u00f3w, kt\u00f3rzy wr\u0119czali dzieciom paczki.<\/p>\n<p>&nbsp;<\/p>\n<p>[lg_folder folder=&#8221;20180203\/&#8221; count=&#8221;48&#8243; paging=&#8221;false&#8221;]<\/p>\n<p><em>KGW \u0141abunie dzi\u0119kuje panu W\u00f3jtowi Gminy \u0141abunie i Radzie Gminy za mo\u017cliwo\u015b\u0107 skorzystania ze \u015brodk\u00f3w gminnych ku wielkiej rado\u015bci najm\u0142odszych.<\/em><\/p>\n<p>&nbsp;<\/p>\n<p style=\"text-align: right;\"><em>Anna Bajaka<\/em><br \/>\n<em> Przewodnicz\u0105ca KGW \u0141abunie<\/em><\/p>\n","protected":false},"excerpt":{"rendered":"<p>3 lutego w sali konferencyjnej Domu Kultury w \u0141abuniach odby\u0142 si\u0119 bal karnawa\u0142owy dla dzieci. W tym dniu sala zamieni\u0142a si\u0119 w zaczarowan\u0105 krain\u0119 pe\u0142n\u0105 wr\u00f3\u017cek, ksi\u0119\u017cniczek, motylk\u00f3w i innych postaci z bajek.<\/p>\n","protected":false},"author":7,"featured_media":7717,"comment_status":"closed","ping_status":"closed","sticky":false,"template":"","format":"standard","meta":{"footnotes":""},"categories":[1],"tags":[],"class_list":["post-7716","post","type-post","status-publish","format-standard","has-post-thumbnail","hentry","category-wpisy","clearfix"],"_links":{"self":[{"href":"https:\/\/www.labunie.com.pl\/index.php?rest_route=\/wp\/v2\/posts\/7716","targetHints":{"allow":["GET"]}}],"collection":[{"href":"https:\/\/www.labunie.com.pl\/index.php?rest_route=\/wp\/v2\/posts"}],"about":[{"href":"https:\/\/www.labunie.com.pl\/index.php?rest_route=\/wp\/v2\/types\/post"}],"author":[{"embeddable":true,"href":"https:\/\/www.labunie.com.pl\/index.php?rest_route=\/wp\/v2\/users\/7"}],"replies":[{"embeddable":true,"href":"https:\/\/www.labunie.com.pl\/index.php?rest_route=%2Fwp%2Fv2%2Fcomments&post=7716"}],"version-history":[{"count":3,"href":"https:\/\/www.labunie.com.pl\/index.php?rest_route=\/wp\/v2\/posts\/7716\/revisions"}],"predecessor-version":[{"id":7720,"href":"https:\/\/www.labunie.com.pl\/index.php?rest_route=\/wp\/v2\/posts\/7716\/revisions\/7720"}],"wp:featuredmedia":[{"embeddable":true,"href":"https:\/\/www.labunie.com.pl\/index.php?rest_route=\/wp\/v2\/media\/7717"}],"wp:attachment":[{"href":"https:\/\/www.labunie.com.pl\/index.php?rest_route=%2Fwp%2Fv2%2Fmedia&parent=7716"}],"wp:term":[{"taxonomy":"category","embeddable":true,"href":"https:\/\/www.labunie.com.pl\/index.php?rest_route=%2Fwp%2Fv2%2Fcategories&post=7716"},{"taxonomy":"post_tag","embeddable":true,"href":"https:\/\/www.labunie.com.pl\/index.php?rest_route=%2Fwp%2Fv2%2Ftags&post=7716"}],"curies":[{"name":"wp","href":"https:\/\/api.w.org\/{rel}","templated":true}]}}