{"id":7549,"date":"2018-01-23T13:30:41","date_gmt":"2018-01-23T12:30:41","guid":{"rendered":"https:\/\/www.labunie.com.pl\/?p=7549"},"modified":"2018-01-23T14:38:20","modified_gmt":"2018-01-23T13:38:20","slug":"ferie-w-wolce-labunskiej-2","status":"publish","type":"post","link":"https:\/\/www.labunie.com.pl\/?p=7549","title":{"rendered":"Ferie w W\u00f3lce \u0141abu\u0144skiej"},"content":{"rendered":"<p><strong>W\u00f3jt Gminy \u0141abunie i Rada Gminy \u0141abunie zapraszaj\u0105 do \u015bwietlicy w W\u00f3lce \u0141abu\u0144skiej na ciekawe zaj\u0119cia i zabaw\u0119 choinkow\u0105.<\/strong><br \/>\n&nbsp;<br \/>\n<strong>Zapisy do 29 stycznia pod nr tel. 609 712 138.<\/strong><\/p>\n<p><!--more--><br \/>\n&nbsp;<br \/>\n&nbsp;<br \/>\n<img loading=\"lazy\" decoding=\"async\" class=\"alignright size-full wp-image-7550\" src=\"https:\/\/www.labunie.com.pl\/wp-content\/uploads\/2018\/01\/ferie18_wolka.png\" alt=\"\" width=\"630\" height=\"913\" srcset=\"https:\/\/www.labunie.com.pl\/wp-content\/uploads\/2018\/01\/ferie18_wolka.png 630w, https:\/\/www.labunie.com.pl\/wp-content\/uploads\/2018\/01\/ferie18_wolka-207x300.png 207w\" sizes=\"auto, (max-width: 630px) 100vw, 630px\" \/><\/p>\n","protected":false},"excerpt":{"rendered":"<p>W\u00f3jt Gminy \u0141abunie i Rada Gminy \u0141abunie zapraszaj\u0105 do \u015bwietlicy w W\u00f3lce \u0141abu\u0144skiej na ciekawe zaj\u0119cia i zabaw\u0119 choinkow\u0105. &nbsp; Zapisy do 29 stycznia pod nr tel. 609 712 138.<\/p>\n","protected":false},"author":7,"featured_media":7533,"comment_status":"closed","ping_status":"closed","sticky":false,"template":"","format":"standard","meta":{"footnotes":""},"categories":[1],"tags":[],"class_list":["post-7549","post","type-post","status-publish","format-standard","has-post-thumbnail","hentry","category-wpisy","clearfix"],"_links":{"self":[{"href":"https:\/\/www.labunie.com.pl\/index.php?rest_route=\/wp\/v2\/posts\/7549","targetHints":{"allow":["GET"]}}],"collection":[{"href":"https:\/\/www.labunie.com.pl\/index.php?rest_route=\/wp\/v2\/posts"}],"about":[{"href":"https:\/\/www.labunie.com.pl\/index.php?rest_route=\/wp\/v2\/types\/post"}],"author":[{"embeddable":true,"href":"https:\/\/www.labunie.com.pl\/index.php?rest_route=\/wp\/v2\/users\/7"}],"replies":[{"embeddable":true,"href":"https:\/\/www.labunie.com.pl\/index.php?rest_route=%2Fwp%2Fv2%2Fcomments&post=7549"}],"version-history":[{"count":3,"href":"https:\/\/www.labunie.com.pl\/index.php?rest_route=\/wp\/v2\/posts\/7549\/revisions"}],"predecessor-version":[{"id":7553,"href":"https:\/\/www.labunie.com.pl\/index.php?rest_route=\/wp\/v2\/posts\/7549\/revisions\/7553"}],"wp:featuredmedia":[{"embeddable":true,"href":"https:\/\/www.labunie.com.pl\/index.php?rest_route=\/wp\/v2\/media\/7533"}],"wp:attachment":[{"href":"https:\/\/www.labunie.com.pl\/index.php?rest_route=%2Fwp%2Fv2%2Fmedia&parent=7549"}],"wp:term":[{"taxonomy":"category","embeddable":true,"href":"https:\/\/www.labunie.com.pl\/index.php?rest_route=%2Fwp%2Fv2%2Fcategories&post=7549"},{"taxonomy":"post_tag","embeddable":true,"href":"https:\/\/www.labunie.com.pl\/index.php?rest_route=%2Fwp%2Fv2%2Ftags&post=7549"}],"curies":[{"name":"wp","href":"https:\/\/api.w.org\/{rel}","templated":true}]}}