{"id":7536,"date":"2018-01-22T14:36:35","date_gmt":"2018-01-22T13:36:35","guid":{"rendered":"https:\/\/www.labunie.com.pl\/?p=7536"},"modified":"2018-01-22T14:36:35","modified_gmt":"2018-01-22T13:36:35","slug":"jaselka-w-majdanie-ruszowskim-3","status":"publish","type":"post","link":"https:\/\/www.labunie.com.pl\/?p=7536","title":{"rendered":"Jase\u0142ka w Majdanie Ruszowskim"},"content":{"rendered":"<p><strong>21 stycznia w majda\u0144skiej kaplicy uroczyst\u0105 msz\u0105 \u015bw. celebrowan\u0105 przez ks. Mariusza Pastuszaka mieszka\u0144cy so\u0142ectwa rozpocz\u0119li wsp\u00f3lne \u015bwi\u0119towanie Dnia Babci i Dziadka, Jase\u0142ka i op\u0142atek. Od lat jest to wielkie wydarzenie w Majdanie Ruszowskim &#8211; szczeg\u00f3lnie wa\u017cne dla lokalnej spo\u0142eczno\u015bci. Uczestnicz\u0105 w nim W\u00f3jt Gminy \u0141abunie Antoni Wojciech Turczyn, Przewodnicz\u0105cy Rady Gminy Adam Knia\u017a, ksi\u0119\u017ca z \u0142abu\u0144skiej parafii, mieszka\u0144cy Majdanu i ich go\u015bcie.<\/strong><br \/>\n<!--more--><br \/>\n&nbsp;<br \/>\nTo wieloletnia tradycja, w kt\u00f3r\u0105 zaanga\u017cowani s\u0105 mieszka\u0144cy w r\u00f3\u017cnym wieku: dzieci, rodzice, panie z KGW, panowie z OSP. Nad ca\u0142o\u015bci\u0105 i poprawno\u015bci\u0105 \u2013 z uwagi, \u017ce s\u0105 to Jase\u0142ka tradycyjne &#8211; czuwa ksi\u0105dz wikariusz. Po Jase\u0142kach wszyscy przybyli \u0142ami\u0105 si\u0119 op\u0142atkiem, sk\u0142adaj\u0105c sobie \u017cyczenia. Serdecznie, bo Majdan Ruszowski to wioska niezwykle z\u017cytych ze sob\u0105 ludzi. Nast\u0119pny punkt programu to zabawa choinkowa dla najm\u0142odszych mieszka\u0144c\u00f3w \u2013 Miko\u0142aj rozdaje milusi\u0144skim paczki, a p\u00f3\u017aniej DJ \u2013 wodzirej wiedzie prym na parkiecie. Zimowa sceneria czyni to wydarzenie wyj\u0105tkowo klimatycznym.<br \/>\n&nbsp;<br \/>\n[lg_folder folder=&#8221;20180121\/&#8221; count=&#8221;20&#8243; paging=&#8221;false&#8221;]<\/p>\n","protected":false},"excerpt":{"rendered":"<p>21 stycznia w majda\u0144skiej kaplicy uroczyst\u0105 msz\u0105 \u015bw. celebrowan\u0105 przez ks. Mariusza Pastuszaka mieszka\u0144cy so\u0142ectwa rozpocz\u0119li wsp\u00f3lne \u015bwi\u0119towanie Dnia Babci i Dziadka, Jase\u0142ka i op\u0142atek. Od lat jest to wielkie wydarzenie w Majdanie Ruszowskim &#8211; szczeg\u00f3lnie wa\u017cne dla lokalnej spo\u0142eczno\u015bci. Uczestnicz\u0105 w nim W\u00f3jt Gminy \u0141abunie Antoni Wojciech Turczyn, Przewodnicz\u0105cy Rady Gminy Adam Knia\u017a, ksi\u0119\u017ca [&hellip;]<\/p>\n","protected":false},"author":7,"featured_media":7537,"comment_status":"closed","ping_status":"closed","sticky":false,"template":"","format":"standard","meta":{"footnotes":""},"categories":[1],"tags":[],"class_list":["post-7536","post","type-post","status-publish","format-standard","has-post-thumbnail","hentry","category-wpisy","clearfix"],"_links":{"self":[{"href":"https:\/\/www.labunie.com.pl\/index.php?rest_route=\/wp\/v2\/posts\/7536","targetHints":{"allow":["GET"]}}],"collection":[{"href":"https:\/\/www.labunie.com.pl\/index.php?rest_route=\/wp\/v2\/posts"}],"about":[{"href":"https:\/\/www.labunie.com.pl\/index.php?rest_route=\/wp\/v2\/types\/post"}],"author":[{"embeddable":true,"href":"https:\/\/www.labunie.com.pl\/index.php?rest_route=\/wp\/v2\/users\/7"}],"replies":[{"embeddable":true,"href":"https:\/\/www.labunie.com.pl\/index.php?rest_route=%2Fwp%2Fv2%2Fcomments&post=7536"}],"version-history":[{"count":2,"href":"https:\/\/www.labunie.com.pl\/index.php?rest_route=\/wp\/v2\/posts\/7536\/revisions"}],"predecessor-version":[{"id":7539,"href":"https:\/\/www.labunie.com.pl\/index.php?rest_route=\/wp\/v2\/posts\/7536\/revisions\/7539"}],"wp:featuredmedia":[{"embeddable":true,"href":"https:\/\/www.labunie.com.pl\/index.php?rest_route=\/wp\/v2\/media\/7537"}],"wp:attachment":[{"href":"https:\/\/www.labunie.com.pl\/index.php?rest_route=%2Fwp%2Fv2%2Fmedia&parent=7536"}],"wp:term":[{"taxonomy":"category","embeddable":true,"href":"https:\/\/www.labunie.com.pl\/index.php?rest_route=%2Fwp%2Fv2%2Fcategories&post=7536"},{"taxonomy":"post_tag","embeddable":true,"href":"https:\/\/www.labunie.com.pl\/index.php?rest_route=%2Fwp%2Fv2%2Ftags&post=7536"}],"curies":[{"name":"wp","href":"https:\/\/api.w.org\/{rel}","templated":true}]}}