{"id":7512,"date":"2018-01-16T14:56:54","date_gmt":"2018-01-16T13:56:54","guid":{"rendered":"https:\/\/www.labunie.com.pl\/?p=7512"},"modified":"2018-01-22T08:54:09","modified_gmt":"2018-01-22T07:54:09","slug":"ix-gminny-przeglad-koled-i-pastoralek","status":"publish","type":"post","link":"https:\/\/www.labunie.com.pl\/?p=7512","title":{"rendered":"IX Gminny Przegl\u0105d Kol\u0119d i Pastora\u0142ek"},"content":{"rendered":"<p><strong>14 stycznia 2018r. w niedzielne popo\u0142udnie w sali konferencyjnej Domu Kultury w \u0141abuniach odby\u0142 si\u0119 Przegl\u0105d Kol\u0119d i Pastora\u0142ek zorganizowany przez Stowarzyszenie na Rzecz Rozwoju Gminy \u0141abunie we wsp\u00f3\u0142pracy z W\u00f3jtem Gminy \u0141abunie.<\/strong><\/p>\n<p><!--more--><br \/>\n&nbsp;<br \/>\n&nbsp;<br \/>\nW \u015bwi\u0105tecznej scenerii zasiedli zaproszeni go\u015bcie: W\u00f3jt Gminy \u0141abunie Antoni Wojciech Turczyn, Z-ca W\u00f3jta Bogumi\u0142a Maziarczuk, Przewodnicz\u0105cy Rady Gminy Adam Knia\u017a, Proboszcz Parafii \u0141abunie ks. Piotr Rawlik, ks. Marek Ma\u0142ys &#8211; wikariusz Parafii NMP w Zamo\u015bciu, ks.Micha\u0142 Przybysz, ks.Rajmund Cur, Dyrektorzy Szk\u00f3\u0142 Gminy \u0141abunie: Bernard Panasiuk, Dorota Turczyn, Mariola Ko\u0142odziejczyk, siostry zakonne, nauczyciele, wspania\u0142a publiczno\u015b\u0107 oraz uczestnicy przegl\u0105du.<br \/>\n&nbsp;<br \/>\nOficjalnego otwarcia Przegl\u0105du Kol\u0119d i Pastora\u0142ek dokona\u0142a Prezes Stowarzyszenia na Rzecz Rozwoju Gminy \u0141abunie Danuta Bosiak.<br \/>\n&nbsp;<br \/>\nUczestnicy Przegl\u0105du zaprezentowali si\u0119 w dw\u00f3ch kategoriach : dzieci i doro\u015bli.<strong><br \/>\n<\/strong><br \/>\n&nbsp;<\/p>\n<table border=\"1\" width=\"630\" cellpadding=\"5\">\n<tbody>\n<tr>\n<td colspan=\"5\" width=\"954\">\n<p style=\"text-align: center;\"><strong>Przegl\u0105d Kol\u0119d i Pastora\u0142ek \u0141abunie 2018<\/strong><\/p>\n<p style=\"text-align: center;\"><strong>Kategoria: Dzieci<\/strong><\/p>\n<\/td>\n<\/tr>\n<tr>\n<td width=\"60\"><strong>L.P<\/strong><\/td>\n<td width=\"206\"><strong>Imi\u0119 i Nazwisko<\/strong><\/td>\n<td width=\"198\"><strong>Adres<\/strong><\/td>\n<td width=\"184\"><strong>Opiekun<\/strong><\/td>\n<td width=\"305\"><strong>Tytu\u0142 utworu<\/strong><\/td>\n<\/tr>\n<tr>\n<td width=\"60\">1.<\/td>\n<td width=\"206\">Grupa 5-latk\u00f3w<\/td>\n<td width=\"198\">Punkt Przedszkolny w \u0141abuniach<\/td>\n<td width=\"184\">p. Beata G\u0119borys<\/td>\n<td width=\"305\">Anio\u0142ek malutki jak wr\u00f3belek<\/td>\n<\/tr>\n<tr>\n<td width=\"60\">2.<\/td>\n<td width=\"206\">\u0141abu\u0144skie Iskierki<\/td>\n<td width=\"198\">Punkt Przedszkolny w \u0141abuniach<\/td>\n<td width=\"184\">p. Halina Piskorz<\/td>\n<td width=\"305\">Chojka &#8211; g\u00f3ralska kol\u0119da<\/td>\n<\/tr>\n<tr>\n<td width=\"60\">3.<\/td>\n<td width=\"206\">\u0141abu\u0144skie Iskierki<\/td>\n<td width=\"198\">Szko\u0142a Podstawowa w \u0141abuniach<\/td>\n<td width=\"184\">p. Halina Piskorz<\/td>\n<td width=\"305\">Pastora\u0142ka od serca do ucha<\/td>\n<\/tr>\n<tr>\n<td width=\"60\">4.<\/td>\n<td width=\"206\">Lenka Helman<\/td>\n<td width=\"198\">Punkt Przedszkolny w \u0141abuniach<\/td>\n<td width=\"184\">p. Joanna Soko\u0142owska<\/td>\n<td width=\"305\">Bosy pastuszek<\/td>\n<\/tr>\n<tr>\n<td width=\"60\">5.<\/td>\n<td width=\"206\">Weronika Ternes<\/td>\n<td width=\"198\">Szko\u0142a Podstawowa w \u0141abuniach<\/td>\n<td width=\"184\">p. Artur Ternes<\/td>\n<td width=\"305\">Przybie\u017celi do Betlejem<\/td>\n<\/tr>\n<tr>\n<td width=\"60\">6.<\/td>\n<td width=\"206\">Alan Kania<\/td>\n<td width=\"198\">Szko\u0142a Podstawowa w \u0141abuniach<\/td>\n<td width=\"184\">p. Bo\u017cena Kania<\/td>\n<td width=\"305\">Cicha noc<\/td>\n<\/tr>\n<tr>\n<td width=\"60\">7.<\/td>\n<td width=\"206\">Grupa Friends &#8211; Marcel Greszta i Amelia G\u00f3rska<\/td>\n<td width=\"198\">Szko\u0142a Podstawowa w \u0141abuniach<\/td>\n<td width=\"184\">p. Monika Greszta<\/p>\n<p>p. Agnieszka G\u00f3rska<\/td>\n<td width=\"305\">W\u015br\u00f3d nocnej ciszy<\/p>\n<p>Gdy \u015bliczna Panna<\/td>\n<\/tr>\n<tr>\n<td width=\"60\">8.<\/td>\n<td width=\"206\">Amelia G\u00f3rska<\/td>\n<td width=\"198\">Szko\u0142a Podstawowa w \u0141abuniach<\/td>\n<td width=\"184\">p. El\u017cbieta G\u00f3rska<\/td>\n<td width=\"305\">Cicho wsz\u0119dzie<\/td>\n<\/tr>\n<tr>\n<td width=\"60\">9.<\/td>\n<td width=\"206\">Marcel Greszta<\/td>\n<td width=\"198\">Szko\u0142a Podstawowa w \u0141abuniach<\/td>\n<td width=\"184\">p. Monika Greszta<\/td>\n<td width=\"305\">Jezus Malusie\u0144ki<\/td>\n<\/tr>\n<tr>\n<td width=\"60\">10.<\/td>\n<td width=\"206\">Szymon Ma\u0142ys<\/td>\n<td width=\"198\">Szko\u0142a<\/p>\n<p>Podstawowa<\/td>\n<td width=\"184\">p. Ma\u0142ys<\/td>\n<td width=\"305\">B\u00f3g si\u0119 rodzi<\/td>\n<\/tr>\n<tr>\n<td width=\"60\">11.<\/td>\n<td width=\"206\">Martyna \u015aliwi\u0144ska<\/td>\n<td width=\"198\">Szko\u0142a Podstawowa w \u0141abuniach<\/td>\n<td width=\"184\">p. Roman \u015aliwi\u0144ski<\/td>\n<td width=\"305\">Pastora\u0142ka Skrzypi w\u00f3z<\/td>\n<\/tr>\n<tr>\n<td width=\"60\">12.<\/td>\n<td width=\"206\">Agnieszka Kowalczuk<\/td>\n<td width=\"198\">Szko\u0142a Podstawowa w \u0141abu\u0144kach Pierwszych<\/td>\n<td width=\"184\">p. Agnieszka Kowalczuk<\/td>\n<td width=\"305\">Cicha noc<\/td>\n<\/tr>\n<tr>\n<td width=\"60\">13.<\/td>\n<td width=\"206\">Wojciech Franczuk<\/td>\n<td width=\"198\">Szko\u0142a Podstawowa w \u0141abu\u0144kach Pierwszych<\/td>\n<td width=\"184\">p. Ewa Franczuk<\/td>\n<td width=\"305\">&nbsp;<\/p>\n<p>Gdy si\u0119 Chrystus rodzi<\/td>\n<\/tr>\n<tr>\n<td width=\"60\">14.<\/td>\n<td width=\"206\">Duet One &#8211; Kamila i Bo\u017cena Wr\u00f3blewskie<\/td>\n<td width=\"198\">\u0141abunie<\/td>\n<td width=\"184\">p. Bo\u017cena Wr\u00f3blewska<\/td>\n<td width=\"305\">Kol\u0119da Maryi<\/td>\n<\/tr>\n<tr>\n<td width=\"60\">15.<\/td>\n<td width=\"206\">Kamila Wr\u00f3blewska<\/td>\n<td width=\"198\">Szko\u0142a Podstawowa w \u0141abuniach<\/td>\n<td width=\"184\">p. Bo\u017cena Wr\u00f3blewska<\/td>\n<td width=\"305\">Tobie ma\u0142y Panie<\/td>\n<\/tr>\n<\/tbody>\n<\/table>\n<p>&nbsp;<\/p>\n<table border=\"1\" width=\"630\" cellpadding=\"5\">\n<tbody>\n<tr>\n<td colspan=\"5\" width=\"961\">\n<p style=\"text-align: center;\"><strong>Przegl\u0105d Kol\u0119d i Pastora\u0142ek \u0141abunie 2018<\/strong><\/p>\n<p style=\"text-align: center;\"><strong>Kategoria: Doro\u015bli<\/strong><\/p>\n<\/td>\n<\/tr>\n<tr>\n<td width=\"59\"><strong>L.P<\/strong><\/td>\n<td width=\"207\"><strong>Imi\u0119 i Nazwisko<\/strong><\/td>\n<td width=\"198\"><strong>Adres<\/strong><\/td>\n<td width=\"179\"><strong>Opiekun<\/strong><\/td>\n<td width=\"318\"><strong>Tytu\u0142 utworu<\/strong><\/td>\n<\/tr>\n<tr>\n<td width=\"59\">1.<\/td>\n<td width=\"207\">Stanis\u0142aw i Grzegorz<\/td>\n<td width=\"198\">Zesp\u00f3\u0142 z Ruszowa<\/td>\n<td width=\"179\">p. Stanis\u0142aw Bo\u0107<\/td>\n<td width=\"318\">Jezus malusie\u0144ki<\/td>\n<\/tr>\n<tr>\n<td width=\"59\">2.<\/td>\n<td width=\"207\">\u0141abunianki<\/td>\n<td width=\"198\">KGW \u0141abunie<\/td>\n<td width=\"179\">p. Anna Bajaka<\/td>\n<td width=\"318\">Dlaczego dzisiaj w Betlejem<\/td>\n<\/tr>\n<tr>\n<td width=\"59\">3.<\/td>\n<td width=\"207\">Barchaczowskie Super Babki<\/td>\n<td width=\"198\">KGW Barchacz\u00f3w<\/td>\n<td width=\"179\">p. El\u017cbieta Ku\u017ama<\/td>\n<td width=\"318\">Skrzypi w\u00f3z<\/td>\n<\/tr>\n<tr>\n<td width=\"59\">4.<\/td>\n<td width=\"207\">Ogrodniczki<\/td>\n<td width=\"198\">KGW \u0141abu\u0144ki<\/td>\n<td width=\"179\">p. El\u017cbieta Garbacz<\/td>\n<td width=\"318\">Patrzcie bracia<\/td>\n<\/tr>\n<tr>\n<td width=\"59\">5.<\/td>\n<td width=\"207\">W\u00f3lka \u0141abu\u0144ska<\/td>\n<td width=\"198\">KGW W\u00f3lka \u0141abu\u0144ska<\/td>\n<td width=\"179\">p. Henryka Wiater<\/td>\n<td width=\"318\">Pastora\u0142ka: Skrzypi w\u00f3z<\/p>\n<p>Lulaj Go Matko lulaj<\/td>\n<\/tr>\n<tr>\n<td width=\"59\">6.<\/td>\n<td width=\"207\">Agnieszka Furma\u0144czuk<\/td>\n<td width=\"198\">\u0141abunie<\/td>\n<td width=\"179\"><\/td>\n<td width=\"318\">Pastora\u0142ka od serca do ucha<\/td>\n<\/tr>\n<tr>\n<td width=\"59\">7.<\/td>\n<td width=\"207\">Siostry FMM<\/td>\n<td width=\"198\">\u0141abunie Zesp\u00f3\u0142 wokalno-instrumentalny<\/td>\n<td width=\"179\"><\/td>\n<td width=\"318\">Kol\u0119da Maryi<\/p>\n<p>Kol\u0119da p\u0142ynie z wysoko\u015bci<\/td>\n<\/tr>\n<\/tbody>\n<\/table>\n<p>&nbsp;<br \/>\nBogata r\u00f3\u017cnorodno\u015b\u0107 prezentacji muzycznych i wokalnych oraz wysoki poziom artystyczny wykonywanych kol\u0119d i pastora\u0142ek dostarczy\u0142y zgromadzonej spo\u0142eczno\u015bci niezapomnianych wra\u017ce\u0144. Wyst\u0119py zosta\u0142y nagrodzone gromkimi brawami, a organizatorzy wr\u0119czyli Uczestnikom Przegl\u0105du Kol\u0119d i Pastora\u0142ek pami\u0105tkowe statuetki ufundowane przez sponsor\u00f3w.<br \/>\n&nbsp;<br \/>\nCa\u0142o\u015b\u0107 uroczysto\u015bci u\u015bwietni\u0142 wyst\u0119p zespo\u0142u instrumentalno-wokalnego Si\u00f3str Franciszkanek z \u0141abu\u0144, a \u015bpiew kol\u0119d rozbrzmiewa\u0142 echem po ca\u0142ej gminie.<br \/>\n&nbsp;<br \/>\nS\u0142owami Pani Prezes Danuty Bosiak &#8211; ,,Do zobaczenia za rok\u2019\u2019 zako\u0144czono IX Przegl\u0105d Kol\u0119d i Pastora\u0142ek w Gminie \u0141abunie.<br \/>\n&nbsp;<\/p>\n<p style=\"text-align: right;\"><em><span style=\"font-size: 8pt;\">Danuta Bosiak<\/span><\/em><\/p>\n<p>&nbsp;<\/p>\n<p style=\"text-align: left;\">[lg_folder folder=&#8221;20180114\/&#8221; count=&#8221;35&#8243; paging=&#8221;false&#8221;]<\/p>\n","protected":false},"excerpt":{"rendered":"<p>14 stycznia 2018r. w niedzielne popo\u0142udnie w sali konferencyjnej Domu Kultury w \u0141abuniach odby\u0142 si\u0119 Przegl\u0105d Kol\u0119d i Pastora\u0142ek zorganizowany przez Stowarzyszenie na Rzecz Rozwoju Gminy \u0141abunie we wsp\u00f3\u0142pracy z W\u00f3jtem Gminy \u0141abunie.<\/p>\n","protected":false},"author":7,"featured_media":7530,"comment_status":"closed","ping_status":"closed","sticky":false,"template":"","format":"standard","meta":{"footnotes":""},"categories":[1],"tags":[],"class_list":["post-7512","post","type-post","status-publish","format-standard","has-post-thumbnail","hentry","category-wpisy","clearfix"],"_links":{"self":[{"href":"https:\/\/www.labunie.com.pl\/index.php?rest_route=\/wp\/v2\/posts\/7512","targetHints":{"allow":["GET"]}}],"collection":[{"href":"https:\/\/www.labunie.com.pl\/index.php?rest_route=\/wp\/v2\/posts"}],"about":[{"href":"https:\/\/www.labunie.com.pl\/index.php?rest_route=\/wp\/v2\/types\/post"}],"author":[{"embeddable":true,"href":"https:\/\/www.labunie.com.pl\/index.php?rest_route=\/wp\/v2\/users\/7"}],"replies":[{"embeddable":true,"href":"https:\/\/www.labunie.com.pl\/index.php?rest_route=%2Fwp%2Fv2%2Fcomments&post=7512"}],"version-history":[{"count":4,"href":"https:\/\/www.labunie.com.pl\/index.php?rest_route=\/wp\/v2\/posts\/7512\/revisions"}],"predecessor-version":[{"id":7531,"href":"https:\/\/www.labunie.com.pl\/index.php?rest_route=\/wp\/v2\/posts\/7512\/revisions\/7531"}],"wp:featuredmedia":[{"embeddable":true,"href":"https:\/\/www.labunie.com.pl\/index.php?rest_route=\/wp\/v2\/media\/7530"}],"wp:attachment":[{"href":"https:\/\/www.labunie.com.pl\/index.php?rest_route=%2Fwp%2Fv2%2Fmedia&parent=7512"}],"wp:term":[{"taxonomy":"category","embeddable":true,"href":"https:\/\/www.labunie.com.pl\/index.php?rest_route=%2Fwp%2Fv2%2Fcategories&post=7512"},{"taxonomy":"post_tag","embeddable":true,"href":"https:\/\/www.labunie.com.pl\/index.php?rest_route=%2Fwp%2Fv2%2Ftags&post=7512"}],"curies":[{"name":"wp","href":"https:\/\/api.w.org\/{rel}","templated":true}]}}