{"id":7506,"date":"2018-01-18T08:33:23","date_gmt":"2018-01-18T07:33:23","guid":{"rendered":"https:\/\/www.labunie.com.pl\/?p=7506"},"modified":"2018-01-18T08:35:19","modified_gmt":"2018-01-18T07:35:19","slug":"malowanie-koled-wreczenie-nagrod-2","status":"publish","type":"post","link":"https:\/\/www.labunie.com.pl\/?p=7506","title":{"rendered":"&#8220;Malowanie kol\u0119d&#8221; &#8211; wr\u0119czenie nagr\u00f3d"},"content":{"rendered":"<p><strong>17 stycznia w go\u015bcinnych progach Zgromadzenia Si\u00f3str Franciszkanek Maryi w \u0142abu\u0144skim zespole pa\u0142acowo-parkowym mia\u0142o miejsce podsumowanie VI edycji Gminnego Konkursu &#8220;Malowanie Kol\u0119d&#8221; pod patronatem W\u00f3jta Gminy \u0141abunie.<\/strong><br \/>\n<!--more--><br \/>\n&nbsp;<br \/>\n&nbsp;<br \/>\n&nbsp;<br \/>\nW obecno\u015bci zaproszonych go\u015bci: W\u00f3jta Gminy \u0141abunie Antoniego Wojciecha Turczyna, Przewodnicz\u0105cego Rady Gminy Adama Kniazia, radnej i przewodnicz\u0105cej komisji Teresy Zwolan, cz\u0142onkini komisji Doroty Dziuby, s. Teresy Neitsch FMM,  rodzic\u00f3w i nauczycieli: Barbary Banaszkiewicz, Joanny Soko\u0142owskiej i Beaty G\u0119borys Laureaci odbierali nagrody i wyr\u00f3\u017cnienia. Jak co roku nagrodzone prace zostan\u0105 wydane w postaci kartek bo\u017conarodzeniowych i pow\u0119druj\u0105 do przyjaci\u00f3\u0142 naszej gminy i autor\u00f3w prac.<br \/>\n&nbsp;<br \/>\nOrganizator dzi\u0119kuje wszystkim tym, kt\u00f3rzy przyczyniaj\u0105 si\u0119 do upowszechniania wiedzy o konkursie, udzia\u0142u w nim samym i z rado\u015bci\u0105 spotykaj\u0105 si\u0119 z nami na corocznym rozstrzygni\u0119ciu we wn\u0119trzach pi\u0119knego pa\u0142acu, kt\u00f3ry powsta\u0142 za spraw\u0105 Jana Jakuba Zamoyskiego.<br \/>\n&nbsp;<br \/>\nZapraszamy do udzia\u0142u w kolejnych edycjach i innych gminnych konkursach, o kt\u00f3rych ju\u017c wkr\u00f3tce!<br \/>\n&nbsp;<br \/>\n[lg_folder folder=&#8221;20180117\/&#8221; count=&#8221;30&#8243;  paging=&#8221;false&#8221;]<\/p>\n","protected":false},"excerpt":{"rendered":"<p>17 stycznia w go\u015bcinnych progach Zgromadzenia Si\u00f3str Franciszkanek Maryi w \u0142abu\u0144skim zespole pa\u0142acowo-parkowym mia\u0142o miejsce podsumowanie VI edycji Gminnego Konkursu &#8220;Malowanie Kol\u0119d&#8221; pod patronatem W\u00f3jta Gminy \u0141abunie.<\/p>\n","protected":false},"author":7,"featured_media":7507,"comment_status":"closed","ping_status":"closed","sticky":false,"template":"","format":"standard","meta":{"footnotes":""},"categories":[1],"tags":[],"class_list":["post-7506","post","type-post","status-publish","format-standard","has-post-thumbnail","hentry","category-wpisy","clearfix"],"_links":{"self":[{"href":"https:\/\/www.labunie.com.pl\/index.php?rest_route=\/wp\/v2\/posts\/7506","targetHints":{"allow":["GET"]}}],"collection":[{"href":"https:\/\/www.labunie.com.pl\/index.php?rest_route=\/wp\/v2\/posts"}],"about":[{"href":"https:\/\/www.labunie.com.pl\/index.php?rest_route=\/wp\/v2\/types\/post"}],"author":[{"embeddable":true,"href":"https:\/\/www.labunie.com.pl\/index.php?rest_route=\/wp\/v2\/users\/7"}],"replies":[{"embeddable":true,"href":"https:\/\/www.labunie.com.pl\/index.php?rest_route=%2Fwp%2Fv2%2Fcomments&post=7506"}],"version-history":[{"count":2,"href":"https:\/\/www.labunie.com.pl\/index.php?rest_route=\/wp\/v2\/posts\/7506\/revisions"}],"predecessor-version":[{"id":7509,"href":"https:\/\/www.labunie.com.pl\/index.php?rest_route=\/wp\/v2\/posts\/7506\/revisions\/7509"}],"wp:featuredmedia":[{"embeddable":true,"href":"https:\/\/www.labunie.com.pl\/index.php?rest_route=\/wp\/v2\/media\/7507"}],"wp:attachment":[{"href":"https:\/\/www.labunie.com.pl\/index.php?rest_route=%2Fwp%2Fv2%2Fmedia&parent=7506"}],"wp:term":[{"taxonomy":"category","embeddable":true,"href":"https:\/\/www.labunie.com.pl\/index.php?rest_route=%2Fwp%2Fv2%2Fcategories&post=7506"},{"taxonomy":"post_tag","embeddable":true,"href":"https:\/\/www.labunie.com.pl\/index.php?rest_route=%2Fwp%2Fv2%2Ftags&post=7506"}],"curies":[{"name":"wp","href":"https:\/\/api.w.org\/{rel}","templated":true}]}}