{"id":7499,"date":"2018-01-23T12:00:31","date_gmt":"2018-01-23T11:00:31","guid":{"rendered":"https:\/\/www.labunie.com.pl\/?p=7499"},"modified":"2018-01-23T14:39:22","modified_gmt":"2018-01-23T13:39:22","slug":"ferie-w-arsenale","status":"publish","type":"post","link":"https:\/\/www.labunie.com.pl\/?p=7499","title":{"rendered":"Ferie w Arsenale"},"content":{"rendered":"<p><strong>W tym roku Muzeum Fortyfikacji i Broni Arsena\u0142 zaprasza uczni\u00f3w do Zimowej strefy zabaw z histori\u0105 czyli na spotkania prowadzone od wtorku do pi\u0105tku w wybranych obiektach Muzeum. Mile widziani s\u0105 wszyscy Ci, kt\u00f3rzy chc\u0105 si\u0119 zapozna\u0107 z historycznymi ciekawostkami i tw\u00f3rczo sp\u0119dzi\u0107 wolny czas.<\/strong><\/p>\n<p><!--more--><br \/>\n&nbsp;<br \/>\n&nbsp;<br \/>\nZasady uczestnictwa:<\/p>\n<ul>\n<li>zaj\u0119cia trwaj\u0105 od wtorku do pi\u0105tku (oko\u0142o 60 min.)<\/li>\n<li>rozpoczynaj\u0105 si\u0119 o godz. 11.00<\/li>\n<li>wst\u0119p na zaj\u0119cie p\u0142atny \u2013 3,00 z\u0142<\/li>\n<li>obowi\u0105zuj\u0105 zapisy<\/li>\n<li>zg\u0142oszenia nale\u017cy kierowa\u0107 na adres: edukacja@muzeumarsenal.pl lub tel. 606 845 759<\/li>\n<\/ul>\n<p>&nbsp;<br \/>\nHarmonogram poni\u017cej oraz na stronie <a href=\"http:\/\/muzeumarsenal.pl\/pl\/277-zimowa-strefa-zabaw-z-historia-ferie-2018\">muzeumarsenal.pl<\/a><br \/>\n&nbsp;<\/p>\n<ol>\n<li><strong>Wtorek \u2013 30.01 (<\/strong><strong>Pawilon pod Kurtyn\u0105) &#8211; <em>Sk\u0105d si\u0119 wzi\u0119\u0142y czo\u0142gi?<\/em><\/strong><\/li>\n<\/ol>\n<p>Sk\u0105d si\u0119 wzi\u0119\u0142y czo\u0142gi i kto pierwszy u\u017cy\u0142 ich w boju? Jak wygl\u0105da\u0142y ich najciekawsze konstrukcje? W ramach recyklingu tworzyw sztucznych wykonamy czo\u0142g \u2013 zabawk\u0119.<\/p>\n<p>Zaj\u0119cia prowadzone w oparciu o sta\u0142\u0105 wystaw\u0119 <em>Zamojszczyzna na tle dzia\u0142a\u0144 militarnych i rozwoju techniki wojskowej w XX w. <\/em>Zaj\u0119cia kierowane do dzieci w wieku od 4 do 12 lat.<\/p>\n<p><strong>Prowadz\u0105cy: Andrzej Maziarz<\/strong><\/p>\n<p>&nbsp;<\/p>\n<ol start=\"2\">\n<li><strong>\u015aroda \u2013 31.01 (Arsena\u0142) \u2013 <em>\u015awiat Zmys\u0142\u00f3w<\/em><\/strong><\/li>\n<\/ol>\n<p>W \u015bwiat fizyki przeniesie nas interaktywna wystawa \u201e\u015awiat Zmys\u0142\u00f3w\u201d. Odkryjemy na niej najprzer\u00f3\u017cniejsze zagadki i ciekawostki zwi\u0105zane z dzia\u0142aniem podstawowych zmys\u0142\u00f3w cz\u0142owieka: wzroku, s\u0142uchu, w\u0119chu i dotyku. <em>Zapraszamy na <\/em>spotkanie z autorem wystawy dr Maciejem Kluz\u0105.<\/p>\n<p><strong>Prowadz\u0105cy: dr Maciej <em>Kluza<\/em><\/strong><\/p>\n<p><em><strong>Otwarcie wystawy \u2013 wst\u0119p wolny<\/strong><\/em><\/p>\n<p>&nbsp;<\/p>\n<ol start=\"3\">\n<li><em> <strong>Czwartek \u2013 01.02 (Pawilon pod Kurtyn\u0105) &#8211; O naszej niepodleg\u0142o\u015bci<\/strong><\/em><\/li>\n<\/ol>\n<p>Jak odradza\u0142o si\u0119 Pa\u0144stwo Polskie pod koniec I wojny \u015bwiatowej, gdzie walczyli wtedy Polacy i jakiego sprz\u0119tu u\u017cywali? <em>Zaj\u0119cia prowadzone w oparciu o sta\u0142\u0105 wystaw\u0119 Zamojszczyzna na tle dzia\u0142a\u0144 militarnych i rozwoju techniki wojskowej w XX w. Kierowane do dzieci w wieku od 4 do 12 lat. <strong>Prowadz\u0105cy: Kinga Ko\u0142odziejczyk<\/strong><\/em><\/p>\n<p>&nbsp;<\/p>\n<ol start=\"4\">\n<li><em><strong> Pi\u0105tek \u2013 02.02 (Pawilon pod Kurtyn\u0105) &#8211; Od grod\u00f3w po bunkry<\/strong><\/em><\/li>\n<\/ol>\n<p>Jak zmienia\u0142y si\u0119 fortyfikacje w Polsce od wczesnego \u015bredniowiecza po II wojn\u0119 \u015bwiatow\u0105. <em>Zaj\u0119cia kierowane do dzieci w wieku od 4 do 12 lat.<\/em><\/p>\n<p><em><strong>Prowadz\u0105cy: Andrzej Maziarz<\/strong><\/em><\/p>\n<p>&nbsp;<\/p>\n<ol start=\"5\">\n<li><strong>Wtorek \u2013 06.02 (Pawilon pod Kurtyn\u0105) &#8211; <em>Sk\u0105d si\u0119 wzi\u0119\u0142y samoloty?<\/em><\/strong><\/li>\n<\/ol>\n<p>Kiedy i dlaczego ludzie zacz\u0119li lata\u0107? Jak wygl\u0105da\u0142y pierwsze samoloty i kiedy po raz pierwszy u\u017cyto ich boju? Na te i inne pytania poszukamy odpowiedzi na zaj\u0119ciach zorganizowanych z okazji przypadaj\u0105cego w tym roku 100-lecie lotnictwa wojskowego w Polsce. Zaj\u0119cia kierowane do dzieci w wieku od 4 do 12 lat. <strong>Prowadz\u0105cy: Andrzej Maziarz<\/strong><\/p>\n<p>&nbsp;<\/p>\n<ol start=\"6\">\n<li><strong>\u015aroda \u2013 07.02 (Arsena\u0142) \u2013 <em>\u015awiat Zmys\u0142\u00f3w<\/em><\/strong><\/li>\n<\/ol>\n<p>W \u015bwiat fizyki przeniesie nas interaktywna wystawa \u201e\u015awiat Zmys\u0142\u00f3w\u201d. Odkryjemy na niej najprzer\u00f3\u017cniejsze zagadki i ciekawostki zwi\u0105zane z dzia\u0142aniem podstawowych zmys\u0142\u00f3w cz\u0142owieka: wzroku, s\u0142uchu, w\u0119chu i dotyku. Zaj\u0119cia adresowane s\u0105 do odbiorc\u00f3w w ro\u017cnym wieku.<\/p>\n<p><strong>Prowadz\u0105cy: Kinga Ko\u0142odziejczyk<\/strong><\/p>\n<p>&nbsp;<\/p>\n<ol start=\"7\">\n<li><strong>Czwartek \u2013 08.02 (Pawilon pod Kurtyn\u0105) &#8211; <em>S\u0142onie, konie i nied\u017awiedzie \u2013 zwierz\u0119ta w wojsku<\/em><\/strong><\/li>\n<\/ol>\n<p>Zwierz\u0119ta od zawsze towarzyszy\u0142y ludziom na wojnach. Zar\u00f3wno te du\u017ce np. s\u0142onie jak i te mniejsze np. go\u0142\u0119bie. Po mimo rozwoju techniki zwierz\u0119ta w wojsku mo\u017cna spotka\u0107 i dzi\u015b.<\/p>\n<p>Zaj\u0119cia kierowane do dzieci w wieku od 4 do 12 lat. <strong>Prowadz\u0105cy: Andrzej Maziarz<\/strong><\/p>\n<p>&nbsp;<\/p>\n<ol start=\"8\">\n<li><strong>Pi\u0105tek \u2013 09.02 (Arsena\u0142) &#8211; <em>Kolorowo <\/em><em>w trudnych czasach \u2013 Armia Polska XVI i XVII wieku w malarstwie<\/em><\/strong><\/li>\n<\/ol>\n<p>Na zaj\u0119ciach poznamy m.in posta\u0107 Zygmunta III Wazy &#8211; kr\u00f3la artysty. Dzi\u0119ki tzw. Rolce sztokholmskiej zobaczymy jak wygl\u0105da\u0142o wojsko w jego czasach. Zaj\u0119cia prowadzone w oparciu o czasow\u0105 wystaw\u0119 Piechota Polska XVI \u2013 XIX wieku. <em>Zaj\u0119cia kierowane do dzieci w wieku od 4 do 12 lat. <strong>Prowadz\u0105cy: Kinga Ko\u0142odziejczyk<\/strong><\/em><br \/>\n&nbsp;<br \/>\n<img loading=\"lazy\" decoding=\"async\" class=\"alignright  wp-image-7502\" src=\"https:\/\/www.labunie.com.pl\/wp-content\/uploads\/2018\/01\/ferie_arsenal_2018-724x1024.jpg\" alt=\"\" width=\"630\" height=\"891\" srcset=\"https:\/\/www.labunie.com.pl\/wp-content\/uploads\/2018\/01\/ferie_arsenal_2018-724x1024.jpg 724w, https:\/\/www.labunie.com.pl\/wp-content\/uploads\/2018\/01\/ferie_arsenal_2018-212x300.jpg 212w, https:\/\/www.labunie.com.pl\/wp-content\/uploads\/2018\/01\/ferie_arsenal_2018-768x1086.jpg 768w, https:\/\/www.labunie.com.pl\/wp-content\/uploads\/2018\/01\/ferie_arsenal_2018.jpg 794w\" sizes=\"auto, (max-width: 630px) 100vw, 630px\" \/><\/p>\n","protected":false},"excerpt":{"rendered":"<p>W tym roku Muzeum Fortyfikacji i Broni Arsena\u0142 zaprasza uczni\u00f3w do Zimowej strefy zabaw z histori\u0105 czyli na spotkania prowadzone od wtorku do pi\u0105tku w wybranych obiektach Muzeum. Mile widziani s\u0105 wszyscy Ci, kt\u00f3rzy chc\u0105 si\u0119 zapozna\u0107 z historycznymi ciekawostkami i tw\u00f3rczo sp\u0119dzi\u0107 wolny czas.<\/p>\n","protected":false},"author":7,"featured_media":7500,"comment_status":"closed","ping_status":"closed","sticky":false,"template":"","format":"standard","meta":{"footnotes":""},"categories":[1],"tags":[],"class_list":["post-7499","post","type-post","status-publish","format-standard","has-post-thumbnail","hentry","category-wpisy","clearfix"],"_links":{"self":[{"href":"https:\/\/www.labunie.com.pl\/index.php?rest_route=\/wp\/v2\/posts\/7499","targetHints":{"allow":["GET"]}}],"collection":[{"href":"https:\/\/www.labunie.com.pl\/index.php?rest_route=\/wp\/v2\/posts"}],"about":[{"href":"https:\/\/www.labunie.com.pl\/index.php?rest_route=\/wp\/v2\/types\/post"}],"author":[{"embeddable":true,"href":"https:\/\/www.labunie.com.pl\/index.php?rest_route=\/wp\/v2\/users\/7"}],"replies":[{"embeddable":true,"href":"https:\/\/www.labunie.com.pl\/index.php?rest_route=%2Fwp%2Fv2%2Fcomments&post=7499"}],"version-history":[{"count":4,"href":"https:\/\/www.labunie.com.pl\/index.php?rest_route=\/wp\/v2\/posts\/7499\/revisions"}],"predecessor-version":[{"id":7505,"href":"https:\/\/www.labunie.com.pl\/index.php?rest_route=\/wp\/v2\/posts\/7499\/revisions\/7505"}],"wp:featuredmedia":[{"embeddable":true,"href":"https:\/\/www.labunie.com.pl\/index.php?rest_route=\/wp\/v2\/media\/7500"}],"wp:attachment":[{"href":"https:\/\/www.labunie.com.pl\/index.php?rest_route=%2Fwp%2Fv2%2Fmedia&parent=7499"}],"wp:term":[{"taxonomy":"category","embeddable":true,"href":"https:\/\/www.labunie.com.pl\/index.php?rest_route=%2Fwp%2Fv2%2Fcategories&post=7499"},{"taxonomy":"post_tag","embeddable":true,"href":"https:\/\/www.labunie.com.pl\/index.php?rest_route=%2Fwp%2Fv2%2Ftags&post=7499"}],"curies":[{"name":"wp","href":"https:\/\/api.w.org\/{rel}","templated":true}]}}