{"id":7368,"date":"2018-01-12T07:00:28","date_gmt":"2018-01-12T06:00:28","guid":{"rendered":"https:\/\/www.labunie.com.pl\/?p=7368"},"modified":"2018-01-30T08:44:42","modified_gmt":"2018-01-30T07:44:42","slug":"harmonogram-zebran-wiejskich-w-2018-r","status":"publish","type":"post","link":"https:\/\/www.labunie.com.pl\/?p=7368","title":{"rendered":"Harmonogram zebra\u0144 wiejskich w 2018 r."},"content":{"rendered":"<p><strong>W\u00f3jt Gminy \u0141abunie informuje, \u017ce w dniach 22 &#8211; 29 stycznia 2018 r. w poszczeg\u00f3lnych miejscowo\u015bciach odbywa\u0107 si\u0119 b\u0119d\u0105 zebrania wiejskie. Terminy zebra\u0144 &#8211; w harmonogramie poni\u017cej.<br \/>\n<\/strong><\/p>\n<p><!--more--><br \/>\n&nbsp;<br \/>\n&nbsp;<br \/>\n&nbsp;<\/p>\n<table class=\"aligncenter\" style=\"border-color: #000000; width: 600px;\" border=\"1\" cellpadding=\"5\">\n<thead>\n<tr style=\"height: 35px; background-color: #02a0dc;\">\n<td style=\"height: 24px; text-align: center;\"><span style=\"color: #ffffff;\"><strong><em>L.p.<\/em><\/strong><\/span><\/td>\n<td style=\"height: 24px; text-align: center;\"><span style=\"color: #ffffff;\"><strong><em>Miejscowo\u015b\u0107<\/em><\/strong><\/span><\/td>\n<td style=\"height: 24px; text-align: center;\"><span style=\"color: #ffffff;\"><strong><em>Data zebrania<\/em><\/strong><\/span><\/td>\n<td style=\"height: 24px; text-align: center;\"><span style=\"color: #ffffff;\"><strong><em>Godzina<br \/>\nzebrania<\/em><\/strong><\/span><\/td>\n<td style=\"height: 24px; text-align: center;\"><span style=\"color: #ffffff;\"><strong><em>Miejsce zebrania<\/em><\/strong><\/span><\/td>\n<\/tr>\n<\/thead>\n<tbody>\n<tr style=\"height: 24px; background-color: #e4f6f7;\">\n<td style=\"height: 24px;\">1.<\/td>\n<td style=\"height: 24px;\">Moc\u00f3wka<\/td>\n<td style=\"height: 24px;\">22 stycznia 2018 r.<\/td>\n<td style=\"height: 24px; text-align: center;\">16:30<\/td>\n<td style=\"height: 24px;\">\u015bwietlica wiejska<\/td>\n<\/tr>\n<tr style=\"height: 24px; background-color: #ccedf0;\">\n<td style=\"height: 24px;\">2.<\/td>\n<td style=\"height: 24px;\">\u0141abu\u0144ki Drugie<\/td>\n<td style=\"height: 24px;\">22 stycznia 2018 r.<\/td>\n<td style=\"height: 24px; text-align: center;\">18:00<\/td>\n<td style=\"height: 24px;\">\u015bwietlica wiejska<\/td>\n<\/tr>\n<tr style=\"height: 24px; background-color: #e4f6f7;\">\n<td style=\"height: 24px;\">3.<\/td>\n<td style=\"height: 24px;\">Majdan Ruszowski<\/td>\n<td style=\"height: 24px;\">23 stycznia 2018 r.<\/td>\n<td style=\"height: 24px; text-align: center;\">16:30<\/td>\n<td style=\"height: 24px;\">remiza OSP<\/td>\n<\/tr>\n<tr style=\"height: 24px; background-color: #ccedf0;\">\n<td style=\"height: 24px;\">4.<\/td>\n<td style=\"height: 24px;\">\u0141abunie-Reforma<\/td>\n<td style=\"height: 24px;\">23 stycznia 2018 r.<\/td>\n<td style=\"height: 24px; text-align: center;\">18:00<\/td>\n<td style=\"height: 24px;\">\u015bwietlica wiejska<\/td>\n<\/tr>\n<tr style=\"height: 24px; background-color: #e4f6f7;\">\n<td style=\"height: 24px;\">5.<\/td>\n<td style=\"height: 24px;\">Wierzbie<\/td>\n<td style=\"height: 24px;\">24 stycznia 2018 r.<\/td>\n<td style=\"height: 24px; text-align: center;\">16:30<\/td>\n<td style=\"height: 24px;\">\u015bwietlica wiejska<\/td>\n<\/tr>\n<tr style=\"height: 24px; background-color: #ccedf0;\">\n<td style=\"height: 24px;\">6.<\/td>\n<td style=\"height: 24px;\">Rusz\u00f3w<\/td>\n<td style=\"height: 48px;\" rowspan=\"2\">24 stycznia 2018 r.<\/td>\n<td style=\"height: 48px; text-align: center;\" rowspan=\"2\">18:00<\/td>\n<td style=\"height: 48px;\" rowspan=\"2\">remiza OSP<\/td>\n<\/tr>\n<tr style=\"height: 24px; background-color: #ccedf0;\">\n<td style=\"height: 24px;\">7.<\/td>\n<td style=\"height: 24px;\">Rusz\u00f3w-Kolonia<\/td>\n<\/tr>\n<tr style=\"height: 24px; background-color: #e4f6f7;\">\n<td style=\"height: 24px;\">8.<\/td>\n<td style=\"height: 24px;\">W\u00f3lka \u0141abu\u0144ska<\/td>\n<td style=\"height: 24px;\">25 stycznia 2018 r.<\/td>\n<td style=\"height: 24px; text-align: center;\">16:30<\/td>\n<td style=\"height: 24px;\">remiza OSP<\/td>\n<\/tr>\n<tr style=\"height: 24px; background-color: #ccedf0;\">\n<td style=\"height: 24px;\">9.<\/td>\n<td style=\"height: 24px;\">\u0141abunie<\/td>\n<td style=\"height: 24px;\">25 stycznia 2018 r.<\/td>\n<td style=\"height: 24px; text-align: center;\">18:00<\/td>\n<td style=\"height: 24px;\">Dom Kultury<\/td>\n<\/tr>\n<tr style=\"height: 24px; background-color: #e4f6f7;\">\n<td style=\"height: 24px;\">10.<\/td>\n<td style=\"height: 24px;\">\u0141abu\u0144ki Pierwsze<\/td>\n<td style=\"height: 24px;\">26 stycznia 2018 r.<\/td>\n<td style=\"height: 24px; text-align: center;\">16:30<\/td>\n<td style=\"height: 24px;\">remiza OSP<\/td>\n<\/tr>\n<tr style=\"height: 24px; background-color: #ccedf0;\">\n<td style=\"height: 24px;\">11.<\/td>\n<td style=\"height: 24px;\">Barchacz\u00f3w<\/td>\n<td style=\"height: 24px;\">26 stycznia 2018 r.<\/td>\n<td style=\"height: 24px; text-align: center;\">18:00<\/td>\n<td style=\"height: 24px;\">remiza OSP<\/td>\n<\/tr>\n<tr style=\"height: 24px; background-color: #e4f6f7;\">\n<td style=\"height: 24px;\">12.<\/td>\n<td style=\"height: 24px;\">Br\u00f3dek<\/td>\n<td style=\"height: 24px;\">29 stycznia 2018 r.<\/td>\n<td style=\"height: 24px; text-align: center;\">16:30<\/td>\n<td style=\"height: 24px;\">remiza OSP<\/td>\n<\/tr>\n<tr style=\"height: 24px; background-color: #ccedf0;\">\n<td style=\"height: 24px;\">13.<\/td>\n<td style=\"height: 24px;\">D\u0105browa<\/td>\n<td style=\"height: 24px;\">29 stycznia 2018 r.<\/td>\n<td style=\"height: 24px; text-align: center;\">18:00<\/td>\n<td style=\"height: 24px;\">\u015bwietlica wiejska<\/td>\n<\/tr>\n<\/tbody>\n<\/table>\n<p>&nbsp;<\/p>\n","protected":false},"excerpt":{"rendered":"<p>W\u00f3jt Gminy \u0141abunie informuje, \u017ce w dniach 22 &#8211; 29 stycznia 2018 r. w poszczeg\u00f3lnych miejscowo\u015bciach odbywa\u0107 si\u0119 b\u0119d\u0105 zebrania wiejskie. Terminy zebra\u0144 &#8211; w harmonogramie poni\u017cej.<\/p>\n","protected":false},"author":7,"featured_media":1476,"comment_status":"closed","ping_status":"closed","sticky":false,"template":"","format":"standard","meta":{"footnotes":""},"categories":[1],"tags":[],"class_list":["post-7368","post","type-post","status-publish","format-standard","has-post-thumbnail","hentry","category-wpisy","clearfix"],"_links":{"self":[{"href":"https:\/\/www.labunie.com.pl\/index.php?rest_route=\/wp\/v2\/posts\/7368","targetHints":{"allow":["GET"]}}],"collection":[{"href":"https:\/\/www.labunie.com.pl\/index.php?rest_route=\/wp\/v2\/posts"}],"about":[{"href":"https:\/\/www.labunie.com.pl\/index.php?rest_route=\/wp\/v2\/types\/post"}],"author":[{"embeddable":true,"href":"https:\/\/www.labunie.com.pl\/index.php?rest_route=\/wp\/v2\/users\/7"}],"replies":[{"embeddable":true,"href":"https:\/\/www.labunie.com.pl\/index.php?rest_route=%2Fwp%2Fv2%2Fcomments&post=7368"}],"version-history":[{"count":5,"href":"https:\/\/www.labunie.com.pl\/index.php?rest_route=\/wp\/v2\/posts\/7368\/revisions"}],"predecessor-version":[{"id":10310,"href":"https:\/\/www.labunie.com.pl\/index.php?rest_route=\/wp\/v2\/posts\/7368\/revisions\/10310"}],"wp:featuredmedia":[{"embeddable":true,"href":"https:\/\/www.labunie.com.pl\/index.php?rest_route=\/wp\/v2\/media\/1476"}],"wp:attachment":[{"href":"https:\/\/www.labunie.com.pl\/index.php?rest_route=%2Fwp%2Fv2%2Fmedia&parent=7368"}],"wp:term":[{"taxonomy":"category","embeddable":true,"href":"https:\/\/www.labunie.com.pl\/index.php?rest_route=%2Fwp%2Fv2%2Fcategories&post=7368"},{"taxonomy":"post_tag","embeddable":true,"href":"https:\/\/www.labunie.com.pl\/index.php?rest_route=%2Fwp%2Fv2%2Ftags&post=7368"}],"curies":[{"name":"wp","href":"https:\/\/api.w.org\/{rel}","templated":true}]}}