{"id":7356,"date":"2018-01-10T10:54:59","date_gmt":"2018-01-10T09:54:59","guid":{"rendered":"https:\/\/www.labunie.com.pl\/?p=7356"},"modified":"2018-01-10T15:00:58","modified_gmt":"2018-01-10T14:00:58","slug":"jesienne-pola-roztocza-nagrodzone","status":"publish","type":"post","link":"https:\/\/www.labunie.com.pl\/?p=7356","title":{"rendered":"\u201eJesienne pola Roztocza\u201d nagrodzone"},"content":{"rendered":"<p><strong>Bogus\u0142aw Pupiec z \u0141abuniek Pierwszych zosta\u0142 laureatem 6. Og\u00f3lnopolskiego Konkursu Fotograficznego \u201eLubelskie. Smakuj \u017cycie\u201d. Jury oceni\u0142o 71 zg\u0142osze\u0144 zawieraj\u0105cych 321 fotografii. W kategorii fotografia artystyczna II miejscem nagrodzono pasjonata fotografii z gminy \u0141abunie za prac\u0119 zatytu\u0142owan\u0105 \u201eJesienne pola Roztocza\u201d.<\/strong><\/p>\n<p><!--more--><br \/>\n&nbsp;<br \/>\n&nbsp;<br \/>\n<div id='pe-gallery-1' class='pe-gallery pe-gallery-7356 columns-2 img-size-medium'><div class='pe-row'><div class='col-md-6'><figure tabindex='0' class='pe-gallery-item ' ><div class='pe-gallery-image landscape'>\n\t\t\t\t\t\t\t<a href=\"https:\/\/www.labunie.com.pl\/wp-content\/uploads\/2018\/01\/bp1.jpg\" data-rel=\"lightbox-gallery-w9BWxJee\" data-rl_title=\"\" data-rl_caption=\"\" title=\"\"><img loading=\"lazy\" decoding=\"async\" width=\"300\" height=\"199\" src=\"https:\/\/www.labunie.com.pl\/wp-content\/uploads\/2018\/01\/bp1-300x199.jpg\" class=\"attachment-medium size-medium\" alt=\"bp1\" data-no-retina=\"\" aria-describedby=\"gallery-1-7358\" srcset=\"https:\/\/www.labunie.com.pl\/wp-content\/uploads\/2018\/01\/bp1-300x199.jpg 300w, https:\/\/www.labunie.com.pl\/wp-content\/uploads\/2018\/01\/bp1-768x510.jpg 768w, https:\/\/www.labunie.com.pl\/wp-content\/uploads\/2018\/01\/bp1.jpg 900w\" sizes=\"auto, (max-width: 300px) 100vw, 300px\" \/><\/a>\n\t\t\t\t\t\t<\/div><figcaption class='wp-caption-text pe-gallery-caption'>\n\t\t\t\t\t\t\t\tbp1\n\t\t\t\t\t\t\t<\/figcaption><\/figure><\/div><div class='col-md-6'><figure tabindex='0' class='pe-gallery-item ' ><div class='pe-gallery-image landscape'>\n\t\t\t\t\t\t\t<a href=\"https:\/\/www.labunie.com.pl\/wp-content\/uploads\/2018\/01\/bp2.jpg\" data-rel=\"lightbox-gallery-w9BWxJee\" data-rl_title=\"\" data-rl_caption=\"\" title=\"\"><img loading=\"lazy\" decoding=\"async\" width=\"300\" height=\"199\" src=\"https:\/\/www.labunie.com.pl\/wp-content\/uploads\/2018\/01\/bp2-300x199.jpg\" class=\"attachment-medium size-medium\" alt=\"bp2\" data-no-retina=\"\" aria-describedby=\"gallery-1-7359\" srcset=\"https:\/\/www.labunie.com.pl\/wp-content\/uploads\/2018\/01\/bp2-300x199.jpg 300w, https:\/\/www.labunie.com.pl\/wp-content\/uploads\/2018\/01\/bp2-768x510.jpg 768w, https:\/\/www.labunie.com.pl\/wp-content\/uploads\/2018\/01\/bp2.jpg 900w\" sizes=\"auto, (max-width: 300px) 100vw, 300px\" \/><\/a>\n\t\t\t\t\t\t<\/div><figcaption class='wp-caption-text pe-gallery-caption'>\n\t\t\t\t\t\t\t\tbp2\n\t\t\t\t\t\t\t<\/figcaption><\/figure><\/div><\/div><\/div>\n<br \/>\nW kategorii fotografia artystyczna wygra\u0142a <strong>Ma\u0142gorzata Piekarska<\/strong> za cykl \u201eKonie z Janowa Podlaskiego\u201d. W fotografii reporta\u017cowej zwyci\u0119\u017cy\u0142<strong> Tadeusz \u017baczek<\/strong> za cykl \u201eLubelskie prawos\u0142awie\u201d. Pierwsz\u0105 nagrod\u0119 w kategorii fotografia dokumentacyjna zdoby\u0142 <strong>Artur Georgiew<\/strong> za zdj\u0119cie fontanny na placu Litewskim w Lublinie.<br \/>\n&nbsp;<br \/>\nWystaw\u0119 zdj\u0119\u0107 mo\u017cna zobaczy\u0107 na parterze lubelskiego urz\u0119du marsza\u0142kowskiego przy ul. Grottgera 4.<br \/>\n&nbsp;<br \/>\n<strong>Bogus\u0142aw Pupiec<\/strong>, rocznik 1972. Krajobraz to dziedzina fotografii, kt\u00f3ra najbardziej go poci\u0105ga. Roztocza\u0144skie pejza\u017ce s\u0105 najcz\u0119stsz\u0105 inspiracj\u0105 jego prac. Jest autorem wystawy FOTOPASJA wystawionej w Galerii B\u0142\u0119kitnej Biblioteki Publicznej Gminy \u0141abunie. Fotografie jego autorstwa zosta\u0142y wykorzystane do druku znaczk\u00f3w pocztowych, by\u0142y publikowane w prasie lokalnej oraz przewodnikach turystycznych. W Zamojskim Towarzystwie Fotograficznym od sierpnia 2017 r.<\/p>\n<p>&nbsp;<\/p>\n<p>&nbsp;<\/p>\n","protected":false},"excerpt":{"rendered":"<p>Bogus\u0142aw Pupiec z \u0141abuniek Pierwszych zosta\u0142 laureatem 6. Og\u00f3lnopolskiego Konkursu Fotograficznego \u201eLubelskie. Smakuj \u017cycie\u201d. Jury oceni\u0142o 71 zg\u0142osze\u0144 zawieraj\u0105cych 321 fotografii. W kategorii fotografia artystyczna II miejscem nagrodzono pasjonata fotografii z gminy \u0141abunie za prac\u0119 zatytu\u0142owan\u0105 \u201eJesienne pola Roztocza\u201d.<\/p>\n","protected":false},"author":7,"featured_media":7357,"comment_status":"closed","ping_status":"closed","sticky":false,"template":"","format":"standard","meta":{"footnotes":""},"categories":[1],"tags":[],"class_list":["post-7356","post","type-post","status-publish","format-standard","has-post-thumbnail","hentry","category-wpisy","clearfix"],"_links":{"self":[{"href":"https:\/\/www.labunie.com.pl\/index.php?rest_route=\/wp\/v2\/posts\/7356","targetHints":{"allow":["GET"]}}],"collection":[{"href":"https:\/\/www.labunie.com.pl\/index.php?rest_route=\/wp\/v2\/posts"}],"about":[{"href":"https:\/\/www.labunie.com.pl\/index.php?rest_route=\/wp\/v2\/types\/post"}],"author":[{"embeddable":true,"href":"https:\/\/www.labunie.com.pl\/index.php?rest_route=\/wp\/v2\/users\/7"}],"replies":[{"embeddable":true,"href":"https:\/\/www.labunie.com.pl\/index.php?rest_route=%2Fwp%2Fv2%2Fcomments&post=7356"}],"version-history":[{"count":3,"href":"https:\/\/www.labunie.com.pl\/index.php?rest_route=\/wp\/v2\/posts\/7356\/revisions"}],"predecessor-version":[{"id":7362,"href":"https:\/\/www.labunie.com.pl\/index.php?rest_route=\/wp\/v2\/posts\/7356\/revisions\/7362"}],"wp:featuredmedia":[{"embeddable":true,"href":"https:\/\/www.labunie.com.pl\/index.php?rest_route=\/wp\/v2\/media\/7357"}],"wp:attachment":[{"href":"https:\/\/www.labunie.com.pl\/index.php?rest_route=%2Fwp%2Fv2%2Fmedia&parent=7356"}],"wp:term":[{"taxonomy":"category","embeddable":true,"href":"https:\/\/www.labunie.com.pl\/index.php?rest_route=%2Fwp%2Fv2%2Fcategories&post=7356"},{"taxonomy":"post_tag","embeddable":true,"href":"https:\/\/www.labunie.com.pl\/index.php?rest_route=%2Fwp%2Fv2%2Ftags&post=7356"}],"curies":[{"name":"wp","href":"https:\/\/api.w.org\/{rel}","templated":true}]}}