{"id":7347,"date":"2018-01-10T11:24:57","date_gmt":"2018-01-10T10:24:57","guid":{"rendered":"https:\/\/www.labunie.com.pl\/?p=7347"},"modified":"2018-01-10T11:24:57","modified_gmt":"2018-01-10T10:24:57","slug":"orszak-trzech-kroli-2018","status":"publish","type":"post","link":"https:\/\/www.labunie.com.pl\/?p=7347","title":{"rendered":"Orszak Trzech Kr\u00f3li 2018"},"content":{"rendered":"<p><strong>6 stycznia 2018 r. w s\u0142oneczny, ciep\u0142y (jak na t\u0119 por\u0119 roku dzie\u0144) ju\u017c po raz trzeci ulicami \u0141abu\u0144 przeszed\u0142 Orszak Trzech Kr\u00f3li. Tegoroczne has\u0142o orszak\u00f3w organizowanych w ca\u0142ej Polsce to \u201eB\u00f3g jest dla wszystkich.\u201d<\/strong><\/p>\n<p><!--more--><br \/>\n&nbsp;<br \/>\n&nbsp;<br \/>\n&nbsp;<br \/>\n&nbsp;<br \/>\nTrzej Kr\u00f3lowie: <strong>KR\u00d3L AZJATYCKI, KR\u00d3L AFRYKA\u0143SKI I KR\u00d3L EUROPEJSKI w towarzystwie swoich ORSZAK\u00d3W <\/strong>&#8211; mieszka\u0144c\u00f3w poszczeg\u00f3lnych so\u0142ectw naszej gminy przybyli do \u015bwi\u0105tyni z trzech stron \u015bwiata, aby uczestniczy\u0107 w ofierze mszy \u015bwi\u0119tej. Po nabo\u017ce\u0144stwie wyruszy\u0142 orszak prowadzony przez Gwiazd\u0119 Betlejemsk\u0105, jak dawniej wskazuj\u0105c\u0105 drog\u0119 Trzem Kr\u00f3lom do stajenki. W barwnym Orszaku szli J\u00f3zef i Maryja poszukuj\u0105cy schronienia, pastuszkowie-kt\u00f3rym drog\u0119 wskaza\u0142 Anio\u0142 Gabriel, zwierz\u0119ta; renifer i osio\u0142ek, doro\u015bli parafianie, m\u0142odzie\u017c i dzieci. Orszak by\u0142 kolorowy, radosny i roz\u015bpiewany. Nie \u0142atwa to by\u0142a droga. Utrudnia\u0142y j\u0105 liczne pokusy. Rozta\u0144czeni i roz\u015bpiewani go\u015bcie w gospodzie pr\u00f3bowali zawr\u00f3ci\u0107 w\u0119drowc\u00f3w z drogi do Betlejem &#8211; oferuj\u0105c dobre jad\u0142o, trunki i weso\u0142\u0105 zabaw\u0119. Kuszony przez diab\u0142a w\u0142a\u015bciciel gospody odm\u00f3wi\u0142 J\u00f3zefowi przyj\u0119cia na nocleg brzemiennej Maryi.<br \/>\n&nbsp;<br \/>\nKr\u00f3l Herod zadufany w swojej w\u0142adzy i mocy, nieoczekiwanie dowiedzia\u0142 si\u0119 o narodzinach Dzieci\u0105tka Jezus. Ta wie\u015b\u0107 wzbudzi\u0142a w nim ogromny strach. W obawie przed zagro\u017ceniem swojej w\u0142adzy, wyda\u0142 rozkaz wymordowania niemowl\u0105t i ma\u0142ych dzieci.<br \/>\n&nbsp;<br \/>\nW drodze do stajenki w\u0119drowcom pomaga\u0142y i dodawa\u0142y otuchy Anio\u0142owie: \u201eB\u00f3g jest dla wszystkich\u201d, \u201eId\u017acie do Boga\u201d, \u201eB\u00f3g ci\u0105gle czeka! &#8211; Czeka na cz\u0142owieka\u201d.<br \/>\n&nbsp;<br \/>\nScen\u0105 fina\u0142ow\u0105 by\u0142a <strong>Stajenka Betlejemska<\/strong>, w kt\u00f3rej znaleziono Bo\u017c\u0105 Dziecin\u0119 z Maryj\u0105 i J\u00f3zefem, a przy stajence zwierz\u0119ta. Trzej Kr\u00f3lowie z\u0142o\u017cyli hojne dary, a przyby\u0142y Orszak nisko pok\u0142oni\u0142 si\u0119 Jezusowi.<br \/>\n&nbsp;<br \/>\nUczestnicy Orszaku zostali zaproszeni do wsp\u00f3lnego kol\u0119dowania i degustacji upieczonych przy ognisku kie\u0142basek.<br \/>\n&nbsp;<br \/>\nOrszak Trzech Kr\u00f3li ma szczeg\u00f3ln\u0105 i pi\u0119kn\u0105 wymow\u0119, jest przedsi\u0119wzi\u0119ciem \u0142\u0105cz\u0105cym i integruj\u0105cym wszystkich mieszka\u0144c\u00f3w naszej gminy. Bior\u0105 w nim udzia\u0142 doro\u015bli, m\u0142odzie\u017c i dzieci. Ludzie r\u00f3\u017cnych zawod\u00f3w i organizacji. Jest okazj\u0105 do odkrycia i pokazania talent\u00f3w aktorskich, muzycznych, umiej\u0119tno\u015bci re\u017cyserskich, scenograficznych i organizacyjnych mieszka\u0144c\u00f3w<strong><em>. Organizacja Orszaku Trzech Kr\u00f3li to kolejny dow\u00f3d integracji ca\u0142ej spo\u0142eczno\u015bci parafii i Gminy \u0141abunie oraz motywacja do podejmowania kolejnych dzia\u0142a\u0144 przez Stowarzyszenie na rzecz Rozwoju Gminy \u0141abunie<\/em><\/strong>.<br \/>\n&nbsp;<\/p>\n<p style=\"text-align: right;\"><em><span style=\"font-size: 8pt;\">Wiceprezes<\/span><\/em><br \/>\n<em><span style=\"font-size: 8pt;\">Stowarzyszenia na Rzecz<br \/>\nRozwoju Gminy \u0141abunie<\/span><\/em><\/p>\n<p>&nbsp;<\/p>\n<p style=\"text-align: right;\"><em><span style=\"font-size: 8pt;\">Halina Piskorz<\/span><\/em><\/p>\n<p>&nbsp;<br \/>\n[lg_folder folder=&#8221;20180106\/&#8221; count=&#8221;69&#8243; paging=&#8221;false&#8221;]<\/p>\n","protected":false},"excerpt":{"rendered":"<p>6 stycznia 2018 r. w s\u0142oneczny, ciep\u0142y (jak na t\u0119 por\u0119 roku dzie\u0144) ju\u017c po raz trzeci ulicami \u0141abu\u0144 przeszed\u0142 Orszak Trzech Kr\u00f3li. Tegoroczne has\u0142o orszak\u00f3w organizowanych w ca\u0142ej Polsce to \u201eB\u00f3g jest dla wszystkich.\u201d<\/p>\n","protected":false},"author":7,"featured_media":7353,"comment_status":"closed","ping_status":"closed","sticky":false,"template":"","format":"standard","meta":{"footnotes":""},"categories":[1],"tags":[],"class_list":["post-7347","post","type-post","status-publish","format-standard","has-post-thumbnail","hentry","category-wpisy","clearfix"],"_links":{"self":[{"href":"https:\/\/www.labunie.com.pl\/index.php?rest_route=\/wp\/v2\/posts\/7347","targetHints":{"allow":["GET"]}}],"collection":[{"href":"https:\/\/www.labunie.com.pl\/index.php?rest_route=\/wp\/v2\/posts"}],"about":[{"href":"https:\/\/www.labunie.com.pl\/index.php?rest_route=\/wp\/v2\/types\/post"}],"author":[{"embeddable":true,"href":"https:\/\/www.labunie.com.pl\/index.php?rest_route=\/wp\/v2\/users\/7"}],"replies":[{"embeddable":true,"href":"https:\/\/www.labunie.com.pl\/index.php?rest_route=%2Fwp%2Fv2%2Fcomments&post=7347"}],"version-history":[{"count":5,"href":"https:\/\/www.labunie.com.pl\/index.php?rest_route=\/wp\/v2\/posts\/7347\/revisions"}],"predecessor-version":[{"id":7355,"href":"https:\/\/www.labunie.com.pl\/index.php?rest_route=\/wp\/v2\/posts\/7347\/revisions\/7355"}],"wp:featuredmedia":[{"embeddable":true,"href":"https:\/\/www.labunie.com.pl\/index.php?rest_route=\/wp\/v2\/media\/7353"}],"wp:attachment":[{"href":"https:\/\/www.labunie.com.pl\/index.php?rest_route=%2Fwp%2Fv2%2Fmedia&parent=7347"}],"wp:term":[{"taxonomy":"category","embeddable":true,"href":"https:\/\/www.labunie.com.pl\/index.php?rest_route=%2Fwp%2Fv2%2Fcategories&post=7347"},{"taxonomy":"post_tag","embeddable":true,"href":"https:\/\/www.labunie.com.pl\/index.php?rest_route=%2Fwp%2Fv2%2Ftags&post=7347"}],"curies":[{"name":"wp","href":"https:\/\/api.w.org\/{rel}","templated":true}]}}