{"id":7124,"date":"2017-12-04T08:17:25","date_gmt":"2017-12-04T07:17:25","guid":{"rendered":"https:\/\/www.labunie.com.pl\/?p=7124"},"modified":"2017-12-04T08:18:29","modified_gmt":"2017-12-04T07:18:29","slug":"otwarcie-drogi-labunki-p-wierzbie","status":"publish","type":"post","link":"https:\/\/www.labunie.com.pl\/?p=7124","title":{"rendered":"Otwarcie drogi \u0141abu\u0144ki Pierwsze &#8211; Wierzbie"},"content":{"rendered":"<p><strong>30 listopada w obecno\u015bci Cz\u0142onka Zarz\u0105du Wojew\u00f3dztwa Lubelskiego Arkadiusza Bratkowskiego, Starosty Zamojskiego Henryka Mateja, pracownik\u00f3w Departamentu PROW Kingi Szafran i Daniela Pydy, W\u00f3jta Gminy \u0141abunie Antoniego Wojciecha Turczyna, wykonawcy inwestycji Waldemara Basaka PRD Zamo\u015b\u0107, kierownika budowy Piotra \u0141ysia, inspektora nadzoru Janusza Senia, dyrektor SP \u0141abu\u0144ki Pierwsze Doroty Turczyn, radnych, so\u0142tys\u00f3w, przedstawicieli rad so\u0142eckich, cz\u0142onki\u0144 KGW, pracownik\u00f3w Urz\u0119du Gminy w \u0141abuniach, mieszka\u0144c\u00f3w i zaproszonych go\u015bci uroczy\u015bcie przekazano do u\u017cytku drog\u0119 gminn\u0105 \u0141abu\u0144ki Pierwsze \u2013 Wierzbie dofinansowan\u0105 ze \u015brodk\u00f3w UE w ramach PROW 2014-2020.<\/strong><\/p>\n<p><!--more--><\/p>\n<p>Po\u015bwi\u0119cenia drogi dokona\u0142 <strong>ks. Piotr Rawlik<\/strong>, proboszcz parafii \u0141abunie. Domowe ciasto przygotowa\u0142y panie z KGW \u0141abu\u0144ki Pierwsze i Wierzbia. Uczniowie Szko\u0142y Podstawowej w \u0141abu\u0144kach wraz z nauczycielem <strong>Zbigniewem Momotem<\/strong> pokonali dystans 200 m po nowej nawierzchni. Ca\u0142kowita warto\u015b\u0107 inwestycji 870.961,76 \u2013 dofinansowanie ze \u015brodk\u00f3w UE 554.192,00.<br \/>\n&nbsp;<br \/>\n[lg_folder folder=&#8221;20171130\/&#8221; count=&#8221;14&#8243; paging=&#8221;false&#8221;]<\/p>\n<p style=\"text-align: center;\"><em><strong>Historia drogi z przem\u00f3wienia W\u00f3jta Gminy \u0141abunie<\/strong><\/em><\/p>\n<p>Pierwsze kroki zwi\u0105zane z budow\u0105 odcinka drogi \u0141abu\u0144ki Pierwsze-Wierzbie poczynione zosta\u0142y w 1999 r., kiedy wykonano mapy do cel\u00f3w projektowych. Nast\u0119pnie w 2001 r. przeprowadzono badania geologiczne w celu ustalenia rodzaju i no\u015bno\u015bci pod\u0142o\u017ca. Jesieni\u0105 2001 r. odtworzono pas drogowy, wykonano rowy odwadniaj\u0105ce oraz warstw\u0119 ods\u0105czaj\u0105c\u0105 z piasku na odcinku, gdzie znajdowa\u0142y si\u0119 du\u017ce pok\u0142ady torfu. Odcinek drogi by\u0142 ju\u017c przejezdny przez ca\u0142y rok, chocia\u017c jego stan nie spe\u0142nia\u0142 oczekiwa\u0144 u\u017cytkownik\u00f3w. Wiosn\u0105 2002 r. drog\u0119 na odcinku 2 km utwardzono kamieniem. Przez nast\u0119pne lata utrzymywano przejezdno\u015b\u0107 drogi przez dora\u017ane wyr\u00f3wnywanie materia\u0142em kamiennym i profilowanie r\u00f3wniark\u0105. W 2007 r. opracowano koncepcj\u0119 modernizacji drogi oraz operat wodno-prawny w zwi\u0105zku z zamiarem przebudowy przepustu na rzece \u0141abu\u0144ka. Po utworzeniu obszaru Natura 2000, obowi\u0105zuj\u0105ce przepisy wymusi\u0142y opracowanie operatu oddzia\u0142ywania na \u015brodowisko, co zaj\u0119\u0142o niemal ca\u0142y rok. W celu pozyskania \u015brodk\u00f3w finansowych gmina stara\u0142a si\u0119 o dofinansowanie 4 mln z\u0142 z Regionalnego Programu Operacyjnego. Wniosek co prawda zosta\u0142 oceniony pozytywnie, ale zabrak\u0142o punkt\u00f3w, aby znale\u017a\u0107 si\u0119 na czele listy rankingowej. Trafili\u015bmy na list\u0119 rezerwow\u0105. Maj\u0105c nadziej\u0119, \u017ce by\u0107 mo\u017ce dopisze szcz\u0119\u015bcie, w 2009 r. opracowano projekt budowlany na przebudow\u0119 odcinka drogi z przebudow\u0105 przepust\u00f3w. W zwi\u0105zku z og\u0142oszeniem przez Wojewod\u0119 Lubelskiego naboru wniosk\u00f3w w ramach Narodowego Programu Przebudowy Dr\u00f3g Lokalnych gmina w 2009 r. ubiega\u0142a si\u0119 o dofinansowanie. Wniosek zosta\u0142 rozpatrzony pozytywnie, ale ilo\u015b\u0107 uzyskanych punkt\u00f3w pozwoli\u0142a na zaj\u0119cie miejsca w drugiej po\u0142owie listy rankingowej. W 2010 r. gmina podj\u0119\u0142a pr\u00f3by samodzielnej realizacji odcinka drogi w ma\u0142ych, corocznych etapach. Na pocz\u0105tku mia\u0142 by\u0107 wykonany odcinek od krajowej siedemnastki do rzeki \u0141abu\u0144ka o d\u0142ugo\u015bci 385 m. Dwukrotne og\u0142oszenie przetargu w celu wy\u0142onienia wykonawcy nie przynios\u0142o rozstrzygni\u0119cia ze wzgl\u0119du na brak z\u0142o\u017conych ofert a pr\u00f3ba wy\u0142onienia wykonawcy w trybie z tak zwanej \u201ewolnej r\u0119ki\u201d nie przynios\u0142a rozstrzygni\u0119cia z uwagi na wysok\u0105 cen\u0119 wykonania zam\u00f3wienia. Nast\u0119pne lata to coroczne i do\u015b\u0107 kosztowne bie\u017c\u0105ce utrzymanie poprzez usuwanie ubytk\u00f3w w drodze. W 2015 r. ponowiono pr\u00f3b\u0119 przebudowy odcinka drogi. Opracowano projekt budowlany oraz z\u0142o\u017cono wniosek o dofinansowanie w ramach Programu Rozwoju Obszar\u00f3w Wiejskich. Wojew\u00f3dztwa Lubelskiego. Koszty wykonania robot ograniczono do minimum, ale i tak by\u0142y wysokie, bo wynios\u0142y ponad 1,7 mln z\u0142. Wniosek zosta\u0142 rozpatrzony pozytywnie. Gmina uzyska\u0142a dofinansowanie. Po podpisaniu umowy z Zarz\u0105dem Wojew\u00f3dztwa Lubelskiego przeprowadzono post\u0119powanie przetargowe, kt\u00f3re wy\u0142oni\u0142o wykonawc\u0119 inwestycji \u2013 Przedsi\u0119biorstwo Rob\u00f3t Drogowych w Zamo\u015bciu. Prace by\u0142y wykonywane w czasie okresu ochronnego ptak\u00f3w l\u0119gowych, co nieco wyd\u0142u\u017cy\u0142o czas realizacji, ale uzyskany efekt zrekompensowa\u0142 t\u0119 niedogodno\u015b\u0107. Zrealizowana inwestycja znacznie poprawi\u0142a sie\u0107 komunikacyjn\u0105 na terenie gminy. Po\u0142\u0105czenie drogi powiatowej nr 3257L z drog\u0105 krajow\u0105 nr 17 poprawi\u0142o dost\u0119p do komunikacji publicznej mieszka\u0144com Wierzbia, a co najwa\u017cniejsze \u2013 skr\u00f3ci\u0142o czas przejazdu i warunki dowozu uczni\u00f3w z Wierzbia i Pni\u00f3wka do Szko\u0142y Podstawowej w \u0141abu\u0144kach Pierwszych. Przy drodze powsta\u0142 ju\u017c pierwszy warsztat daj\u0105c nowe miejsca pracy.<\/p>\n","protected":false},"excerpt":{"rendered":"<p>30 listopada w obecno\u015bci Cz\u0142onka Zarz\u0105du Wojew\u00f3dztwa Lubelskiego Arkadiusza Bratkowskiego, Starosty Zamojskiego Henryka Mateja, pracownik\u00f3w Departamentu PROW Kingi Szafran i Daniela Pydy, W\u00f3jta Gminy \u0141abunie Antoniego Wojciecha Turczyna, wykonawcy inwestycji Waldemara Basaka PRD Zamo\u015b\u0107, kierownika budowy Piotra \u0141ysia, inspektora nadzoru Janusza Senia, dyrektor SP \u0141abu\u0144ki Pierwsze Doroty Turczyn, radnych, so\u0142tys\u00f3w, przedstawicieli rad so\u0142eckich, cz\u0142onki\u0144 KGW, [&hellip;]<\/p>\n","protected":false},"author":7,"featured_media":7125,"comment_status":"closed","ping_status":"closed","sticky":false,"template":"","format":"standard","meta":{"footnotes":""},"categories":[1],"tags":[],"class_list":["post-7124","post","type-post","status-publish","format-standard","has-post-thumbnail","hentry","category-wpisy","clearfix"],"_links":{"self":[{"href":"https:\/\/www.labunie.com.pl\/index.php?rest_route=\/wp\/v2\/posts\/7124","targetHints":{"allow":["GET"]}}],"collection":[{"href":"https:\/\/www.labunie.com.pl\/index.php?rest_route=\/wp\/v2\/posts"}],"about":[{"href":"https:\/\/www.labunie.com.pl\/index.php?rest_route=\/wp\/v2\/types\/post"}],"author":[{"embeddable":true,"href":"https:\/\/www.labunie.com.pl\/index.php?rest_route=\/wp\/v2\/users\/7"}],"replies":[{"embeddable":true,"href":"https:\/\/www.labunie.com.pl\/index.php?rest_route=%2Fwp%2Fv2%2Fcomments&post=7124"}],"version-history":[{"count":5,"href":"https:\/\/www.labunie.com.pl\/index.php?rest_route=\/wp\/v2\/posts\/7124\/revisions"}],"predecessor-version":[{"id":7131,"href":"https:\/\/www.labunie.com.pl\/index.php?rest_route=\/wp\/v2\/posts\/7124\/revisions\/7131"}],"wp:featuredmedia":[{"embeddable":true,"href":"https:\/\/www.labunie.com.pl\/index.php?rest_route=\/wp\/v2\/media\/7125"}],"wp:attachment":[{"href":"https:\/\/www.labunie.com.pl\/index.php?rest_route=%2Fwp%2Fv2%2Fmedia&parent=7124"}],"wp:term":[{"taxonomy":"category","embeddable":true,"href":"https:\/\/www.labunie.com.pl\/index.php?rest_route=%2Fwp%2Fv2%2Fcategories&post=7124"},{"taxonomy":"post_tag","embeddable":true,"href":"https:\/\/www.labunie.com.pl\/index.php?rest_route=%2Fwp%2Fv2%2Ftags&post=7124"}],"curies":[{"name":"wp","href":"https:\/\/api.w.org\/{rel}","templated":true}]}}