{"id":6954,"date":"2017-11-02T13:20:58","date_gmt":"2017-11-02T12:20:58","guid":{"rendered":"https:\/\/www.labunie.com.pl\/?p=6954"},"modified":"2017-11-02T13:20:58","modified_gmt":"2017-11-02T12:20:58","slug":"europejski-tydzien-innowacji","status":"publish","type":"post","link":"https:\/\/www.labunie.com.pl\/?p=6954","title":{"rendered":"Europejski Tydzie\u0144 Innowacji"},"content":{"rendered":"<p><strong>Urz\u0105d Marsza\u0142kowski Wojew\u00f3dztwa Lubelskiego w dniach od 6 do 10 listopada organizuje Europejski Tydzie\u0144 Innowacji. Europejski Tydzie\u0144 Innowacji to 5 dni dyskusji, ponad 400 firm z UE, \u015bwiatowej s\u0142awy eksperci, 2 konkursy dla firm w tym konkurs dla startup\u00f3w i wiele wydarze\u0144 towarzysz\u0105cych. <\/strong><br \/>\n<!--more--><\/p>\n<p><strong>W trakcie ETI uczestnicy b\u0119d\u0105 rozmawia\u0107 o najwa\u017cniejszych kwestiach gospodarczych i spo\u0142ecznych w ramach inteligentnych specjalizacji w kilku blokach tematycznych: Bio-Energo, Forum Cyfryzacji, Innowacje w medycynie czy Gie\u0142da Startup.<\/strong><\/p>\n<p>Po wi\u0119cej informacji zapraszamy na <strong><a href=\"http:\/\/Po wi\u0119cej informacji zapraszamy na www.etilubelskie.pl\/\">www.etilubelskie.pl <\/a><\/strong><br \/>\n&nbsp;<br \/>\nW ramach ETI 2017 w dniach 7 i 8 listopada <strong>Stowarzyszenie Europejskie Centrum Integracji i Wsp\u00f3\u0142pracy<\/strong> <strong>Samorz\u0105dowej &#8220;Dom Europy&#8221;<\/strong> organizuje <strong>Debat\u0119 Miast i Region\u00f3w Partnerskich Wojew\u00f3dztwa Lubelskiego <\/strong>oraz <strong>II Forum Cyfryzacji Wojew\u00f3dztwa Lubelskiego. <\/strong><br \/>\n&nbsp;<br \/>\nZa\u0142o\u017ceniem <strong>Debaty<\/strong> <strong>Miast i Region\u00f3w Partnerskich Wojew\u00f3dztwa Lubelskiego<\/strong> jest wzmacnianie i promocja wsp\u00f3\u0142pracy mi\u0119dzynarodowej mi\u0119dzy miastami i regionami partnerskimi wojew\u00f3dztwa lubelskiego oraz innymi podmiotami zaanga\u017cowanymi we wdra\u017canie innowacyjnych rozwi\u0105za\u0144. G\u0142\u00f3wnymi tematami poruszanymi podczas Debaty b\u0119d\u0105 nast\u0119puj\u0105ce zagadnienia: Sieciowanie wsp\u00f3\u0142pracy \u2013 inteligentne specjalizacje region\u00f3w oraz Wsp\u00f3\u0142praca nauki i biznesu \u2013 dobre praktyki. Wi\u0119cej informacji na<strong> <em><a href=\"http:\/\/domeuropy.lubelskie.pl\">domeuropy.lubelskie.pl<\/a><\/em><\/strong><br \/>\n&nbsp;<br \/>\nNa <strong>II Forum<\/strong> <strong>Cyfryzacji Wojew\u00f3dztwa Lubelskiego<\/strong> zostan\u0105 om\u00f3wione nast\u0119puj\u0105ce tematy: cyberbezpiecze\u0144stwo i e-administracja, wykorzystanie infrastruktury w PO Polska Cyfrowa, budowanie przewagi konkurencyjnej poprzez systemy IT i przemys\u0142 4.0, finansowanie rozwi\u0105za\u0144 IT i innowacji, inwestycje w sieci szerokopasmowe oraz rozw\u00f3j medi\u00f3w cyfrowych. Wyk\u0142ad inauguracyjny na temat perspektyw rozwoju cyfryzacji wyg\u0142osi Piotr Pietrzak \u2013 G\u0142\u00f3wny Technolog IBM Poland. Wi\u0119cej informacji na<strong> <em><a href=\"http:\/\/forumcyfryzacji.pl\">forumcyfryzacji.pl<\/a><\/em><\/strong><br \/>\n&nbsp;<br \/>\nUdzia\u0142 w Europejskim Tygodniu Innowacji umo\u017cliwi wymian\u0119 wiedzy i do\u015bwiadcze\u0144 pomi\u0119dzy przedsi\u0119biorcami, samorz\u0105dami, partnerami zagranicznymi i ekspertami z region\u00f3w partnerskich wojew\u00f3dztwa lubelskiego w zakresie inteligentnych specjalizacji oraz b\u0119dzie okazj\u0105 do nawi\u0105zania nowych kontakt\u00f3w i budowania relacji spo\u0142eczno-gospodarczych.<br \/>\n&nbsp;<br \/>\n<iframe loading=\"lazy\" src=\"https:\/\/www.youtube.com\/embed\/848x7sKtqZQ\" width=\"630\" height=\"315\" frameborder=\"0\" allowfullscreen=\"allowfullscreen\"><\/iframe><br \/>\n&nbsp;<br \/>\nETI2017 odb\u0119dzie si\u0119 w Lubelskim Centrum Konferencyjnym w Lublinie.<br \/>\nWst\u0119p na wszystkie wydarzenia jest BEZP\u0141ATNY, wymagana jest jedynie rejestracja na stronie <strong><a href=\"http:\/\/etilubelskie.pl\/rejestracja\">http:\/\/etilubelskie.pl\/rejestracja<\/a><\/strong><br \/>\n&nbsp;<br \/>\n<div id='pe-gallery-1' class='pe-gallery pe-gallery-6954 columns-3 img-size-medium'><div class='pe-row'><div class='col-md-4'><figure tabindex='0' class='pe-gallery-item ' ><div class='pe-gallery-image landscape'>\n\t\t\t\t\t\t\t<a href=\"https:\/\/www.labunie.com.pl\/wp-content\/uploads\/2017\/11\/ETI2017-1.jpg\" data-rel=\"lightbox-gallery-0jsDu3wl\" data-rl_title=\"\" data-rl_caption=\"\" title=\"\"><img loading=\"lazy\" decoding=\"async\" width=\"300\" height=\"169\" src=\"https:\/\/www.labunie.com.pl\/wp-content\/uploads\/2017\/11\/ETI2017-1-300x169.jpg\" class=\"attachment-medium size-medium\" alt=\"ETI2017 1\" data-no-retina=\"\" aria-describedby=\"gallery-1-6956\" srcset=\"https:\/\/www.labunie.com.pl\/wp-content\/uploads\/2017\/11\/ETI2017-1-300x169.jpg 300w, https:\/\/www.labunie.com.pl\/wp-content\/uploads\/2017\/11\/ETI2017-1-768x432.jpg 768w, https:\/\/www.labunie.com.pl\/wp-content\/uploads\/2017\/11\/ETI2017-1.jpg 960w\" sizes=\"auto, (max-width: 300px) 100vw, 300px\" \/><\/a>\n\t\t\t\t\t\t<\/div><figcaption class='wp-caption-text pe-gallery-caption'>\n\t\t\t\t\t\t\t\tETI2017 1\n\t\t\t\t\t\t\t<\/figcaption><\/figure><\/div><div class='col-md-4'><figure tabindex='0' class='pe-gallery-item ' ><div class='pe-gallery-image landscape'>\n\t\t\t\t\t\t\t<a href=\"https:\/\/www.labunie.com.pl\/wp-content\/uploads\/2017\/11\/promo_debataforum.png\" data-rel=\"lightbox-gallery-0jsDu3wl\" data-rl_title=\"\" data-rl_caption=\"\" title=\"\"><img loading=\"lazy\" decoding=\"async\" width=\"300\" height=\"240\" src=\"https:\/\/www.labunie.com.pl\/wp-content\/uploads\/2017\/11\/promo_debataforum-300x240.png\" class=\"attachment-medium size-medium\" alt=\"promo debataforum\" data-no-retina=\"\" aria-describedby=\"gallery-1-6957\" srcset=\"https:\/\/www.labunie.com.pl\/wp-content\/uploads\/2017\/11\/promo_debataforum-300x240.png 300w, https:\/\/www.labunie.com.pl\/wp-content\/uploads\/2017\/11\/promo_debataforum-768x614.png 768w, https:\/\/www.labunie.com.pl\/wp-content\/uploads\/2017\/11\/promo_debataforum-1024x819.png 1024w, https:\/\/www.labunie.com.pl\/wp-content\/uploads\/2017\/11\/promo_debataforum.png 1280w\" sizes=\"auto, (max-width: 300px) 100vw, 300px\" \/><\/a>\n\t\t\t\t\t\t<\/div><figcaption class='wp-caption-text pe-gallery-caption'>\n\t\t\t\t\t\t\t\tpromo debataforum\n\t\t\t\t\t\t\t<\/figcaption><\/figure><\/div><\/div><\/div>\n<\/p>\n","protected":false},"excerpt":{"rendered":"<p>Urz\u0105d Marsza\u0142kowski Wojew\u00f3dztwa Lubelskiego w dniach od 6 do 10 listopada organizuje Europejski Tydzie\u0144 Innowacji. Europejski Tydzie\u0144 Innowacji to 5 dni dyskusji, ponad 400 firm z UE, \u015bwiatowej s\u0142awy eksperci, 2 konkursy dla firm w tym konkurs dla startup\u00f3w i wiele wydarze\u0144 towarzysz\u0105cych.<\/p>\n","protected":false},"author":7,"featured_media":6959,"comment_status":"closed","ping_status":"closed","sticky":false,"template":"","format":"standard","meta":{"footnotes":""},"categories":[1],"tags":[],"class_list":["post-6954","post","type-post","status-publish","format-standard","has-post-thumbnail","hentry","category-wpisy","clearfix"],"_links":{"self":[{"href":"https:\/\/www.labunie.com.pl\/index.php?rest_route=\/wp\/v2\/posts\/6954","targetHints":{"allow":["GET"]}}],"collection":[{"href":"https:\/\/www.labunie.com.pl\/index.php?rest_route=\/wp\/v2\/posts"}],"about":[{"href":"https:\/\/www.labunie.com.pl\/index.php?rest_route=\/wp\/v2\/types\/post"}],"author":[{"embeddable":true,"href":"https:\/\/www.labunie.com.pl\/index.php?rest_route=\/wp\/v2\/users\/7"}],"replies":[{"embeddable":true,"href":"https:\/\/www.labunie.com.pl\/index.php?rest_route=%2Fwp%2Fv2%2Fcomments&post=6954"}],"version-history":[{"count":5,"href":"https:\/\/www.labunie.com.pl\/index.php?rest_route=\/wp\/v2\/posts\/6954\/revisions"}],"predecessor-version":[{"id":6963,"href":"https:\/\/www.labunie.com.pl\/index.php?rest_route=\/wp\/v2\/posts\/6954\/revisions\/6963"}],"wp:featuredmedia":[{"embeddable":true,"href":"https:\/\/www.labunie.com.pl\/index.php?rest_route=\/wp\/v2\/media\/6959"}],"wp:attachment":[{"href":"https:\/\/www.labunie.com.pl\/index.php?rest_route=%2Fwp%2Fv2%2Fmedia&parent=6954"}],"wp:term":[{"taxonomy":"category","embeddable":true,"href":"https:\/\/www.labunie.com.pl\/index.php?rest_route=%2Fwp%2Fv2%2Fcategories&post=6954"},{"taxonomy":"post_tag","embeddable":true,"href":"https:\/\/www.labunie.com.pl\/index.php?rest_route=%2Fwp%2Fv2%2Ftags&post=6954"}],"curies":[{"name":"wp","href":"https:\/\/api.w.org\/{rel}","templated":true}]}}