{"id":6672,"date":"2017-09-20T15:21:44","date_gmt":"2017-09-20T13:21:44","guid":{"rendered":"https:\/\/www.labunie.com.pl\/?p=6672"},"modified":"2017-09-20T15:22:04","modified_gmt":"2017-09-20T13:22:04","slug":"6672","status":"publish","type":"post","link":"https:\/\/www.labunie.com.pl\/?p=6672","title":{"rendered":"Jak nie MY, to kto? Stop Wykluczeniu!"},"content":{"rendered":"<p><strong>Firma TERRA Szkolenia i Doradztwo Przemys\u0142aw Omieczy\u0144ski zaprasza do udzia\u0142u w projekcie \u201eJak nie MY, to kto? Stop Wykluczeniu!\u201d realizowanego w ramach Regionalnego Programu Operacyjnego Wojew\u00f3dztwa Lubelskiego na lata 2014-2020. Projekt wsp\u00f3\u0142finansowany jest przez Uni\u0119 Europejsk\u0105 w ramach Europejskiego Funduszu Spo\u0142ecznego.<\/strong><\/p>\n<p><!--more--><\/p>\n<p><img loading=\"lazy\" decoding=\"async\" class=\" aligncenter\" src=\"http:\/\/projektyterra.pl\/wp-content\/uploads\/2017\/14\/gora_dobry.jpg\" width=\"626\" height=\"94\" \/><\/p>\n<p>Celem projektu jest zwi\u0119kszenie aktywno\u015bci spo\u0142ecznej i zawodowej w\u015br\u00f3d 48 os\u00f3b (min. 24 kobiet i 24 m\u0119\u017cczyzn) legitymuj\u0105cych si\u0119 orzeczeniem o stopniu niepe\u0142nosprawno\u015bci (w tym z zaburzeniami psychicznymi) spe\u0142niaj\u0105ce \u0142\u0105cznie nast\u0119puj\u0105ce warunki:<\/p>\n<ul>\n<li>z obszaru wojew\u00f3dztwa lubelskiego, tj. powiat\u00f3w: che\u0142mski, bi\u0142gorajski, \u0142\u0119czy\u0144ski, zamojski, miasto Che\u0142m, miasto Zamo\u015b\u0107,<\/li>\n<li>w wieku 18-67 lat,<\/li>\n<li>wykluczonych (w tym dotkni\u0119tych ub\u00f3stwem) lub zagro\u017conych ub\u00f3stwem lub wykluczeniem spo\u0142ecznym,<\/li>\n<li>osoby pozostaj\u0105ce bez zatrudnienia (bierne zawodowo lub bezrobotne) oraz\/lub korzystaj\u0105ce z Programu Operacyjnego Pomoc \u017bywno\u015bciowa 2014-2020.<\/li>\n<p>&nbsp;\n<\/ul>\n<p><span style=\"text-decoration: underline;\">Oferujemy:<\/span><\/p>\n<ul>\n<li>\u015aCIE\u017bK\u0118 BEZP\u0141ATNYCH SZKOLE\u0143\n<ul>\n<li>Spotkania z doradc\u0105 zawodowym, po\u015brednikiem pracy<\/li>\n<li>Szkolenia zawodowe ko\u0144cz\u0105ce si\u0119 egzaminem i uzyskaniem certyfikatu ECCC lub r\u00f3wnowa\u017cnego (szkolenia do wyboru przez Uczestnika Projektu: E-Marketing, Obs\u0142uga turystyki, Bazy danych)<br \/>\nWarsztaty kompetencji spo\u0142ecznych<\/li>\n<li>Poradnictwo psychologiczne<\/li>\n<\/ul>\n<\/li>\n<li>P\u0141ATNE STA\u017bE ZAWODOWE<\/li>\n<\/ul>\n<p>&nbsp;<\/p>\n<p><span style=\"text-decoration: underline;\">Zapewniamy:<\/span><\/p>\n<ul>\n<li>stypendium szkoleniowe oraz sta\u017cowe<\/li>\n<li>zwrot koszt\u00f3w dojazdu na ka\u017cd\u0105 form\u0119 wsparcia w tym tak\u017ce sta\u017ce,<\/li>\n<li>catering<\/li>\n<li>materia\u0142y szkoleniowe dostosowane do potrzeb os\u00f3b niepe\u0142nosprawnych,<\/li>\n<li>Za\u015bwiadczenie o uko\u0144czeniu szkolenia<\/li>\n<li>certyfikat ECCC r\u00f3wnowa\u017cny dla os\u00f3b, kt\u00f3re pozytywnie zdadz\u0105 egzamin ko\u0144cowy<\/li>\n<li>ubezpieczenie NNW i badania lekarskie przed rozpocz\u0119ciem sta\u017cu<\/li>\n<\/ul>\n<p>Wysoko\u015b\u0107 wk\u0142adu Unii Europejskiej w projekcie wynosi: 830 280,17 PLN<br \/>\n&nbsp;<br \/>\nZAPRASZAMY DO KONTAKTU<\/p>\n<p style=\"padding-left: 30px;\">Biuro Projektu ul. Skromna 5, 20-704 Lublin<br \/>\nTel. 699-670-251 e-mail: jakniemytokto-stopwykluczeniu@terra-szkolenia.pl<br \/>\nstrona internetowa:<a href=\"http:\/\/projektyterra.pl\/jak-nie-my-to-kto-stop-wykluczeniu\/\"> projektyterra.pl\/jak-nie-my-to-kto-stop-wykluczeniu<\/a><\/p>\n<p><img loading=\"lazy\" decoding=\"async\" class=\" aligncenter\" src=\"http:\/\/projektyterra.pl\/wp-content\/uploads\/2017\/14\/dol.jpg\" width=\"600\" height=\"92\" \/><\/p>\n<div id='pe-gallery-1' class='pe-gallery pe-gallery-6672 columns-3 img-size-medium'><div class='pe-row'><div class='col-md-4'><figure tabindex='0' class='pe-gallery-item ' ><div class='pe-gallery-image portrait'>\n\t\t\t\t\t\t\t<a href=\"https:\/\/www.labunie.com.pl\/wp-content\/uploads\/2017\/09\/jak_nie_my_to_kto_stop_wykluczeniu.jpg\" data-rel=\"lightbox-gallery-BedFtfWq\" data-rl_title=\"\" data-rl_caption=\"\" title=\"\"><img loading=\"lazy\" decoding=\"async\" width=\"212\" height=\"300\" src=\"https:\/\/www.labunie.com.pl\/wp-content\/uploads\/2017\/09\/jak_nie_my_to_kto_stop_wykluczeniu-212x300.jpg\" class=\"attachment-medium size-medium\" alt=\"jak nie my to kto stop wykluczeniu\" data-no-retina=\"\" aria-describedby=\"gallery-1-6675\" srcset=\"https:\/\/www.labunie.com.pl\/wp-content\/uploads\/2017\/09\/jak_nie_my_to_kto_stop_wykluczeniu-212x300.jpg 212w, https:\/\/www.labunie.com.pl\/wp-content\/uploads\/2017\/09\/jak_nie_my_to_kto_stop_wykluczeniu-768x1086.jpg 768w, https:\/\/www.labunie.com.pl\/wp-content\/uploads\/2017\/09\/jak_nie_my_to_kto_stop_wykluczeniu-724x1024.jpg 724w, https:\/\/www.labunie.com.pl\/wp-content\/uploads\/2017\/09\/jak_nie_my_to_kto_stop_wykluczeniu.jpg 1500w\" sizes=\"auto, (max-width: 212px) 100vw, 212px\" \/><\/a>\n\t\t\t\t\t\t<\/div><figcaption class='wp-caption-text pe-gallery-caption'>\n\t\t\t\t\t\t\t\tjak nie my to kto stop wykluczeniu\n\t\t\t\t\t\t\t<\/figcaption><\/figure><\/div><\/div><\/div>\n\n","protected":false},"excerpt":{"rendered":"<p>Firma TERRA Szkolenia i Doradztwo Przemys\u0142aw Omieczy\u0144ski zaprasza do udzia\u0142u w projekcie \u201eJak nie MY, to kto? Stop Wykluczeniu!\u201d realizowanego w ramach Regionalnego Programu Operacyjnego Wojew\u00f3dztwa Lubelskiego na lata 2014-2020. Projekt wsp\u00f3\u0142finansowany jest przez Uni\u0119 Europejsk\u0105 w ramach Europejskiego Funduszu Spo\u0142ecznego.<\/p>\n","protected":false},"author":7,"featured_media":6673,"comment_status":"closed","ping_status":"closed","sticky":false,"template":"","format":"standard","meta":{"footnotes":""},"categories":[1],"tags":[],"class_list":["post-6672","post","type-post","status-publish","format-standard","has-post-thumbnail","hentry","category-wpisy","clearfix"],"_links":{"self":[{"href":"https:\/\/www.labunie.com.pl\/index.php?rest_route=\/wp\/v2\/posts\/6672","targetHints":{"allow":["GET"]}}],"collection":[{"href":"https:\/\/www.labunie.com.pl\/index.php?rest_route=\/wp\/v2\/posts"}],"about":[{"href":"https:\/\/www.labunie.com.pl\/index.php?rest_route=\/wp\/v2\/types\/post"}],"author":[{"embeddable":true,"href":"https:\/\/www.labunie.com.pl\/index.php?rest_route=\/wp\/v2\/users\/7"}],"replies":[{"embeddable":true,"href":"https:\/\/www.labunie.com.pl\/index.php?rest_route=%2Fwp%2Fv2%2Fcomments&post=6672"}],"version-history":[{"count":5,"href":"https:\/\/www.labunie.com.pl\/index.php?rest_route=\/wp\/v2\/posts\/6672\/revisions"}],"predecessor-version":[{"id":6679,"href":"https:\/\/www.labunie.com.pl\/index.php?rest_route=\/wp\/v2\/posts\/6672\/revisions\/6679"}],"wp:featuredmedia":[{"embeddable":true,"href":"https:\/\/www.labunie.com.pl\/index.php?rest_route=\/wp\/v2\/media\/6673"}],"wp:attachment":[{"href":"https:\/\/www.labunie.com.pl\/index.php?rest_route=%2Fwp%2Fv2%2Fmedia&parent=6672"}],"wp:term":[{"taxonomy":"category","embeddable":true,"href":"https:\/\/www.labunie.com.pl\/index.php?rest_route=%2Fwp%2Fv2%2Fcategories&post=6672"},{"taxonomy":"post_tag","embeddable":true,"href":"https:\/\/www.labunie.com.pl\/index.php?rest_route=%2Fwp%2Fv2%2Ftags&post=6672"}],"curies":[{"name":"wp","href":"https:\/\/api.w.org\/{rel}","templated":true}]}}