{"id":6643,"date":"2017-09-18T14:53:53","date_gmt":"2017-09-18T12:53:53","guid":{"rendered":"https:\/\/www.labunie.com.pl\/?p=6643"},"modified":"2017-09-18T14:53:53","modified_gmt":"2017-09-18T12:53:53","slug":"spotkania-ze-starowieyskim","status":"publish","type":"post","link":"https:\/\/www.labunie.com.pl\/?p=6643","title":{"rendered":"Spotkania ze Starowieyskim"},"content":{"rendered":"<p><strong>Sobota w \u0141abuniach by\u0142a po\u015bwi\u0119cona pami\u0119ci o b\u0142. Stanis\u0142awie Starowieyskim. Z okazji imienin Jego patrona &#8211; Stanis\u0142awa Kostki w ko\u015bciele parafialnym odby\u0142a si\u0119 w ramach Spotka\u0144 ze Starowieyskim msza \u015bwi\u0119ta, w kt\u00f3rej uczestniczyli ze sztandarem gminy: W\u00f3jt Gminy \u0141abunie Antoni Wojciech Turczyn, Przewodnicz\u0105cy Rady Gminy \u0141abunie Adam Knia\u017a i radny Miros\u0142aw Policha. W uroczysto\u015bci wzi\u0119\u0142y udzia\u0142 panie z KGW \u0141abunie, mieszka\u0144cy, cz\u0142onkowie Akcji Katolickiej z Zamo\u015bcia, Warszawy i Rzeszowa.<\/strong><\/p>\n<p><!--more--><br \/>\nMsz\u0119 \u015aw. koncelebrowali ksi\u0119\u017ca: ks. Piotr Rawlik \u2013 proboszcz naszej parafii, ks. Zbigniew Kulik z Siennicy Nadolnej \u2013 autor ksi\u0105\u017cki \u201eB\u0142. Stanis\u0142aw Kostka Starowieyski 1895-1941 dzia\u0142acz Akcji Katolickiej. Cztery tajemnice zwyk\u0142ego cz\u0142owieka\u201d, ks. Krzysztof \u015awita \u2013 proboszcz parafii w \u0141aszczowie, Asystent Ko\u015bcielny Akcji Katolickiej naszej diecezji i ks. Artur Progorowicz \u2013 proboszcz parafii z Ustrobnej, miejsca urodzenia i chrztu Stanis\u0142awa Starowieyskiego.<br \/>\n&nbsp;<br \/>\nPo uroczystej mszy \u015bw. \u0142abu\u0144ski ch\u00f3r \u201eKonsonans\u201d pod dyrekcj\u0105 Agnieszki Brylewicz i zesp\u00f3\u0142 smyczkowy kierowany przez Leszka Firka koncertem muzyki sakralnej zainaugurowali konferencj\u0119 po\u015bwi\u0119con\u0105 warto\u015bciom i zagro\u017ceniom wsp\u00f3\u0142czesnej polskiej rodziny katolickiej, kt\u00f3ra odby\u0142a si\u0119 popo\u0142udniu w zespole pa\u0142acowo \u2013 parkowym w \u0141abuniach.<br \/>\nNast\u0119pnie z\u0142o\u017cono kwiaty i zapalono znicze na grobie b\u0142. Stanis\u0142awa Starowieyskiego na cmentarzu w parku.<br \/>\n&nbsp;<br \/>\nPo Mszy \u015bw. mo\u017cna by\u0142o zakupi\u0107 r\u00f3\u017ca\u0144ce z wizerunkiem B\u0142ogos\u0142awionego i MB Fatimskiej w 100 lecie objawie\u0144. Doch\u00f3d ze sprzeda\u017cy r\u00f3\u017ca\u0144c\u00f3w jest przeznaczony na budow\u0119 o\u0142tarza Starowieyskiego w \u0141aszczowie, gdzie od czerwca znajduje si\u0119 relikwia II stopnia &#8211; R\u00f3\u017caniec, na kt\u00f3rym codziennie si\u0119 modli\u0142 B\u0142ogos\u0142awiony, przekazany przez jego \u017con\u0119 Mari\u0119.<\/p>\n<p>[lg_folder folder=&#8221;20170916\/&#8221; count=&#8221;22 paging=&#8221;false&#8221;]<\/p>\n<p>13 kwietnia bie\u017c\u0105cego roku zawi\u0105za\u0142 si\u0119 w \u0141abuniach KOMITET SPO\u0141ECZNY Z POTRZEBY SERC w sk\u0142adzie: Przewodnicz\u0105ca siostra Irena Murawska FMM, Andrzej Juszczak \u2013 Prezes Diecezjalnego Instytutu Akcji Katolickiej, Agnieszka Piela \u2013 Kierownik Referatu Promocji i Rozwoju Gminy \u0141abunie i Adam Knia\u017a \u2013 Przewodnicz\u0105cy Rady Gminy \u0141abunie i So\u0142tys \u0141abu\u0144.<br \/>\n&nbsp;<br \/>\nG\u0142\u00f3wnym powodem zawi\u0105zania komitetu jest utworzenie Izby Pami\u0119ci b\u0142. Stanis\u0142awa Starowieyskiego &#8211; m\u0119czennika obozu koncentracyjnego Dachau, szambelana papieskiego, dzia\u0142acza ko\u015bcielnego, patrona Akcji Katolickiej w Polsce, Kawalera Orderu Virtuti Militari, Krzy\u017ca Walecznych za kampani\u0119 1920 r. i \u015bcie\u017cki medytacji prowadz\u0105cej parkow\u0105 alej\u0105 do jego grobu.<br \/>\n&nbsp;<br \/>\nCelem zbi\u00f3rki jest utworzenie miejsca pami\u0119ci b\u0142. St. Starowieyskiego, kt\u00f3rego najwy\u017csz\u0105 warto\u015bci\u0105 by\u0142a s\u0142u\u017cba bogu, ojczy\u017anie i cz\u0142owiekowi. Utworzone miejsce wspomaga\u0107 b\u0119dzie rozw\u00f3j wsp\u00f3lnot, \u015bwiadomo\u015bci narodowej, integrowa\u0107 spo\u0142eczno\u015bci lokalne i wspomaga\u0107 rozw\u00f3j turystyki naszej gminy.<br \/>\n&nbsp;<br \/>\nZbi\u00f3rka ZACHOWA\u0106 PAMI\u0118\u0106 O B\u0141. STANIS\u0141AWIE STAROWIEYSKIM zosta\u0142a zarejestrowana w Ministerstwie Spraw Wewn\u0119trznych i Administracji pod numerem: 2017\/1811\/KS.<br \/>\n&nbsp;<br \/>\nPrace przygotowawcze nad utworzeniem Izby trwaj\u0105.<\/p>\n","protected":false},"excerpt":{"rendered":"<p>Sobota w \u0141abuniach by\u0142a po\u015bwi\u0119cona pami\u0119ci o b\u0142. Stanis\u0142awie Starowieyskim. Z okazji imienin Jego patrona &#8211; Stanis\u0142awa Kostki w ko\u015bciele parafialnym odby\u0142a si\u0119 w ramach Spotka\u0144 ze Starowieyskim msza \u015bwi\u0119ta, w kt\u00f3rej uczestniczyli ze sztandarem gminy: W\u00f3jt Gminy \u0141abunie Antoni Wojciech Turczyn, Przewodnicz\u0105cy Rady Gminy \u0141abunie Adam Knia\u017a i radny Miros\u0142aw Policha. W uroczysto\u015bci wzi\u0119\u0142y [&hellip;]<\/p>\n","protected":false},"author":7,"featured_media":6658,"comment_status":"closed","ping_status":"closed","sticky":false,"template":"","format":"standard","meta":{"footnotes":""},"categories":[1],"tags":[],"class_list":["post-6643","post","type-post","status-publish","format-standard","has-post-thumbnail","hentry","category-wpisy","clearfix"],"_links":{"self":[{"href":"https:\/\/www.labunie.com.pl\/index.php?rest_route=\/wp\/v2\/posts\/6643","targetHints":{"allow":["GET"]}}],"collection":[{"href":"https:\/\/www.labunie.com.pl\/index.php?rest_route=\/wp\/v2\/posts"}],"about":[{"href":"https:\/\/www.labunie.com.pl\/index.php?rest_route=\/wp\/v2\/types\/post"}],"author":[{"embeddable":true,"href":"https:\/\/www.labunie.com.pl\/index.php?rest_route=\/wp\/v2\/users\/7"}],"replies":[{"embeddable":true,"href":"https:\/\/www.labunie.com.pl\/index.php?rest_route=%2Fwp%2Fv2%2Fcomments&post=6643"}],"version-history":[{"count":4,"href":"https:\/\/www.labunie.com.pl\/index.php?rest_route=\/wp\/v2\/posts\/6643\/revisions"}],"predecessor-version":[{"id":6659,"href":"https:\/\/www.labunie.com.pl\/index.php?rest_route=\/wp\/v2\/posts\/6643\/revisions\/6659"}],"wp:featuredmedia":[{"embeddable":true,"href":"https:\/\/www.labunie.com.pl\/index.php?rest_route=\/wp\/v2\/media\/6658"}],"wp:attachment":[{"href":"https:\/\/www.labunie.com.pl\/index.php?rest_route=%2Fwp%2Fv2%2Fmedia&parent=6643"}],"wp:term":[{"taxonomy":"category","embeddable":true,"href":"https:\/\/www.labunie.com.pl\/index.php?rest_route=%2Fwp%2Fv2%2Fcategories&post=6643"},{"taxonomy":"post_tag","embeddable":true,"href":"https:\/\/www.labunie.com.pl\/index.php?rest_route=%2Fwp%2Fv2%2Ftags&post=6643"}],"curies":[{"name":"wp","href":"https:\/\/api.w.org\/{rel}","templated":true}]}}