{"id":6635,"date":"2017-09-13T07:57:46","date_gmt":"2017-09-13T05:57:46","guid":{"rendered":"https:\/\/www.labunie.com.pl\/?p=6635"},"modified":"2017-09-13T07:57:46","modified_gmt":"2017-09-13T05:57:46","slug":"obrazy-mix-media-w-izbie-muzealnej-w-barchaczowie-warsztaty-lgd","status":"publish","type":"post","link":"https:\/\/www.labunie.com.pl\/?p=6635","title":{"rendered":"Obrazy mix media w Izbie Muzealnej w Barchaczowie &#8211; warsztaty LGD"},"content":{"rendered":"<p><strong>Stowarzyszenie Lokalna Grupa Dzia\u0142ania &#8220;Ziemia Zamojska&#8221; zaprasza na bezp\u0142atne warsztaty z r\u0119kodzie\u0142a. Warsztaty s\u0105 skierowane do mieszka\u0144c\u00f3w obszaru dzia\u0142ania Stowarzyszenia LGD tj. nast\u0119puj\u0105cych gmin: Grabowiec, Komar\u00f3w-Osada, \u0141abunie, Mi\u0105czyn, Nielisz, Sitno, Skierbiesz\u00f3w, Stary Zamo\u015b\u0107, Su\u0142\u00f3w. Tematyka warsztat\u00f3w: obrazy Mix media, Anio\u0142y z powertexu, Szkatu\u0142ki mix media.<\/strong><\/p>\n<p><!--more--><\/p>\n<p>&nbsp;<\/p>\n<p>Terminy, miejsce oraz tematyka poszczeg\u00f3lnych warsztat\u00f3w:<\/p>\n<ul>\n<li>18 wrze\u015bnia \u2013 \u015awietlica Wiejska w Su\u0142owie \u2013 obrazy mix media<\/li>\n<li>19 wrze\u015bnia \u2013 \u015awietlica Wiejska w Mi\u0105czynie \u2013 anio\u0142y z powertexu<\/li>\n<li>20 wrze\u015bnia \u2013 Gminny O\u015brodek Kultury w Skierbieszowie \u2013 szkatu\u0142ki mix media<\/li>\n<li>10 pa\u017adziernika \u2013 Gminny O\u015brodek Kultury w Grabowcu \u2013 obrazy mix media<\/li>\n<li>11 pa\u017adziernika \u2013 Gminny O\u015brodek Kultury w Starym Zamo\u015bciu \u2013 anio\u0142y z powertexu<\/li>\n<li>12 pa\u017adziernika \u2013 Samorz\u0105dowy O\u015brodek Kultury w Komarowie-Osadzie \u2013 szkatu\u0142ki mix media,<\/li>\n<li><strong>16 pa\u017adziernika &#8211; Izba Muzealna w Barchaczowie \u2013 obrazy mix media<\/strong><\/li>\n<li>17 pa\u017adziernika \u2013 Centrum Kultury z Bibliotek\u0105 w Sitnie \u2013 anio\u0142y z powertexu<\/li>\n<li>18 pa\u017adziernika \u2013 Gminny O\u015brodek Kultury w Nieliszu \u2013 szkatu\u0142ki mix media<\/li>\n<\/ul>\n<p>&nbsp;<\/p>\n<p>Ka\u017cde warsztaty rozpoczn\u0105 si\u0119 o godz. 9.00. Czas trwania: 4- 6 godz.<\/p>\n<p>Liczba uczestnik\u00f3w w ka\u017cdej grupie \u2013 12 os\u00f3b.<\/p>\n<p>Organizator zapewnia profesjonalnego instruktora oraz wszystkie niezb\u0119dne materia\u0142y do wykonania zaplanowanych prac. Prace po zako\u0144czonych warsztatach pozostaj\u0105 w\u0142asno\u015bci\u0105 uczestnik\u00f3w.<\/p>\n<p>Uwaga \u2013 osoby bior\u0105ce udzia\u0142 w warsztatach zobowi\u0105zane b\u0119d\u0105 do podpisania listy obecno\u015bci, co b\u0119dzie si\u0119 wi\u0105za\u0142o z jednoczesnym wyra\u017ceniem zgody na przetwarzanie danych osobowych oraz udost\u0119pnienie wizerunku w celach promocyjnych.<\/p>\n<p><u>W sytuacji rezygnacji z warsztat\u00f3w \u2013 rezygnuj\u0105cy ma obowi\u0105zek poinformowania o tym Organizatora najp\u00f3\u017aniej 2 dni przed terminem rozpocz\u0119cia warsztat\u00f3w<\/u>.<\/p>\n<p>Zapisy przyjmujemy telefonicznie pod nr tel. 84\u00a0307 22 07. W zwi\u0105zku z ograniczon\u0105 liczb\u0105 miejsc o zakwalifikowaniu b\u0119dzie decydowa\u0107 kolejno\u015b\u0107 zg\u0142osze\u0144.<\/p>\n<p>Zapraszamy!<\/p>\n<p>&nbsp;<\/p>\n","protected":false},"excerpt":{"rendered":"<p>Stowarzyszenie Lokalna Grupa Dzia\u0142ania &#8220;Ziemia Zamojska&#8221; zaprasza na bezp\u0142atne warsztaty z r\u0119kodzie\u0142a. Warsztaty s\u0105 skierowane do mieszka\u0144c\u00f3w obszaru dzia\u0142ania Stowarzyszenia LGD tj. nast\u0119puj\u0105cych gmin: Grabowiec, Komar\u00f3w-Osada, \u0141abunie, Mi\u0105czyn, Nielisz, Sitno, Skierbiesz\u00f3w, Stary Zamo\u015b\u0107, Su\u0142\u00f3w. Tematyka warsztat\u00f3w: obrazy Mix media, Anio\u0142y z powertexu, Szkatu\u0142ki mix media.<\/p>\n","protected":false},"author":7,"featured_media":1003,"comment_status":"closed","ping_status":"closed","sticky":false,"template":"","format":"standard","meta":{"footnotes":""},"categories":[1],"tags":[],"class_list":["post-6635","post","type-post","status-publish","format-standard","has-post-thumbnail","hentry","category-wpisy","clearfix"],"_links":{"self":[{"href":"https:\/\/www.labunie.com.pl\/index.php?rest_route=\/wp\/v2\/posts\/6635","targetHints":{"allow":["GET"]}}],"collection":[{"href":"https:\/\/www.labunie.com.pl\/index.php?rest_route=\/wp\/v2\/posts"}],"about":[{"href":"https:\/\/www.labunie.com.pl\/index.php?rest_route=\/wp\/v2\/types\/post"}],"author":[{"embeddable":true,"href":"https:\/\/www.labunie.com.pl\/index.php?rest_route=\/wp\/v2\/users\/7"}],"replies":[{"embeddable":true,"href":"https:\/\/www.labunie.com.pl\/index.php?rest_route=%2Fwp%2Fv2%2Fcomments&post=6635"}],"version-history":[{"count":1,"href":"https:\/\/www.labunie.com.pl\/index.php?rest_route=\/wp\/v2\/posts\/6635\/revisions"}],"predecessor-version":[{"id":6636,"href":"https:\/\/www.labunie.com.pl\/index.php?rest_route=\/wp\/v2\/posts\/6635\/revisions\/6636"}],"wp:featuredmedia":[{"embeddable":true,"href":"https:\/\/www.labunie.com.pl\/index.php?rest_route=\/wp\/v2\/media\/1003"}],"wp:attachment":[{"href":"https:\/\/www.labunie.com.pl\/index.php?rest_route=%2Fwp%2Fv2%2Fmedia&parent=6635"}],"wp:term":[{"taxonomy":"category","embeddable":true,"href":"https:\/\/www.labunie.com.pl\/index.php?rest_route=%2Fwp%2Fv2%2Fcategories&post=6635"},{"taxonomy":"post_tag","embeddable":true,"href":"https:\/\/www.labunie.com.pl\/index.php?rest_route=%2Fwp%2Fv2%2Ftags&post=6635"}],"curies":[{"name":"wp","href":"https:\/\/api.w.org\/{rel}","templated":true}]}}