{"id":6633,"date":"2017-09-12T13:25:28","date_gmt":"2017-09-12T11:25:28","guid":{"rendered":"https:\/\/www.labunie.com.pl\/?p=6633"},"modified":"2017-09-12T13:25:28","modified_gmt":"2017-09-12T11:25:28","slug":"wspolczesne-zagrozenia-dla-polskiej-rodziny-katolickiej","status":"publish","type":"post","link":"https:\/\/www.labunie.com.pl\/?p=6633","title":{"rendered":"&#8220;Wsp\u00f3\u0142czesne zagro\u017cenia dla polskiej rodziny katolickiej&#8221;"},"content":{"rendered":"<p><strong>W imieniu Organizator\u00f3w: ks. Zbigniewa Kulika i Akcji Katolickiej Archidiecezji Warszawskiej zapraszamy serdecznie na trzecie spotkanie &#8220;\u015aladami B\u0142. Stanis\u0142awa Kostki Starowieyskiego&#8221;, kt\u00f3re rozpocznie 16 wrze\u015bnia 2017 r. uroczysta Msza \u015aw.w ko\u015bciele parafialnym o godz. 10.00. Szczeg\u00f3\u0142y w programie:<\/strong><\/p>\n<p><!--more--><\/p>\n<p>16.09.2017 r. &#8211; sobota<\/p>\n<p>godz. 10.00 \u2013 Msza \u015aw. Imieninowa ku czci B\u0142. St. Starowieyskiego w \u0141abuniach w ko\u015bciele parafialnym p. w. Matki Bo\u017cej Szkaplerznej i \u015aw. Dominika \u2013 homili\u0119 wyg\u0142osi ks. Krzysztof \u015awita proboszcz parafii w \u0141aszczowie \u2013 Asystent Ko\u015bcielny Akcji Katolickiej Diecezji Zamojsko- Lubaczowskiej<\/p>\n<p>Po mszy : KONCERT INAUGURUJ\u0104CY KONFERENCJ\u0118 w wykonaniu \u0142abu\u0144skiego ch\u00f3ru \u201eKonsonans\u201d pod dyrekcj\u0105 Pani Agnieszki Brylewicz i zespo\u0142u smyczkowego &#8211; kierowanego przez Pana Leszka Firka w programie muzyka sakralna<\/p>\n<p>godz. 11.30 \u2013 przej\u015bcie na cmentarz- z\u0142o\u017cenie kwiat\u00f3w, zapalenie zniczy i wsp\u00f3lna modlitwa przy grobie B\u0142. St. Starowieyskiego<\/p>\n<p>godz. 12.30 \u2013 Wyk\u0142ad : Pani Ewy Polak- Pa\u0142kiewicz \/ publicystka, pisarka \u2013 Warszawa \/ &#8220;Rodzina ziemia\u0144ska jako fundament katolicyzmu i patriotyzmu polskiego na przyk\u0142adzie rodziny Starowieyskich&#8221;<\/p>\n<p>godz. 13.15 \u2013 gor\u0105cy posi\u0142ek<\/p>\n<p>godz. 15.00 \u2013 Koronka do Bo\u017cego Mi\u0142osierdzia \/ w kaplicy si\u00f3str FMM \/<\/p>\n<p>godz. 15.30 \u2013 17.00 Konferencja po\u015bwi\u0119cona warto\u015bci rodziny:<\/p>\n<p>prezentacja \u2013 prof. Beata Parysiewicz \/KUL\/\u00a0 &#8220;Zagro\u017cenia polskiej rodziny katolickiej&#8221;<\/p>\n<p>wyk\u0142ad \u2013 Pana J\u00f3zefa Statkiewicza \/specjalista pracy z rodzin\u0105 -Konstancin Jeziorna\/ &#8220;Przyparafialne Poradnie Rodzinne&#8221;<\/p>\n<p>dyskusja<\/p>\n<p>godz. 17.15 \u2013 ognisko<\/p>\n<p>&nbsp;<\/p>\n","protected":false},"excerpt":{"rendered":"<p>W imieniu Organizator\u00f3w: ks. Zbigniewa Kulika i Akcji Katolickiej Archidiecezji Warszawskiej zapraszamy serdecznie na trzecie spotkanie &#8220;\u015aladami B\u0142. Stanis\u0142awa Kostki Starowieyskiego&#8221;, kt\u00f3re rozpocznie 16 wrze\u015bnia 2017 r. uroczysta Msza \u015aw.w ko\u015bciele parafialnym o godz. 10.00. Szczeg\u00f3\u0142y w programie:<\/p>\n","protected":false},"author":7,"featured_media":6095,"comment_status":"closed","ping_status":"closed","sticky":false,"template":"","format":"standard","meta":{"footnotes":""},"categories":[1],"tags":[],"class_list":["post-6633","post","type-post","status-publish","format-standard","has-post-thumbnail","hentry","category-wpisy","clearfix"],"_links":{"self":[{"href":"https:\/\/www.labunie.com.pl\/index.php?rest_route=\/wp\/v2\/posts\/6633","targetHints":{"allow":["GET"]}}],"collection":[{"href":"https:\/\/www.labunie.com.pl\/index.php?rest_route=\/wp\/v2\/posts"}],"about":[{"href":"https:\/\/www.labunie.com.pl\/index.php?rest_route=\/wp\/v2\/types\/post"}],"author":[{"embeddable":true,"href":"https:\/\/www.labunie.com.pl\/index.php?rest_route=\/wp\/v2\/users\/7"}],"replies":[{"embeddable":true,"href":"https:\/\/www.labunie.com.pl\/index.php?rest_route=%2Fwp%2Fv2%2Fcomments&post=6633"}],"version-history":[{"count":1,"href":"https:\/\/www.labunie.com.pl\/index.php?rest_route=\/wp\/v2\/posts\/6633\/revisions"}],"predecessor-version":[{"id":6634,"href":"https:\/\/www.labunie.com.pl\/index.php?rest_route=\/wp\/v2\/posts\/6633\/revisions\/6634"}],"wp:featuredmedia":[{"embeddable":true,"href":"https:\/\/www.labunie.com.pl\/index.php?rest_route=\/wp\/v2\/media\/6095"}],"wp:attachment":[{"href":"https:\/\/www.labunie.com.pl\/index.php?rest_route=%2Fwp%2Fv2%2Fmedia&parent=6633"}],"wp:term":[{"taxonomy":"category","embeddable":true,"href":"https:\/\/www.labunie.com.pl\/index.php?rest_route=%2Fwp%2Fv2%2Fcategories&post=6633"},{"taxonomy":"post_tag","embeddable":true,"href":"https:\/\/www.labunie.com.pl\/index.php?rest_route=%2Fwp%2Fv2%2Ftags&post=6633"}],"curies":[{"name":"wp","href":"https:\/\/api.w.org\/{rel}","templated":true}]}}