{"id":6611,"date":"2017-09-06T14:58:43","date_gmt":"2017-09-06T12:58:43","guid":{"rendered":"https:\/\/www.labunie.com.pl\/?p=6611"},"modified":"2017-09-06T14:58:43","modified_gmt":"2017-09-06T12:58:43","slug":"dozynki-gminno-parafialne-2017","status":"publish","type":"post","link":"https:\/\/www.labunie.com.pl\/?p=6611","title":{"rendered":"Do\u017cynki gminno-parafialne 2017"},"content":{"rendered":"<p><strong>Do\u017cynki w \u0141abuniach rozpocz\u0119\u0142y si\u0119 rz\u0119sistym deszczem, ale \u2013 z uwagi, \u017ce nikt si\u0119 deszczu nie wystraszy\u0142 \u2013 ostatecznie przesta\u0142o pada\u0107, a chwilami nawet si\u0119 rozpogodzi\u0142o. Tradycyjnie korow\u00f3d do\u017cynkowy tworzyli przedstawiciele so\u0142ectw z so\u0142tysami i pocztami sztandarowymi. Oficjalnego przywitania go\u015bci i uczestnik\u00f3w dokona\u0142 W\u00f3jt Gminy \u0141abunie, Antoni Wojciech Turczyn &#8211; gospodarz \u015bwi\u0119ta. Msz\u0119 \u015bwi\u0119t\u0105 koncelebrowa\u0142 proboszcz \u0142abu\u0144skiej parafii ks. Piotr Rawlik. <\/strong><\/p>\n<p><!--more--><br \/>\n&nbsp;<br \/>\nW cz\u0119\u015bci rozrywkowej wyst\u0105pi\u0142y <strong><em>\u0141abu\u0144skie Iskierki<\/em><\/strong>, reprezentanci K\u00f3\u0142 Gospody\u0144 Wiejskich, duet <strong><em>One<\/em><\/strong>, kabaret <strong><em>Oni<\/em> <\/strong>i solista <strong>Stanis\u0142aw Bo\u0107<\/strong>. Muzyczn\u0105 Uczt\u0119 dope\u0142ni\u0142y wyst\u0119py grup: <strong><em>Z\u0142oty Tabor<\/em><\/strong> \u2013 zesp\u00f3\u0142 romski z Tomaszowa Lubelskiego, <strong><em>Koromys\u0142o<\/em> <\/strong>\u2013 folk maszyna ze Szczebrzeszyna i wokalisty <strong>Adriana Makara<\/strong> \u2013 zwyci\u0119zcy VII edycji programu <em>Mam Talent<\/em>. Zabaw\u0119 pod chmurk\u0105 poprowadzi\u0142 <strong><em>Atut<\/em><\/strong>.<br \/>\n&nbsp;<br \/>\nNa stoiskach swoje produkty prezentowali: Pasieka z Barchaczowa, KGW, Powiatowy Bank Sp\u00f3\u0142dzielczy, Biblioteka Publiczna Gminy \u0141abunie, Siostry Franciszkanki Misjonarki Maryi. Prowadzona by\u0142a zbi\u00f3rka publiczna na utworzenie Izby Pami\u0119ci b\u0142ogos\u0142awionego Stanis\u0142awa Starowieyskiego. Wystaw\u0119 p\u0142od\u00f3w rolnych przygotowa\u0142 zesp\u00f3\u0142 Doradztwa Rolniczego w Sitnie. Dla dzieci urz\u0105dzenia rekreacyjne udost\u0119pnione by\u0142y bezp\u0142atnie.<br \/>\n&nbsp;<br \/>\nSygna\u0142 dla wymarszu korowodu na trzy strony \u015bwiata da\u0142 hejnalista <strong>Mi\u0142osz Ga\u0142ek<\/strong> \u2013 ucze\u0144 \u0142abu\u0144skiego gimnazjum, cz\u0142onek Gminnej Orkiestry D\u0119tej. Starostami do\u017cynek gminno-parafialnych w \u0141abuniach byli:<strong> El\u017cbieta Krukowska<\/strong> z Ruszowa i <strong>Stanis\u0142aw Py\u015b<\/strong> z Wierzbia.<br \/>\n&nbsp;<br \/>\nJak zwykle du\u017c\u0105 uwag\u0119 przyci\u0105ga\u0142y do\u017cynkowe wie\u0144ce: Barchacz\u00f3w \u2013 <em>kosz pe\u0142en plon\u00f3w Matki Ziemi<\/em>, Br\u00f3dek \u2013 <em>m\u0142yn z ziaren i k\u0142os\u00f3w zb\u00f3\u017c<\/em>, D\u0105browa \u2013 <em>kielich z hosti\u0105<\/em>, \u0141abunie \u2013 <em>ul z k\u0142os\u00f3w zb\u00f3\u017c. Pszczo\u0142a jako udomowiony owad jest symbolem pracowito\u015bci i szlachetno\u015bci.<\/em> \u0141abunie-Reforma \u2013 <em>wieniec zwie\u0144czony krzy\u017cem<\/em>, \u0141abu\u0144ki Drugie \u2013 <em>wieniec wsp\u00f3\u0142czesny<\/em>, \u0141abu\u0144ki Pierwsze \u2013 <em>wieniec w kszta\u0142cie \u0142odzi z Chrystusem<\/em>, Majdan Ruszowski \u2013 <em>wieniec tradycyjny Kielich i hostia<\/em>, Moc\u00f3wka \u2013 <em>wieniec wsp\u00f3\u0142czesny obraz \u015bw. Jana Paw\u0142a II<\/em>, Rusz\u00f3w \u2013 <em>m\u0142yn wodny z wiatrakiem<\/em>, Rusz\u00f3w-Kolonia &#8211; <em>wieniec tradycyjny w kszta\u0142cie kopu\u0142y sto\u017ckowej<\/em>, Wierzbie \u2013 <em>korona z krzy\u017cem<\/em>, W\u00f3lka \u0141abu\u0144ska \u2013<em> hostia otoczona ramionami<\/em>. Wszystkie wie\u0144ce oczywi\u015bcie wykonane z k\u0142os\u00f3w tegorocznych zb\u00f3\u017c i kwiat\u00f3w.<br \/>\nSta\u0142ym punktem do\u017cynkowych uroczysto\u015bci jest wr\u0119czenie Odznak Honorowych <em>Zas\u0142u\u017cony dla rolnictwa<\/em>. Dla os\u00f3b, kt\u00f3re rolniczymi wynikami i postaw\u0105 spo\u0142eczn\u0105 wyr\u00f3\u017cniaj\u0105 si\u0119 w swoim \u015brodowisku, odznak\u0119 na wniosek w\u00f3jta przyznaje minister rolnictwa i rozwoju wsi. W tym roku tak\u0105 odznak\u0119 otrzymali: <strong>Tadeusz Kowarz<\/strong>, <strong>Krzysztof Karchut<\/strong>, <strong>Agnieszka Wiater<\/strong>, <strong>Ma\u0142gorzata Mikulska<\/strong>, <strong>Wojciech Roma\u0144czuk<\/strong>, <strong>Andrzej Stanis\u0142aw Bartoszczyk<\/strong>, <strong>Adam Tadeusz Bil<\/strong>, <strong>Andrzej Grula<\/strong>, <strong>Teresa Maria Wiater<\/strong>,<strong> Joanna Ju\u015bko<\/strong>, <strong>Ma\u0142gorzata Bondyra<\/strong>, <strong>El\u017cbieta Sitarska<\/strong>, <strong>Dariusz \u0141azorczyk<\/strong>.<br \/>\n&nbsp;<br \/>\nW konkursie na sa\u0142atk\u0119 warzywn\u0105: I m. zaj\u0119\u0142a <strong>Irena Syc<\/strong> KGW \u0141abunie, II m. <strong>Anna S\u0142upska<\/strong> KGW Majdan Ruszowski, III m. <strong>Bernarda Petryk<\/strong> KGW \u0141abu\u0144ki Pierwsze. Wyr\u00f3\u017cniono <strong>Dorot\u0119 Sczepuch<\/strong>, <strong>Jadwig\u0119 Bo\u0107<\/strong>, <strong>Ann\u0119 Skib\u0119<\/strong>,<strong> Helen\u0119 Wa\u0142aszyk<\/strong> i <strong>Monik\u0119 Pokryszk\u0119<\/strong>.<br \/>\n&nbsp;<br \/>\n<em>Sponsorami do\u017cynek byli: Witron Grula Janusz; Przedsi\u0119biorstwo Rob\u00f3t Drogowych; Powiatowy Bank Sp\u00f3\u0142dzielczy; Maryla J\u0119drzejewska Sklep Spo\u017cywczo-przemys\u0142owy w \u0141abu\u0144kach Pierwszych; Przedsi\u0119biorstwo Transportowo-Us\u0142ugowe Mawex Ewa Matwiejczuk; Krzysztof Wiater Sklep spo\u017cywczo przemys\u0142owy W\u00f3lka \u0141abu\u0144ska; Drewkol; Stolarz Kudyba; Przedsi\u0119biorstwo Gospodarki Komunalnej; Towarzystwo Ubezpiecze\u0144 Wzajemnych; Akrol Adam Knia\u017a; Bar Ku\u017ania \u0141abu\u0144ki Pierwsze; Justyna Kania Delikatesy Premium \u0141abunie.<\/em><br \/>\nKonferansjerk\u0119 prowadzi\u0142a<strong> Dominika Saran-Kudyba<\/strong>.<br \/>\n&nbsp;<br \/>\n[lg_folder folder=&#8221;20170903\/&#8221; count=&#8221;130&#8243; paging=&#8221;false&#8221;]<\/p>\n","protected":false},"excerpt":{"rendered":"<p>Do\u017cynki w \u0141abuniach rozpocz\u0119\u0142y si\u0119 rz\u0119sistym deszczem, ale \u2013 z uwagi, \u017ce nikt si\u0119 deszczu nie wystraszy\u0142 \u2013 ostatecznie przesta\u0142o pada\u0107, a chwilami nawet si\u0119 rozpogodzi\u0142o. Tradycyjnie korow\u00f3d do\u017cynkowy tworzyli przedstawiciele so\u0142ectw z so\u0142tysami i pocztami sztandarowymi. Oficjalnego przywitania go\u015bci i uczestnik\u00f3w dokona\u0142 W\u00f3jt Gminy \u0141abunie, Antoni Wojciech Turczyn &#8211; gospodarz \u015bwi\u0119ta. Msz\u0119 \u015bwi\u0119t\u0105 koncelebrowa\u0142 [&hellip;]<\/p>\n","protected":false},"author":7,"featured_media":6613,"comment_status":"closed","ping_status":"closed","sticky":false,"template":"","format":"standard","meta":{"footnotes":""},"categories":[1],"tags":[],"class_list":["post-6611","post","type-post","status-publish","format-standard","has-post-thumbnail","hentry","category-wpisy","clearfix"],"_links":{"self":[{"href":"https:\/\/www.labunie.com.pl\/index.php?rest_route=\/wp\/v2\/posts\/6611","targetHints":{"allow":["GET"]}}],"collection":[{"href":"https:\/\/www.labunie.com.pl\/index.php?rest_route=\/wp\/v2\/posts"}],"about":[{"href":"https:\/\/www.labunie.com.pl\/index.php?rest_route=\/wp\/v2\/types\/post"}],"author":[{"embeddable":true,"href":"https:\/\/www.labunie.com.pl\/index.php?rest_route=\/wp\/v2\/users\/7"}],"replies":[{"embeddable":true,"href":"https:\/\/www.labunie.com.pl\/index.php?rest_route=%2Fwp%2Fv2%2Fcomments&post=6611"}],"version-history":[{"count":2,"href":"https:\/\/www.labunie.com.pl\/index.php?rest_route=\/wp\/v2\/posts\/6611\/revisions"}],"predecessor-version":[{"id":6614,"href":"https:\/\/www.labunie.com.pl\/index.php?rest_route=\/wp\/v2\/posts\/6611\/revisions\/6614"}],"wp:featuredmedia":[{"embeddable":true,"href":"https:\/\/www.labunie.com.pl\/index.php?rest_route=\/wp\/v2\/media\/6613"}],"wp:attachment":[{"href":"https:\/\/www.labunie.com.pl\/index.php?rest_route=%2Fwp%2Fv2%2Fmedia&parent=6611"}],"wp:term":[{"taxonomy":"category","embeddable":true,"href":"https:\/\/www.labunie.com.pl\/index.php?rest_route=%2Fwp%2Fv2%2Fcategories&post=6611"},{"taxonomy":"post_tag","embeddable":true,"href":"https:\/\/www.labunie.com.pl\/index.php?rest_route=%2Fwp%2Fv2%2Ftags&post=6611"}],"curies":[{"name":"wp","href":"https:\/\/api.w.org\/{rel}","templated":true}]}}