{"id":6582,"date":"2017-09-04T19:03:42","date_gmt":"2017-09-04T17:03:42","guid":{"rendered":"https:\/\/www.labunie.com.pl\/?p=6582"},"modified":"2017-09-04T19:03:42","modified_gmt":"2017-09-04T17:03:42","slug":"fabryka-przedsiebiorczosci-bezzwrotne-dotacje-na-zalozenie-wlasnej-firmy","status":"publish","type":"post","link":"https:\/\/www.labunie.com.pl\/?p=6582","title":{"rendered":"\u201eFabryka Przedsi\u0119biorczo\u015bci\u201d. Bezzwrotne dotacje na za\u0142o\u017cenie w\u0142asnej firmy"},"content":{"rendered":"<p><strong>Fundacja Partycypacji Spo\u0142ecznej zaprasza osoby zainteresowane otworzeniem w\u0142asnej dzia\u0142alno\u015bci gospodarczej do udzia\u0142u w projekcie\u00a0\u201eFabryka przedsi\u0119biorczo\u015bci\u201d. <\/strong><br \/>\n<strong>Nab\u00f3r rozpoczyna si\u0119 od 1 wrze\u015bnia 2017 r. Szczeg\u00f3\u0142owe terminy wskazane s\u0105 w Regulaminie rekrutacji projektu.<\/strong><\/p>\n<p><!--more--><br \/>\n&nbsp;<br \/>\n&nbsp;<br \/>\nProjekt skierowany jest do 50 os\u00f3b (30 kobiet, 20 m\u0119\u017cczyzn) w wieku powy\u017cej 30. roku \u017cycia, pozostaj\u0105cych bez pracy (w tym tak\u017ce zarejestrowanych w Urz\u0119dzie Pracy), zamieszkuj\u0105cych na terenie woj. lubelskiego, nale\u017c\u0105cych co najmniej do jednej z grup:<\/p>\n<ul>\n<li>osoby w wieku powy\u017cej 50. roku \u017cycia,<\/li>\n<li>kobiety,<\/li>\n<li>osoby z niepe\u0142nosprawno\u015bciami,<\/li>\n<li>osoby d\u0142ugotrwale bezrobotne,<\/li>\n<li>osoby o niskich kwalifikacjach.<\/li>\n<\/ul>\n<p>Ponadto w\u015br\u00f3d Uczestnik\u00f3w Projektu mog\u0105 by\u0107 osoby odchodz\u0105ce z rolnictwa planuj\u0105ce rozpocz\u0105\u0107 prowadzenie pozarolniczej dzia\u0142alno\u015bci gospodarczej, kt\u00f3re znajduj\u0105 si\u0119 w szczeg\u00f3lnie trudnej sytuacji na rynku pracy, co oznacza, i\u017c nale\u017c\u0105 co najmniej do jednej z ww. grup.<br \/>\n&nbsp;<br \/>\nW ramach projektu na dodatkowe punkty mog\u0105 liczy\u0107:<\/p>\n<ul style=\"list-style-type: circle;\">\n<li>osoby z teren\u00f3w wiejskich,<\/li>\n<li>osoby d\u0142ugotrwale bezrobotne,<\/li>\n<li>osoby niepe\u0142nosprawne.<\/li>\n<\/ul>\n<p>&nbsp;<br \/>\nW ramach projektu oferowane jest kompleksowe wsparcie w postaci:<\/p>\n<ul>\n<li>szkolenia oraz indywidualnego doradztwa z zakresu zak\u0142adania i prowadzenia dzia\u0142alno\u015bci gospodarczej,<br \/>\na tak\u017ce pomocy w przygotowaniu biznesplanu,<\/li>\n<li><strong>bezzwrotnej dotacji<\/strong> na uruchomienie dzia\u0142alno\u015bci gospodarczej do wysoko\u015bci <strong><span style=\"text-decoration: underline;\">23 350,00 z\u0142\/os.<\/span><\/strong>,<\/li>\n<li><strong>wsparcia pomostowego<\/strong> <strong>finansowego<\/strong> (na pokrycie niezb\u0119dnych op\u0142at) wyp\u0142acanego miesi\u0119cznie w kwocie nie wi\u0119kszej ni\u017c <strong><span style=\"text-decoration: underline;\">1 280,00 z\u0142\/os.<\/span><\/strong> przez okres pierwszych 7 m-cy funkcjonowania przedsi\u0119biorstwa (dla 40 os\u00f3b),<\/li>\n<li><strong>przed\u0142u\u017conego wsparcia pomostowego finansowego<\/strong> udzielane przez 3 kolejne miesi\u0105ce w kwocie nie wi\u0119kszej ni\u017c \u00a0<span style=\"text-decoration: underline;\"><strong>1 270,00 z\u0142\/os.<\/strong><\/span> (w przypadku os\u00f3b, kt\u00f3re zamierzaj\u0105 zatrudni\u0107 pracownika, maksymalnie dla 8 os\u00f3b),<\/li>\n<li>wsparcie pomostowe doradczo-warsztatowe.<\/li>\n<\/ul>\n<p>&nbsp;<br \/>\nOsoby zainteresowane udzia\u0142em w projekcie prosimy o kontakt z Biurem Projektu.<br \/>\n&nbsp;<br \/>\nBiuro projektu:<\/p>\n<p style=\"padding-left: 30px;\"><strong>ul. Na\u0142\u0119czowska 30, 20-701 Lublin (II pi\u0119tro, pok\u00f3j 204)<\/strong><br \/>\n<strong>tel. (0\u00a081) 747 94 08, <\/strong><br \/>\n<strong>e-mail: fabryka@fundacja-spoleczna.pl<\/strong><\/p>\n<p>&nbsp;<br \/>\nSzczeg\u00f3\u0142y na: <strong><a href=\"http:\/\/www.fundacja-spoleczna.pl\">www.fundacja-spoleczna.pl<\/a><\/strong><br \/>\n&nbsp;<br \/>\n<span style=\"font-size: 8pt;\">Projekt realizowany jest przez Wielkopolsk\u0105 Szko\u0142\u0119 Przedsi\u0119biorczo\u015bci Sp. z o.o. w partnerstwie z Fundacj\u0105 Partycypacji Spo\u0142ecznej w ramach Regionalnego Programu Operacyjnego Wojew\u00f3dztwa Lubelskiego na lata 2014-2020, O\u015b Priorytetowa 9 Rynek pracy, Dzia\u0142anie 9.3 Rozw\u00f3j przedsi\u0119biorczo\u015bci.<\/span><br \/>\n<span style=\"font-size: 8pt;\">Dofinansowanie projektu z UE: 1\u00a0659\u00a0519,60 z\u0142<\/span><br \/>\n&nbsp;<br \/>\n&nbsp;<br \/>\n<img loading=\"lazy\" decoding=\"async\" class=\"aligncenter size-full wp-image-6587\" src=\"https:\/\/www.labunie.com.pl\/wp-content\/uploads\/2017\/09\/fab_prz.png\" alt=\"\" width=\"629\" height=\"890\" srcset=\"https:\/\/www.labunie.com.pl\/wp-content\/uploads\/2017\/09\/fab_prz.png 629w, https:\/\/www.labunie.com.pl\/wp-content\/uploads\/2017\/09\/fab_prz-212x300.png 212w\" sizes=\"auto, (max-width: 629px) 100vw, 629px\" \/><\/p>\n","protected":false},"excerpt":{"rendered":"<p>Fundacja Partycypacji Spo\u0142ecznej zaprasza osoby zainteresowane otworzeniem w\u0142asnej dzia\u0142alno\u015bci gospodarczej do udzia\u0142u w projekcie\u00a0\u201eFabryka przedsi\u0119biorczo\u015bci\u201d. Nab\u00f3r rozpoczyna si\u0119 od 1 wrze\u015bnia 2017 r. Szczeg\u00f3\u0142owe terminy wskazane s\u0105 w Regulaminie rekrutacji projektu.<\/p>\n","protected":false},"author":7,"featured_media":6584,"comment_status":"closed","ping_status":"closed","sticky":false,"template":"","format":"standard","meta":{"footnotes":""},"categories":[1],"tags":[],"class_list":["post-6582","post","type-post","status-publish","format-standard","has-post-thumbnail","hentry","category-wpisy","clearfix"],"_links":{"self":[{"href":"https:\/\/www.labunie.com.pl\/index.php?rest_route=\/wp\/v2\/posts\/6582","targetHints":{"allow":["GET"]}}],"collection":[{"href":"https:\/\/www.labunie.com.pl\/index.php?rest_route=\/wp\/v2\/posts"}],"about":[{"href":"https:\/\/www.labunie.com.pl\/index.php?rest_route=\/wp\/v2\/types\/post"}],"author":[{"embeddable":true,"href":"https:\/\/www.labunie.com.pl\/index.php?rest_route=\/wp\/v2\/users\/7"}],"replies":[{"embeddable":true,"href":"https:\/\/www.labunie.com.pl\/index.php?rest_route=%2Fwp%2Fv2%2Fcomments&post=6582"}],"version-history":[{"count":5,"href":"https:\/\/www.labunie.com.pl\/index.php?rest_route=\/wp\/v2\/posts\/6582\/revisions"}],"predecessor-version":[{"id":6592,"href":"https:\/\/www.labunie.com.pl\/index.php?rest_route=\/wp\/v2\/posts\/6582\/revisions\/6592"}],"wp:featuredmedia":[{"embeddable":true,"href":"https:\/\/www.labunie.com.pl\/index.php?rest_route=\/wp\/v2\/media\/6584"}],"wp:attachment":[{"href":"https:\/\/www.labunie.com.pl\/index.php?rest_route=%2Fwp%2Fv2%2Fmedia&parent=6582"}],"wp:term":[{"taxonomy":"category","embeddable":true,"href":"https:\/\/www.labunie.com.pl\/index.php?rest_route=%2Fwp%2Fv2%2Fcategories&post=6582"},{"taxonomy":"post_tag","embeddable":true,"href":"https:\/\/www.labunie.com.pl\/index.php?rest_route=%2Fwp%2Fv2%2Ftags&post=6582"}],"curies":[{"name":"wp","href":"https:\/\/api.w.org\/{rel}","templated":true}]}}