{"id":6564,"date":"2017-09-01T13:46:34","date_gmt":"2017-09-01T11:46:34","guid":{"rendered":"https:\/\/www.labunie.com.pl\/?p=6564"},"modified":"2017-09-28T12:32:38","modified_gmt":"2017-09-28T10:32:38","slug":"informacja-21","status":"publish","type":"post","link":"https:\/\/www.labunie.com.pl\/?p=6564","title":{"rendered":"Informacja"},"content":{"rendered":"<p><strong>Gmina \u0141abunie informuje, \u017ce w okresie od 1.09.2017r. do 30.06.2018r. b\u0119dzie realizowa\u0107 dwa projekty o\u015bwiatowe w ramach Regionalnego Programu Operacyjnego Wojew\u00f3dztwa Lubelskiego na lata 2014-2020, wsp\u00f3\u0142finansowanego ze \u015brodk\u00f3w Europejskiego Funduszu Spo\u0142ecznego Priorytet 12 Edukacja, kwalifikacje i kompetencje Dzia\u0142anie 12.2. Kszta\u0142cenie og\u00f3lne.<\/strong><\/p>\n<p><!--more--><br \/>\n&nbsp;<br \/>\nCelem projekt\u00f3w jest organizacja zaj\u0119\u0107 z ICT, matematyki, przyrody, j\u0119zyka angielskiego i j\u0119zyka niemieckiego przyczyniaj\u0105cych si\u0119 do rozwoju kompetencji kluczowych na rynku pracy dla uczni\u00f3w szk\u00f3\u0142 podstawowych i klas dotychczasowego gimnazjum, podnoszenie kompetencji i kwalifikacji nauczycieli wszystkich przedmiot\u00f3w w zakresie korzystania z nowoczesnych metod technologii i sprz\u0119tu oraz wyposa\u017cenie pracowni matematycznych, przyrodniczych i ICT.<br \/>\n&nbsp;<\/p>\n<table>\n<tbody>\n<tr>\n<td colspan=\"2\">\n<p style=\"text-align: center;\"><strong>Kompetencje kluczowe w \u0141abu\u0144kach<\/strong><\/p>\n<\/td>\n<\/tr>\n<tr style=\"height: 25px;\">\n<td>\n<ul>\n<li>ca\u0142kowita warto\u015b\u0107 projektu<\/li>\n<\/ul>\n<\/td>\n<td>426\u00a0433, 43 PLN<\/td>\n<\/tr>\n<tr style=\"height: 25px;\">\n<td>\n<ul>\n<li>p\u0142atno\u015b\u0107 ze \u015brodk\u00f3w europejskich<\/li>\n<\/ul>\n<\/td>\n<td>362\u00a0468,41 PLN<\/td>\n<\/tr>\n<tr style=\"height: 25px;\">\n<td>\n<ul>\n<li>dotacja celowa z bud\u017cetu krajowego<\/li>\n<\/ul>\n<\/td>\n<td>42\u00a0643, 34 PLN<\/td>\n<\/tr>\n<tr style=\"height: 25px;\">\n<td>\n<ul>\n<li>wk\u0142ad w\u0142asny<\/li>\n<\/ul>\n<\/td>\n<td>21\u00a0321, 68 PLN<\/td>\n<\/tr>\n<tr style=\"height: 25px;\">\n<td>\n<ul>\n<li>poziom unijnego dofinansowania<\/li>\n<\/ul>\n<\/td>\n<td>95%<\/td>\n<\/tr>\n<tr style=\"height: 25px;\">\n<td style=\"text-align: left; vertical-align: top;\">\n<ul>\n<li>lokalizacja realizacji projektu<\/li>\n<\/ul>\n<\/td>\n<td>Szko\u0142a Podstawowa w \u0141abu\u0144kach Pierwszych<br \/>\n\u0141abu\u0144ki Pierwsze 178<br \/>\n22-437 \u0141abunie<\/td>\n<\/tr>\n<\/tbody>\n<\/table>\n<p>&nbsp;<\/p>\n<table>\n<tbody>\n<tr>\n<td colspan=\"2\">\n<p style=\"text-align: center;\"><strong>Szko\u0142a Kluczowych Kompetencji<br \/>\n<\/strong><\/p>\n<\/td>\n<\/tr>\n<tr style=\"height: 25px;\">\n<td>\n<ul>\n<li>ca\u0142kowita warto\u015b\u0107 projektu<\/li>\n<\/ul>\n<\/td>\n<td>441\u00a0593, 75 PLN<\/td>\n<\/tr>\n<tr style=\"height: 25px;\">\n<td>\n<ul>\n<li>p\u0142atno\u015b\u0107 ze \u015brodk\u00f3w europejskich<\/li>\n<\/ul>\n<\/td>\n<td>375\u00a0354,68 PLN<\/td>\n<\/tr>\n<tr style=\"height: 25px;\">\n<td>\n<ul>\n<li>dotacja celowa z bud\u017cetu krajowego<\/li>\n<\/ul>\n<\/td>\n<td>44\u00a0159, 38 PLN<\/td>\n<\/tr>\n<tr style=\"height: 25px;\">\n<td>\n<ul>\n<li>wk\u0142ad w\u0142asny<\/li>\n<\/ul>\n<\/td>\n<td>22\u00a0079, 69 PLN<\/td>\n<\/tr>\n<tr style=\"height: 25px;\">\n<td>\n<ul>\n<li>poziom unijnego dofinansowania<\/li>\n<\/ul>\n<\/td>\n<td>95%<\/td>\n<\/tr>\n<tr style=\"height: 25px;\">\n<td style=\"text-align: left; vertical-align: top;\">\n<ul>\n<li>lokalizacja realizacji projektu<\/li>\n<\/ul>\n<\/td>\n<td>Szko\u0142a Podstawowa w \u0141abuniach<br \/>\n\u0141abunie, ul. Zamojska 1<br \/>\n22-437 \u0141abunie<\/td>\n<\/tr>\n<\/tbody>\n<\/table>\n<p>&nbsp;<br \/>\n<img loading=\"lazy\" decoding=\"async\" src=\"https:\/\/www.labunie.com.pl\/wp-content\/uploads\/2017\/09\/fe-lub-ue.png\" alt=\"\" width=\"630\" height=\"71\" class=\"aligncenter size-full wp-image-6739\" srcset=\"https:\/\/www.labunie.com.pl\/wp-content\/uploads\/2017\/09\/fe-lub-ue.png 630w, https:\/\/www.labunie.com.pl\/wp-content\/uploads\/2017\/09\/fe-lub-ue-300x34.png 300w\" sizes=\"auto, (max-width: 630px) 100vw, 630px\" \/><\/p>\n","protected":false},"excerpt":{"rendered":"<p>Gmina \u0141abunie informuje, \u017ce w okresie od 1.09.2017r. do 30.06.2018r. b\u0119dzie realizowa\u0107 dwa projekty o\u015bwiatowe w ramach Regionalnego Programu Operacyjnego Wojew\u00f3dztwa Lubelskiego na lata 2014-2020, wsp\u00f3\u0142finansowanego ze \u015brodk\u00f3w Europejskiego Funduszu Spo\u0142ecznego Priorytet 12 Edukacja, kwalifikacje i kompetencje Dzia\u0142anie 12.2. Kszta\u0142cenie og\u00f3lne.<\/p>\n","protected":false},"author":7,"featured_media":1476,"comment_status":"closed","ping_status":"closed","sticky":false,"template":"","format":"standard","meta":{"footnotes":""},"categories":[1],"tags":[],"class_list":["post-6564","post","type-post","status-publish","format-standard","has-post-thumbnail","hentry","category-wpisy","clearfix"],"_links":{"self":[{"href":"https:\/\/www.labunie.com.pl\/index.php?rest_route=\/wp\/v2\/posts\/6564","targetHints":{"allow":["GET"]}}],"collection":[{"href":"https:\/\/www.labunie.com.pl\/index.php?rest_route=\/wp\/v2\/posts"}],"about":[{"href":"https:\/\/www.labunie.com.pl\/index.php?rest_route=\/wp\/v2\/types\/post"}],"author":[{"embeddable":true,"href":"https:\/\/www.labunie.com.pl\/index.php?rest_route=\/wp\/v2\/users\/7"}],"replies":[{"embeddable":true,"href":"https:\/\/www.labunie.com.pl\/index.php?rest_route=%2Fwp%2Fv2%2Fcomments&post=6564"}],"version-history":[{"count":5,"href":"https:\/\/www.labunie.com.pl\/index.php?rest_route=\/wp\/v2\/posts\/6564\/revisions"}],"predecessor-version":[{"id":6740,"href":"https:\/\/www.labunie.com.pl\/index.php?rest_route=\/wp\/v2\/posts\/6564\/revisions\/6740"}],"wp:featuredmedia":[{"embeddable":true,"href":"https:\/\/www.labunie.com.pl\/index.php?rest_route=\/wp\/v2\/media\/1476"}],"wp:attachment":[{"href":"https:\/\/www.labunie.com.pl\/index.php?rest_route=%2Fwp%2Fv2%2Fmedia&parent=6564"}],"wp:term":[{"taxonomy":"category","embeddable":true,"href":"https:\/\/www.labunie.com.pl\/index.php?rest_route=%2Fwp%2Fv2%2Fcategories&post=6564"},{"taxonomy":"post_tag","embeddable":true,"href":"https:\/\/www.labunie.com.pl\/index.php?rest_route=%2Fwp%2Fv2%2Ftags&post=6564"}],"curies":[{"name":"wp","href":"https:\/\/api.w.org\/{rel}","templated":true}]}}