{"id":6319,"date":"2017-07-25T18:01:45","date_gmt":"2017-07-25T16:01:45","guid":{"rendered":"https:\/\/www.labunie.com.pl\/?p=6319"},"modified":"2017-07-25T18:03:22","modified_gmt":"2017-07-25T16:03:22","slug":"zaproszenie-38","status":"publish","type":"post","link":"https:\/\/www.labunie.com.pl\/?p=6319","title":{"rendered":"Zaproszenie"},"content":{"rendered":"<p><strong>Referat Promocji i Rozwoju Gminy \u0141abunie i Biblioteka Publiczna Gminy \u0141abunie zapraszaj\u0105 Mieszka\u0144c\u00f3w (dzieci, m\u0142odzie\u017c, doros\u0142ych) na wakacyjne spotkania promuj\u0105ce wydarzenie \u201eX Jubileuszowy Konkurs Interdyscyplinarny W Roku\u2026 300-Lecia Koronacji Obrazu Matki Boskiej Cz\u0119stochowskiej \u00bbR\u00f3\u017cne Oblicza Matki, Mamy, Mate\u0144ki\u00ab\u201d pod Patronatem W\u00f3jta Gminy \u0141abunie i Proboszcza Parafii \u0141abunie. <\/strong><br \/>\n<!--more--><br \/>\n&nbsp;<br \/>\n&nbsp;<\/p>\n<p style=\"text-align: left;\">W programie m.in.: om\u00f3wienie szczeg\u00f3\u0142\u00f3w konkursu, prezentacja wizerunk\u00f3w Matki Boskiej, zapoznanie z histori\u0105 obrazu MB Cz\u0119stochowskiej.<\/p>\n<p>&nbsp;<\/p>\n<p style=\"text-align: center;\"><em><span style=\"text-decoration: underline;\"><strong>Harmonogram spotka\u0144:<\/strong><\/span><\/em><\/p>\n<p style=\"text-align: left; padding-left: 30px;\">\n<strong>w godz. 10.00 &#8211; 12.00<\/strong><\/p>\n<ul>\n<li style=\"text-align: left;\"><strong>24 lipca<\/strong>: Br\u00f3dek \u2013 \u015bwietlica<\/li>\n<li style=\"text-align: left;\"><strong>25 lipca<\/strong>: Dabrowa \u2013 \u015bwietlica<\/li>\n<li style=\"text-align: left;\"><strong>26 lipca<\/strong>: Barchacz\u00f3w \u2013 Izba Muzealna<\/li>\n<li style=\"text-align: left;\"><strong>27 lipca<\/strong>: Moc\u00f3wka \u2013 \u015bwietlica<\/li>\n<li style=\"text-align: left;\"><strong>28 lipca<\/strong>: \u0141abu\u0144ki Drugie \u2013 \u015bwietlica<\/li>\n<li style=\"text-align: left;\"><strong>31 lipca<\/strong>: \u0141abu\u0144ki Pierwsze \u2013 \u015bwietlica<\/li>\n<li style=\"text-align: left;\"><strong>1 sierpnia<\/strong>: Wierzbie \u2013 \u015bwietlica<\/li>\n<li style=\"text-align: left;\"><strong>2 sierpnia<\/strong>: Rusz\u00f3w \u2013 \u015bwietlica<\/li>\n<li style=\"text-align: left;\"><strong>3 sierpnia<\/strong>: Majdan Rusz. \u2013 \u015bwietlica<\/li>\n<li style=\"text-align: left;\"><strong>4 sierpnia<\/strong>: \u0141abunie-Reforma \u2013 \u015bwietlica<\/li>\n<li style=\"text-align: left;\"><strong>7 sierpnia<\/strong>: W\u00f3lka \u0141abu\u0144ska \u2013 \u015bwietlica<\/li>\n<li style=\"text-align: left;\"><strong>8 sierpnia<\/strong>: \u0141abunie \u2013 Biblioteka Publiczna Gminy \u0141abunie<\/li>\n<\/ul>\n<p>&nbsp;<br \/>\nRegulamin Konkursu:<br \/>\nhttps:\/\/www.labunie.com.pl\/informator\/konkursy\/rozne-oblicza-matki-mamy-matenki\/<\/p>\n","protected":false},"excerpt":{"rendered":"<p>Referat Promocji i Rozwoju Gminy \u0141abunie i Biblioteka Publiczna Gminy \u0141abunie zapraszaj\u0105 Mieszka\u0144c\u00f3w (dzieci, m\u0142odzie\u017c, doros\u0142ych) na wakacyjne spotkania promuj\u0105ce wydarzenie \u201eX Jubileuszowy Konkurs Interdyscyplinarny W Roku\u2026 300-Lecia Koronacji Obrazu Matki Boskiej Cz\u0119stochowskiej \u00bbR\u00f3\u017cne Oblicza Matki, Mamy, Mate\u0144ki\u00ab\u201d pod Patronatem W\u00f3jta Gminy \u0141abunie i Proboszcza Parafii \u0141abunie.<\/p>\n","protected":false},"author":7,"featured_media":6322,"comment_status":"closed","ping_status":"closed","sticky":false,"template":"","format":"standard","meta":{"footnotes":""},"categories":[1],"tags":[],"class_list":["post-6319","post","type-post","status-publish","format-standard","has-post-thumbnail","hentry","category-wpisy","clearfix"],"_links":{"self":[{"href":"https:\/\/www.labunie.com.pl\/index.php?rest_route=\/wp\/v2\/posts\/6319","targetHints":{"allow":["GET"]}}],"collection":[{"href":"https:\/\/www.labunie.com.pl\/index.php?rest_route=\/wp\/v2\/posts"}],"about":[{"href":"https:\/\/www.labunie.com.pl\/index.php?rest_route=\/wp\/v2\/types\/post"}],"author":[{"embeddable":true,"href":"https:\/\/www.labunie.com.pl\/index.php?rest_route=\/wp\/v2\/users\/7"}],"replies":[{"embeddable":true,"href":"https:\/\/www.labunie.com.pl\/index.php?rest_route=%2Fwp%2Fv2%2Fcomments&post=6319"}],"version-history":[{"count":5,"href":"https:\/\/www.labunie.com.pl\/index.php?rest_route=\/wp\/v2\/posts\/6319\/revisions"}],"predecessor-version":[{"id":6326,"href":"https:\/\/www.labunie.com.pl\/index.php?rest_route=\/wp\/v2\/posts\/6319\/revisions\/6326"}],"wp:featuredmedia":[{"embeddable":true,"href":"https:\/\/www.labunie.com.pl\/index.php?rest_route=\/wp\/v2\/media\/6322"}],"wp:attachment":[{"href":"https:\/\/www.labunie.com.pl\/index.php?rest_route=%2Fwp%2Fv2%2Fmedia&parent=6319"}],"wp:term":[{"taxonomy":"category","embeddable":true,"href":"https:\/\/www.labunie.com.pl\/index.php?rest_route=%2Fwp%2Fv2%2Fcategories&post=6319"},{"taxonomy":"post_tag","embeddable":true,"href":"https:\/\/www.labunie.com.pl\/index.php?rest_route=%2Fwp%2Fv2%2Ftags&post=6319"}],"curies":[{"name":"wp","href":"https:\/\/api.w.org\/{rel}","templated":true}]}}