{"id":6271,"date":"2017-07-06T07:00:55","date_gmt":"2017-07-06T05:00:55","guid":{"rendered":"https:\/\/www.labunie.com.pl\/?p=6271"},"modified":"2017-07-07T21:52:36","modified_gmt":"2017-07-07T19:52:36","slug":"duet-one-na-festiwalu-w-tworyczowie","status":"publish","type":"post","link":"https:\/\/www.labunie.com.pl\/?p=6271","title":{"rendered":"Duet &#8220;One&#8221; na festiwalu w Tworyczowie"},"content":{"rendered":"<p><strong>W dniach 28-29 czerwca 2017 roku w zabytkowym drewnianym ko\u015bciele w Tworyczowie odby\u0142 si\u0119 I Festiwal Tw\u00f3rczo\u015bci Patriotyczno\u2013Chrze\u015bcija\u0144skiej \u201eDok\u0105d zmierzasz?&#8221;, kt\u00f3rego organizatorami byli Gmina Su\u0142\u00f3w, Gminna Biblioteka Publiczna im. Feliksy Po\u017adzik i parafia pod wezwaniem \u015bw. app. Piotra i Paw\u0142a w Tworyczowie.<\/strong><\/p>\n<p><!--more--><br \/>\n&nbsp;<br \/>\nTegoroczny festiwal zapocz\u0105tkowa\u0142, na kolejne lata, tradycj\u0119 wsp\u00f3lnego prze\u017cywania \u017cycia cz\u0142owieka w duchu chrze\u015bcija\u0144sko-patriotycznym, przenikania si\u0119 pomys\u0142\u00f3w i do\u015bwiadcze\u0144 w pracy artystycznej.<br \/>\nFestiwal obejmowa\u0142 zasi\u0119giem wojew\u00f3dztwo lubelskie. Do wyst\u0119pu zg\u0142osi\u0142o si\u0119 ponad 300 uczestnik\u00f3w z terenu ca\u0142ego wojew\u00f3dztwa, solist\u00f3w, zespo\u0142\u00f3w i ch\u00f3r\u00f3w.<br \/>\n&nbsp;<br \/>\nCelem jego by\u0142o zaprezentowanie dorobku uznanych artyst\u00f3w jak i odkrywanie oraz promocja m\u0142odych talent\u00f3w artystycznych, w tym muzycznych, plastycznych, aktorskich, recytatorskich i fotograficznych.<br \/>\n&nbsp;<br \/>\nW kategorii &#8220;Zespo\u0142y wokalne&#8221; zwyci\u0119\u017cy\u0142 Duet &#8220;One&#8221; (Bo\u017cena Wr\u00f3blewska i Kamila Wr\u00f3blewska)<br \/>\n&nbsp;<br \/>\n<iframe loading=\"lazy\" width=\"630\" height=\"350\" src=\"https:\/\/www.youtube.com\/embed\/4m7HiDOOxE4\" frameborder=\"0\" allowfullscreen><\/iframe><br \/>\n&nbsp;<br \/>\n<div id='pe-gallery-1' class='pe-gallery pe-gallery-6271 columns-3 img-size-medium'><div class='pe-row'><div class='col-md-4'><figure tabindex='0' class='pe-gallery-item ' ><div class='pe-gallery-image landscape'>\n\t\t\t\t\t\t\t<a href=\"https:\/\/www.labunie.com.pl\/wp-content\/uploads\/2017\/07\/tw3.jpg\" data-rel=\"lightbox-gallery-jga1DZO2\" data-rl_title=\"\" data-rl_caption=\"\" title=\"\"><img loading=\"lazy\" decoding=\"async\" width=\"300\" height=\"200\" src=\"https:\/\/www.labunie.com.pl\/wp-content\/uploads\/2017\/07\/tw3-300x200.jpg\" class=\"attachment-medium size-medium\" alt=\"tw3\" data-no-retina=\"\" aria-describedby=\"gallery-1-6272\" srcset=\"https:\/\/www.labunie.com.pl\/wp-content\/uploads\/2017\/07\/tw3-300x200.jpg 300w, https:\/\/www.labunie.com.pl\/wp-content\/uploads\/2017\/07\/tw3-768x511.jpg 768w, https:\/\/www.labunie.com.pl\/wp-content\/uploads\/2017\/07\/tw3.jpg 1000w\" sizes=\"auto, (max-width: 300px) 100vw, 300px\" \/><\/a>\n\t\t\t\t\t\t<\/div><figcaption class='wp-caption-text pe-gallery-caption'>\n\t\t\t\t\t\t\t\ttw3\n\t\t\t\t\t\t\t<\/figcaption><\/figure><\/div><div class='col-md-4'><figure tabindex='0' class='pe-gallery-item ' ><div class='pe-gallery-image portrait'>\n\t\t\t\t\t\t\t<a href=\"https:\/\/www.labunie.com.pl\/wp-content\/uploads\/2017\/07\/tw1.jpg\" data-rel=\"lightbox-gallery-jga1DZO2\" data-rl_title=\"\" data-rl_caption=\"\" title=\"\"><img loading=\"lazy\" decoding=\"async\" width=\"225\" height=\"300\" src=\"https:\/\/www.labunie.com.pl\/wp-content\/uploads\/2017\/07\/tw1-225x300.jpg\" class=\"attachment-medium size-medium\" alt=\"\" data-no-retina=\"\" srcset=\"https:\/\/www.labunie.com.pl\/wp-content\/uploads\/2017\/07\/tw1-225x300.jpg 225w, https:\/\/www.labunie.com.pl\/wp-content\/uploads\/2017\/07\/tw1.jpg 750w\" sizes=\"auto, (max-width: 225px) 100vw, 225px\" \/><\/a>\n\t\t\t\t\t\t<\/div><\/figure><\/div><div class='col-md-4'><figure tabindex='0' class='pe-gallery-item ' ><div class='pe-gallery-image portrait'>\n\t\t\t\t\t\t\t<a href=\"https:\/\/www.labunie.com.pl\/wp-content\/uploads\/2017\/07\/tw2.jpg\" data-rel=\"lightbox-gallery-jga1DZO2\" data-rl_title=\"\" data-rl_caption=\"\" title=\"\"><img loading=\"lazy\" decoding=\"async\" width=\"225\" height=\"300\" src=\"https:\/\/www.labunie.com.pl\/wp-content\/uploads\/2017\/07\/tw2-225x300.jpg\" class=\"attachment-medium size-medium\" alt=\"tw2\" data-no-retina=\"\" aria-describedby=\"gallery-1-6274\" srcset=\"https:\/\/www.labunie.com.pl\/wp-content\/uploads\/2017\/07\/tw2-225x300.jpg 225w, https:\/\/www.labunie.com.pl\/wp-content\/uploads\/2017\/07\/tw2.jpg 750w\" sizes=\"auto, (max-width: 225px) 100vw, 225px\" \/><\/a>\n\t\t\t\t\t\t<\/div><figcaption class='wp-caption-text pe-gallery-caption'>\n\t\t\t\t\t\t\t\ttw2\n\t\t\t\t\t\t\t<\/figcaption><\/figure><\/div><\/div><\/div>\n<\/p>\n","protected":false},"excerpt":{"rendered":"<p>W dniach 28-29 czerwca 2017 roku w zabytkowym drewnianym ko\u015bciele w Tworyczowie odby\u0142 si\u0119 I Festiwal Tw\u00f3rczo\u015bci Patriotyczno\u2013Chrze\u015bcija\u0144skiej \u201eDok\u0105d zmierzasz?&#8221;, kt\u00f3rego organizatorami byli Gmina Su\u0142\u00f3w, Gminna Biblioteka Publiczna im. Feliksy Po\u017adzik i parafia pod wezwaniem \u015bw. app. Piotra i Paw\u0142a w Tworyczowie.<\/p>\n","protected":false},"author":7,"featured_media":6275,"comment_status":"closed","ping_status":"closed","sticky":false,"template":"","format":"standard","meta":{"footnotes":""},"categories":[1],"tags":[],"class_list":["post-6271","post","type-post","status-publish","format-standard","has-post-thumbnail","hentry","category-wpisy","clearfix"],"_links":{"self":[{"href":"https:\/\/www.labunie.com.pl\/index.php?rest_route=\/wp\/v2\/posts\/6271","targetHints":{"allow":["GET"]}}],"collection":[{"href":"https:\/\/www.labunie.com.pl\/index.php?rest_route=\/wp\/v2\/posts"}],"about":[{"href":"https:\/\/www.labunie.com.pl\/index.php?rest_route=\/wp\/v2\/types\/post"}],"author":[{"embeddable":true,"href":"https:\/\/www.labunie.com.pl\/index.php?rest_route=\/wp\/v2\/users\/7"}],"replies":[{"embeddable":true,"href":"https:\/\/www.labunie.com.pl\/index.php?rest_route=%2Fwp%2Fv2%2Fcomments&post=6271"}],"version-history":[{"count":2,"href":"https:\/\/www.labunie.com.pl\/index.php?rest_route=\/wp\/v2\/posts\/6271\/revisions"}],"predecessor-version":[{"id":6278,"href":"https:\/\/www.labunie.com.pl\/index.php?rest_route=\/wp\/v2\/posts\/6271\/revisions\/6278"}],"wp:featuredmedia":[{"embeddable":true,"href":"https:\/\/www.labunie.com.pl\/index.php?rest_route=\/wp\/v2\/media\/6275"}],"wp:attachment":[{"href":"https:\/\/www.labunie.com.pl\/index.php?rest_route=%2Fwp%2Fv2%2Fmedia&parent=6271"}],"wp:term":[{"taxonomy":"category","embeddable":true,"href":"https:\/\/www.labunie.com.pl\/index.php?rest_route=%2Fwp%2Fv2%2Fcategories&post=6271"},{"taxonomy":"post_tag","embeddable":true,"href":"https:\/\/www.labunie.com.pl\/index.php?rest_route=%2Fwp%2Fv2%2Ftags&post=6271"}],"curies":[{"name":"wp","href":"https:\/\/api.w.org\/{rel}","templated":true}]}}