{"id":6232,"date":"2017-06-30T12:47:58","date_gmt":"2017-06-30T10:47:58","guid":{"rendered":"https:\/\/www.labunie.com.pl\/?p=6232"},"modified":"2017-07-01T15:37:22","modified_gmt":"2017-07-01T13:37:22","slug":"noc-swietojanska-2017","status":"publish","type":"post","link":"https:\/\/www.labunie.com.pl\/?p=6232","title":{"rendered":"Noc \u015awi\u0119toja\u0144ska 2017"},"content":{"rendered":"<p><strong>VII Noc \u015awi\u0119toja\u0144ska nad Krynic\u0105 ju\u017c za nami.<\/strong> Impreza pod has\u0142em &#8220;cuda wianki i r\u00f3\u017cne inne niespodzianki&#8221; &#8211; a by\u0142y &#8211; odby\u0142a si\u0119 24 czerwca 2017 r. przy \u015awietlicy Wiejskiej w Wierzbiu. Organizatorami tej corocznej imprezy plenerowej byli: W\u00f3jt Gminy \u0141abunie, Ko\u0142o Gospody\u0144 Wiejskich w Wierzbiu, So\u0142tys i Rada So\u0142ecka wsi Wierzbie.<\/p>\n<p>Oj, dzia\u0142o si\u0119, dzia\u0142o tego wieczora w Wierzbiu! Ma\u0142o tego, dzia\u0142o si\u0119 wszystko zgodnie z planem.<\/p>\n<p><!--more--><\/p>\n<p><strong>By\u0142o sob\u00f3tkowo <\/strong>&#8211; za spraw\u0105 i\u015bcie \u015bwi\u0119toja\u0144skiej scenerii. Atmosfer\u0119 \u015bwi\u0119toja\u0144skiej nocy da\u0142o si\u0119 w Wierzbiu zaobserwowa\u0107 ju\u017c na kilka dni przed imprez\u0105. Kulminacja nast\u0105pi\u0142a w sobot\u0119, kiedy to scena ustawiona przy \u015bwietlicy przystrojona zosta\u0142a w t\u0119czowe barwy polskiej wsi, a dodatkowo wzbogacone promieniami zachodz\u0105cego s\u0142o\u0144ca urzeka\u0142y pi\u0119knem i tajemniczo\u015bci\u0105.<\/p>\n<p><strong>By\u0142o t\u0142oczno <\/strong>&#8211; za spraw\u0105 licznie przyby\u0142ych go\u015bci. Gdy zbli\u017ca\u0142a si\u0119 godzina 16 z ka\u017cd\u0105 minut\u0105 w Wierzbiu robi\u0142o si\u0119 gwarnie i rado\u015bnie. Miejsca zape\u0142nia\u0142y si\u0119. Go\u015bcie nie zawiedli i tym razem. Swoj\u0105 obecno\u015bci\u0105 zaszczycili nas: W\u00f3jt Gminy \u0141abunie pan Antoni Wojciech Turczyn oraz Przewodnicz\u0105cy Rady Gminy pan Adam Knia\u017a. Oczywi\u015bcie punktualnie stawi\u0142y si\u0119 Ko\u0142a Gospody\u0144 Wiejskich Gminy \u0141abunie, Zespo\u0142y Artystyczne, mieszka\u0144cy okolicznych miejscowo\u015bci oraz mieszka\u0144cy wsi Wierzbie. Go\u015bci witali: przewodnicz\u0105ca KGW pani Monika Pokryszka, kt\u00f3ra od tego roku przej\u0119\u0142a obowi\u0105zki dotychczasowej przewodnicz\u0105cej pani Marii Niemczuk, kt\u00f3rej dzi\u015b z serca dzi\u0119kujemy i \u017cyczymy zdrowia oraz so\u0142tys pan Stanis\u0142aw Py\u015b. Wszystkim przyby\u0142ym Go\u015bciom serdecznie dzi\u0119kujemy za obecno\u015b\u0107.<\/p>\n<p><strong>By\u0142o skocznie <\/strong>&#8211; za spraw\u0105 rozta\u0144czonych dzieciak\u00f3w. Wszyscy znamy spontaniczno\u015b\u0107, prawdziwo\u015b\u0107 i \u017cywio\u0142owo\u015b\u0107 dzieci, kt\u00f3ra nie zna granic. I oto w Wierzbiu zadebiutowa\u0142y \u0141abu\u0144skie Iskierki pod kierunkiem pani Haliny Piskorz. Oczywi\u015bcie zachwyci\u0142y swym wyst\u0119pem i zapewne nie raz jeszcze zachwyc\u0105. Wierzbiecka scena otworzy\u0142a te\u017c podwoje dla najm\u0142odszych artyst\u00f3w: wyst\u0105pi\u0142a m.in. Julka Lachawiec, Amelka Niemczuk, Karina Kolaja i dla m\u0142odych talent\u00f3w: wyst\u0105pi\u0142a Zuzanna Wojczuk pod kierunkiem pani Doroty Turczyn. I ju\u017c po ich wyst\u0119pach mamy pewno\u015b\u0107, \u017ce tradycja \u015bwi\u0119toja\u0144skiej nocy u nas nie zaginie.<\/p>\n<p><strong>By\u0142o weso\u0142o<\/strong> &#8211; za spraw\u0105 bogatego programu artystycznego. Tradycj\u0105 jest ju\u017c w Wierzbiu wyst\u0119p gospodarzy &#8211; wierzbieckiej &#8220;Zorzy&#8221; &#8211; z programem p\u00f3\u0142 \u017cartem p\u00f3\u0142 serio, kt\u00f3ry w tym roku nosi\u0142 nazw\u0119: &#8220;Nad Krynic\u0105 siedz\u0105 jak anio\u0142 dzieweczki&#8221;. Oczywi\u015bcie: wij\u0105 sobie wij\u0105, prze\u015bliczne wianeczki. A wianeczki wi\u0142y: Wiktoria Pokryszka, Martyna Kobieluch i Wiktoria Fiuk. Smaczku dodawa\u0142y klimatyczne m\u0119skie rozwa\u017cania naszego poety pana Stasia Kulaszy oraz przenosi\u0142y w zaczarowany \u015bwiat m\u0142odzie\u0144czych lat s\u0142owa piosenki &#8220;Mi\u0142o\u015b\u0107 w Portofino&#8221; w pi\u0119knym wykonaniu pani Marii Skowyry. Mi\u0142o nam donie\u015b\u0107, \u017ce ujawni\u0142 si\u0119 jeszcze jeden lokalny talent w osobie pani Lucyny Kudyk i jej kunszcie recytatorskim. Na scenie zaprezentowa\u0142y si\u0119 tak\u017ce brawurowo: z piosenk\u0105 Kapela Ogrodniczki z \u0141abuniek Pierwszych, Duet One z \u0141abu\u0144 i z kabaretem, po prostu zrywanie bok\u00f3w, KGW \u0141abunie oraz W\u00f3lka \u0141abu\u0144ska. Nad scenariuszem czuwa\u0142 i program prowadzi\u0142 pan Jacek Pokryszka. Fajnie by\u0142o! Wszyscy to m\u00f3wi\u0105.<\/p>\n<p><strong>By\u0142o konkursowo<\/strong> &#8211; za spraw\u0105 kwietnych wiank\u00f3w \u015bwi\u0119toja\u0144skich. Podczas nocy \u015bwi\u0119toja\u0144skiej w Wierzbiu nie mog\u0142o zabrakn\u0105\u0107 konkursu na \u015bwi\u0119toja\u0144ski wianek pt. &#8220;Cuda wianki&#8221;. Jak co roku konkurs odby\u0142 si\u0119 w dwu kategoriach: KGW Gminy \u0141abunie oraz Reszta \u015awiata. Ka\u017cdy wianek dumnie unosi\u0142 si\u0119 w wype\u0142nionym wod\u0105 basenie, kt\u00f3ry stan\u0105\u0142 przy scenie. Kr\u0119\u0107 si\u0119 kr\u0119\u0107 wianeczku, p\u0142y\u0144 wianeczku, p\u0142y\u0144. My to wiemy lepiej, ka\u017cdy \u0142adny by\u0142! To jeszcze z piosenki wierzbieckiej Zorzy. To sparafrazowane s\u0142owa znanego utworu S. Moniuszki &#8220;Prz\u0105\u015bniczka&#8221;, trafnie oddaj\u0105ce urok wszystkich wiank\u00f3w. Z uwagi, \u017ce ka\u017cdy urzeka\u0142 i zachwyca\u0142 swym pi\u0119knem, wszyscy wykonawcy zostali nagrodzeni. Nagrody dla artyst\u00f3w jak co roku ufundowa\u0142 i wr\u0119czy\u0142 W\u00f3jt Gminy \u0141abunie, za co serdecznie dzi\u0119kujemy. A nasze dziewczyny w wiankach &#8211; ach, och, cudo. \u00d3smy cud \u015bwiata.<\/p>\n<p><strong>By\u0142o smakowicie<\/strong> &#8211; za spraw\u0105 pysznego pocz\u0119stunku. Wszyscy znamy has\u0142o: &#8220;Najlepiej smakuje w \u0141abuniach&#8221;. W Wierzbiu te\u017c wszystko smakowa\u0142o. Dziewczyny z ko\u0142a i ch\u0142opaki z rady so\u0142eckiej przygotowa\u0142y smakowito\u015bci dla wszystkich go\u015bci. Cz\u0119stowano bezp\u0142atnym bigosikiem, kie\u0142baskami grillowanymi i ciasteczkami a reszt\u0119 mo\u017cna by\u0142o dokupi\u0107 w miejscowym sklepie u pani Ma\u0142gorzaty Kulaszy. Przygotowanie tylu darmowych porcji mo\u017cliwe by\u0142o dzi\u0119ki finansowemu wsparciu W\u00f3jta Gminy. Raz jeszcze na r\u0119ce W\u00f3jta Gminy pana Antoniego Wojciecha Turczyna, Przewodnicz\u0105cego Rady Gminy pana Adama Kniazia i Kierownika Referatu Promocji Urz\u0119du Gminy pani Agnieszki Pieli kierujemy s\u0142owa serdecznych podzi\u0119kowa\u0144 za wsparcie, przychylno\u015b\u0107 i pomoc w organizacji imprezy.<\/p>\n<p><strong>By\u0142o romantycznie<\/strong> &#8211; za spraw\u0105 zabawy pod gwiazdami. Oczywi\u015bcie tego sob\u00f3tkowego wieczora w Wierzbiu nie mog\u0142o zabrakn\u0105\u0107 te\u017c dobrej muzyki i zabawy. Skoczne rytmy muzyki podczas zabawy pod gwiazdami zapewni\u0142 pan Miros\u0142aw Wolski, kt\u00f3ry by\u0142 te\u017c realizatorem d\u017awi\u0119ku podczas ca\u0142ej imprezy. Typowy przyk\u0142ad dobrej od wielu lat wsp\u00f3\u0142pracy: ta\u0144czymy jak nam graj\u0105. Dzi\u0119kujemy bardzo!<\/p>\n<p><strong>By\u0142o przyjemnie<\/strong> &#8211; za spraw\u0105 wsp\u00f3lnie sp\u0119dzonego czasu. Dzi\u015b ka\u017cdy \u017cyje szybko, ka\u017cdy nie ma czasu w tym zabieganym \u015bwiecie. Dzi\u0119ki takim imprezom jak w Wierzbiu, czy w innych so\u0142ectwach gminy istnieje mo\u017cliwo\u015b\u0107 zatrzyma\u0107 si\u0119 na chwil\u0119, spotka\u0107 si\u0119 ze znajomymi, usi\u0105\u015b\u0107, pogada\u0107, powspomina\u0107, pota\u0144czy\u0107, po\u015bmia\u0107 si\u0119. Poby\u0107 po prostu razem.<\/p>\n<p><strong>By\u0142o profesjonalnie<\/strong> &#8211; za spraw\u0105 dobrej organizacji imprezy. Organizacja takich imprez jak Noc \u015awi\u0119toja\u0144ska w Wierzbiu wymaga pracy. Wymaga wnikliwej analizy, konstruktywnej dyskusji, wymiany zda\u0144, jak\u017ce cz\u0119sto odmiennych i wypracowywania kompromisowych rozwi\u0105za\u0144. Wymaga pr\u00f3b, czasu. Wymaga odpowiedzialno\u015bci i zaanga\u017cowania oraz wsp\u00f3\u0142pracy podczas realizacji powierzonych zada\u0144. Na koniec jeszcze posprz\u0105ta\u0107 potrzeba. Osobom zaanga\u017cowanym w obs\u0142ug\u0119 i organizacj\u0119 imprezy sk\u0142adamy ogromne podzi\u0119kowania. Dzi\u0119kujemy te\u017c funkcjonariuszom Posterunku Policji w \u0141abuniach za patrolowanie wsi tego wieczora oraz Kasi Py\u015b za relacj\u0119 fotograficzn\u0105.<\/p>\n<p><strong>By\u0142o pogodnie<\/strong> &#8211; za spraw\u0105 sprzyjaj\u0105cej czerwcowej aury. Patrz\u0105c na poprzednie dziewi\u0119\u0107 punkt\u00f3w by\u0142o&#8230; to pogodzie w Wierzbiu w ten dzie\u0144 nie pasowa\u0142o si\u0119 ju\u017c wyg\u0142upi\u0107. By\u0142o w sam raz. Nie za zimno, nie za gor\u0105co, ani deszczowo. Po prostu super! To si\u0119 nazywa mie\u0107 szcz\u0119\u015bcie!<\/p>\n<p><strong>By\u0142o dobrze, bo tak by\u0107 mia\u0142o! <\/strong>Mamy nadziej\u0119 i zapewnienia uczestnik\u00f3w, \u017ce ka\u017cdy bawi\u0142 si\u0119 \u015bwietnie w Wierzbiu w t\u0119 \u015bwi\u0119toja\u0144sk\u0105 noc.<\/p>\n<p>Organizatorzy sk\u0142adaj\u0105 raz jeszcze serdeczne podzi\u0119kowania W\u0142adzom Gminy, wszystkim osobom, kt\u00f3re do\u0142o\u017cy\u0142y wszelkich stara\u0144 oraz udzieli\u0142y wsparcia i pomocy w przygotowanie tej \u015bwi\u0119toja\u0144skiej imprezy. A nade wszystko dzi\u0119kujemy wszystkim uczestnikom spotkania. Naprawd\u0119 niech \u017ca\u0142uj\u0105 ci, co nie byli, nawet pan W\u00f3jt tak m\u00f3wi\u0142. Na pocieszenie mamy zapewnienie, \u017ce nast\u0119pna Noc \u015awi\u0119toja\u0144ska w Wierzbiu ju\u017c za rok. Zatem do zobaczenia. Oj, b\u0119dzie si\u0119 dzia\u0142o! A co!<\/p>\n<p style=\"text-align: right;\">Radna Gminy \u0141abunie<\/p>\n<p style=\"text-align: right;\">Teresa Urszula Zwolan<\/p>\n<p style=\"text-align: left;\">Zapraszamy do obejrzenia galerii zdj\u0119\u0107:<\/p>\n<p style=\"text-align: left;\">[lg_folder folder=&#8221;20170624\/&#8221; count=&#8221;40&#8243; paging=&#8221;false&#8221;]<\/p>\n","protected":false},"excerpt":{"rendered":"<p>VII Noc \u015awi\u0119toja\u0144ska nad Krynic\u0105 ju\u017c za nami. Impreza pod has\u0142em &#8220;cuda wianki i r\u00f3\u017cne inne niespodzianki&#8221; &#8211; a by\u0142y &#8211; odby\u0142a si\u0119 24 czerwca 2017 r. przy \u015awietlicy Wiejskiej w Wierzbiu. Organizatorami tej corocznej imprezy plenerowej byli: W\u00f3jt Gminy \u0141abunie, Ko\u0142o Gospody\u0144 Wiejskich w Wierzbiu, So\u0142tys i Rada So\u0142ecka wsi Wierzbie. Oj, dzia\u0142o si\u0119, [&hellip;]<\/p>\n","protected":false},"author":9,"featured_media":6234,"comment_status":"closed","ping_status":"closed","sticky":false,"template":"","format":"standard","meta":{"footnotes":""},"categories":[1],"tags":[],"class_list":["post-6232","post","type-post","status-publish","format-standard","has-post-thumbnail","hentry","category-wpisy","clearfix"],"_links":{"self":[{"href":"https:\/\/www.labunie.com.pl\/index.php?rest_route=\/wp\/v2\/posts\/6232","targetHints":{"allow":["GET"]}}],"collection":[{"href":"https:\/\/www.labunie.com.pl\/index.php?rest_route=\/wp\/v2\/posts"}],"about":[{"href":"https:\/\/www.labunie.com.pl\/index.php?rest_route=\/wp\/v2\/types\/post"}],"author":[{"embeddable":true,"href":"https:\/\/www.labunie.com.pl\/index.php?rest_route=\/wp\/v2\/users\/9"}],"replies":[{"embeddable":true,"href":"https:\/\/www.labunie.com.pl\/index.php?rest_route=%2Fwp%2Fv2%2Fcomments&post=6232"}],"version-history":[{"count":5,"href":"https:\/\/www.labunie.com.pl\/index.php?rest_route=\/wp\/v2\/posts\/6232\/revisions"}],"predecessor-version":[{"id":6239,"href":"https:\/\/www.labunie.com.pl\/index.php?rest_route=\/wp\/v2\/posts\/6232\/revisions\/6239"}],"wp:featuredmedia":[{"embeddable":true,"href":"https:\/\/www.labunie.com.pl\/index.php?rest_route=\/wp\/v2\/media\/6234"}],"wp:attachment":[{"href":"https:\/\/www.labunie.com.pl\/index.php?rest_route=%2Fwp%2Fv2%2Fmedia&parent=6232"}],"wp:term":[{"taxonomy":"category","embeddable":true,"href":"https:\/\/www.labunie.com.pl\/index.php?rest_route=%2Fwp%2Fv2%2Fcategories&post=6232"},{"taxonomy":"post_tag","embeddable":true,"href":"https:\/\/www.labunie.com.pl\/index.php?rest_route=%2Fwp%2Fv2%2Ftags&post=6232"}],"curies":[{"name":"wp","href":"https:\/\/api.w.org\/{rel}","templated":true}]}}