{"id":6204,"date":"2017-06-22T09:52:40","date_gmt":"2017-06-22T07:52:40","guid":{"rendered":"https:\/\/www.labunie.com.pl\/?p=6204"},"modified":"2017-06-22T09:52:59","modified_gmt":"2017-06-22T07:52:59","slug":"zlote-gody-2","status":"publish","type":"post","link":"https:\/\/www.labunie.com.pl\/?p=6204","title":{"rendered":"Z\u0142ote Gody"},"content":{"rendered":"<p><strong>20 czerwca w Domu Kultury w \u0141abuniach odby\u0142o si\u0119 uroczyste wr\u0119czenie nadanych przez Prezydenta Rzeczypospolitej Polskiej <em>Medali za D\u0142ugoletnie Po\u017cycie Ma\u0142\u017ce\u0144skie<\/em> 25 parom z terenu Gminy \u0141abunie, kt\u00f3re w latach 1966-1967 zawiera\u0142y zwi\u0105zek ma\u0142\u017ce\u0144ski.<\/strong><span id=\"more-1386\"><\/span><\/p>\n<p><!--more--><br \/>\n&nbsp;<br \/>\n&nbsp;<br \/>\n&nbsp;<br \/>\nUroczyst\u0105 dekoracj\u0105 par \u00a0poprzedzi\u0142a Msza \u015bw. w intencji Jubilat\u00f3w koncelebrowana przez ks. proboszcza Piotra Rawlika i ks. seniora Aleksandra Sieciechowicza w ko\u015bciele parafialnym w \u0141abuniach.<br \/>\n&nbsp;<\/p>\n<div align=\"justify\">Nast\u0119pnie odznaczenia Jubilatom wr\u0119czy\u0142 W\u00f3jt Gminy \u0141abunie Antoni Wojciech Turczyn,\u00a0listy gratulacyjne Marsza\u0142ka Wojew\u00f3dztwa Lubelskiego &#8211; Kierownik Delegatury Aneta Najda,\u00a0a upominki ksi\u0105\u017ckowe\u00a0Starosty Powiatu Zamojskiego przekaza\u0142 Sekretarz Powiatu Jerzy Zawadzki.<\/div>\n<div align=\"justify\"><\/div>\n<p>&nbsp;<\/p>\n<div align=\"justify\">Prezydent RP Postanowieniem z dnia 15 marca 2017 r. odznaczy\u0142:<\/div>\n<ul>\n<li>Halin\u0119 i Eugeniusza Bieleckich<\/li>\n<li>Zofi\u0119 i Jana Braneckich<\/li>\n<li>Teres\u0119 i Witolda Giera\u0142\u00f3w<\/li>\n<li>Mieczys\u0142aw\u0119 i W\u0142adys\u0142awa Janeczk\u00f3w<\/li>\n<li>Stanis\u0142aw\u0119 i Stanis\u0142awa Jastrz\u0119bskich<\/li>\n<li>Danut\u0119 i Stanis\u0142awa J\u0119druszk\u00f3w<\/li>\n<li>Czes\u0142aw\u0119 i Kazimierza J\u0119drzejewskich<\/li>\n<li>Halin\u0119 i Jana Kap\u0142on\u00f3w<\/li>\n<li>Krystyn\u0119 i Ryszarda Kap\u0142on\u00f3w<\/li>\n<li>Danut\u0119 i Franciszka Ko\u0142odziejczuk\u00f3w<\/li>\n<li>Teres\u0119 i Bonifacego Kosak\u00f3w<\/li>\n<li>Mari\u0119 i Ryszarda Lisowskich<\/li>\n<li>Danut\u0119 i Stanis\u0142awa \u0141azorczyk\u00f3w<\/li>\n<li>Krystyn\u0119 i Stanis\u0142awa Malinowskich<\/li>\n<li>Janin\u0119 i Stanis\u0142awa Maliszowskich<\/li>\n<li>Barbar\u0119 i Tadeusza Niemczyckich<\/li>\n<li>Mariann\u0119 i W\u0142adys\u0142awa Skib\u00f3w<\/li>\n<li>Zofi\u0119 i Tadeusza Sow\u00f3w<\/li>\n<li>Ew\u0119 i Dominika Stropk\u00f3w<\/li>\n<li>Celin\u0119 i Jana Szal\u00f3w<\/li>\n<li>Teres\u0119 i Adama Szyku\u0142\u00f3w<\/li>\n<li>\u0141ucj\u0119 i Stanis\u0142awa Wdowiak\u00f3w<\/li>\n<li>Halin\u0119 i Stanis\u0142awa Wiatr\u00f3w<\/li>\n<li>Mieczys\u0142aw\u0119 i Jana Zawi\u015blak\u00f3w<\/li>\n<li>Mari\u0119 i Feliksa \u017buk\u00f3w<\/li>\n<\/ul>\n<p>&nbsp;<br \/>\n<a href=\"https:\/\/www.labunie.com.pl\/wp-content\/uploads\/2017\/06\/zlote_17_grupowe.jpg\" data-rel=\"lightbox-gallery-Kpmmqulu\" data-rl_title=\"\" data-rl_caption=\"\" title=\"\"><img loading=\"lazy\" decoding=\"async\" class=\"aligncenter wp-image-6206\" src=\"https:\/\/www.labunie.com.pl\/wp-content\/uploads\/2017\/06\/zlote_17_grupowe-1024x456.jpg\" alt=\"\" width=\"629\" height=\"280\" srcset=\"https:\/\/www.labunie.com.pl\/wp-content\/uploads\/2017\/06\/zlote_17_grupowe-1024x456.jpg 1024w, https:\/\/www.labunie.com.pl\/wp-content\/uploads\/2017\/06\/zlote_17_grupowe-300x134.jpg 300w, https:\/\/www.labunie.com.pl\/wp-content\/uploads\/2017\/06\/zlote_17_grupowe-768x342.jpg 768w, https:\/\/www.labunie.com.pl\/wp-content\/uploads\/2017\/06\/zlote_17_grupowe.jpg 2000w\" sizes=\"auto, (max-width: 629px) 100vw, 629px\" \/><\/a><br \/>\n&nbsp;<br \/>\n[lg_folder folder=&#8221;20170620\/&#8221; count=&#8221;40&#8243; paging=&#8221;false&#8221;]<\/p>\n","protected":false},"excerpt":{"rendered":"<p>20 czerwca w Domu Kultury w \u0141abuniach odby\u0142o si\u0119 uroczyste wr\u0119czenie nadanych przez Prezydenta Rzeczypospolitej Polskiej Medali za D\u0142ugoletnie Po\u017cycie Ma\u0142\u017ce\u0144skie 25 parom z terenu Gminy \u0141abunie, kt\u00f3re w latach 1966-1967 zawiera\u0142y zwi\u0105zek ma\u0142\u017ce\u0144ski.<\/p>\n","protected":false},"author":7,"featured_media":6205,"comment_status":"closed","ping_status":"closed","sticky":false,"template":"","format":"standard","meta":{"footnotes":""},"categories":[1],"tags":[],"class_list":["post-6204","post","type-post","status-publish","format-standard","has-post-thumbnail","hentry","category-wpisy","clearfix"],"_links":{"self":[{"href":"https:\/\/www.labunie.com.pl\/index.php?rest_route=\/wp\/v2\/posts\/6204","targetHints":{"allow":["GET"]}}],"collection":[{"href":"https:\/\/www.labunie.com.pl\/index.php?rest_route=\/wp\/v2\/posts"}],"about":[{"href":"https:\/\/www.labunie.com.pl\/index.php?rest_route=\/wp\/v2\/types\/post"}],"author":[{"embeddable":true,"href":"https:\/\/www.labunie.com.pl\/index.php?rest_route=\/wp\/v2\/users\/7"}],"replies":[{"embeddable":true,"href":"https:\/\/www.labunie.com.pl\/index.php?rest_route=%2Fwp%2Fv2%2Fcomments&post=6204"}],"version-history":[{"count":5,"href":"https:\/\/www.labunie.com.pl\/index.php?rest_route=\/wp\/v2\/posts\/6204\/revisions"}],"predecessor-version":[{"id":6211,"href":"https:\/\/www.labunie.com.pl\/index.php?rest_route=\/wp\/v2\/posts\/6204\/revisions\/6211"}],"wp:featuredmedia":[{"embeddable":true,"href":"https:\/\/www.labunie.com.pl\/index.php?rest_route=\/wp\/v2\/media\/6205"}],"wp:attachment":[{"href":"https:\/\/www.labunie.com.pl\/index.php?rest_route=%2Fwp%2Fv2%2Fmedia&parent=6204"}],"wp:term":[{"taxonomy":"category","embeddable":true,"href":"https:\/\/www.labunie.com.pl\/index.php?rest_route=%2Fwp%2Fv2%2Fcategories&post=6204"},{"taxonomy":"post_tag","embeddable":true,"href":"https:\/\/www.labunie.com.pl\/index.php?rest_route=%2Fwp%2Fv2%2Ftags&post=6204"}],"curies":[{"name":"wp","href":"https:\/\/api.w.org\/{rel}","templated":true}]}}