{"id":6165,"date":"2017-06-12T19:30:56","date_gmt":"2017-06-12T17:30:56","guid":{"rendered":"https:\/\/www.labunie.com.pl\/?p=6165"},"modified":"2017-06-12T19:30:56","modified_gmt":"2017-06-12T17:30:56","slug":"sladami-bl-st-starowieyskiego","status":"publish","type":"post","link":"https:\/\/www.labunie.com.pl\/?p=6165","title":{"rendered":"\u015aladami b\u0142. St. Starowieyskiego"},"content":{"rendered":"<p><strong>To by\u0142a niezwyk\u0142a podr\u00f3\u017c. Rozpocz\u0119\u0142a si\u0119 bardzo wcze\u015bnie, a zako\u0144czy\u0142a o p\u00f3\u0142nocy. Przez ca\u0142y dzie\u0144 pogoda nam dopisywa\u0142a, a napotkani na naszej drodze ludzie s\u0142u\u017cyli pomoc\u0105 i ogromn\u0105 wiedz\u0105 o b\u0142ogos\u0142awionym Stanis\u0142awie Starowieyskim. A wszystko to za spraw\u0105 ch\u0119ci utworzenia w \u0141abuniach w przypa\u0142acowej oficynie Izby Pami\u0119ci \u2013 dokumentuj\u0105cej pierwszego za\u0142o\u017cyciela zespo\u0142u pa\u0142acowo-parkowego Jana Jakuba Zamoyskiego, ostatnich w\u0142a\u015bcicieli ziemskich Szeptyckich, siostry FMM, \u017cycie i m\u0119cze\u0144sk\u0105 \u015bmier\u0107 b\u0142. Starowieyskiego i jego dzia\u0142alno\u015b\u0107 w Akcji Katolickiej.<\/strong><\/p>\n<p><!--more--><br \/>\n&nbsp;<br \/>\nOdwiedzili\u015bmy \u2013 Muzeum Dzieduszyckich w Zarzeczu, ko\u015bci\u00f3\u0142 p.w. \u015bw. Micha\u0142a Archanio\u0142a, gdzie w 1936 r. Jan Kazimierz Szeptycki i Anna Dzieduszycka wzi\u0119li \u015blub, zabytkowy park ze starym drzewostanem, krypty ko\u015bcielne, gdzie pochowani s\u0105 cz\u0142onkowie rodu Dzieduszyckich. W przypa\u0142acowej kawiarni prowadzonej przez sp\u00f3\u0142dzielni\u0119 socjaln\u0105 \u201eRezydencja pod Platanem\u201d napili\u015bmy si\u0119 dobrej kawy i zjedli\u015bmy doskona\u0142e ciasta. Nast\u0119pnie pojechali\u015bmy do miejscowo\u015bci Czarnorzeki. Tam spotkali\u015bmy si\u0119 z przewodnikiem PTTK Krosno panem Bartkiem Kielskim Bardanaszwili, kt\u00f3ry w\u0119drowa\u0142 z nami przez Rezerwat Skalny \u201ePrz\u0105dki\u201d, zamek Kamieniec, Bratk\u00f3wk\u0119, Ustrobn\u0105 i Krosno. Wsz\u0119dzie byli\u015bmy mile witani, a my w podzi\u0119kowaniu za go\u015bcin\u0119 pozostawiali\u015bmy zaproszenia do naszej gminy i albumy.<\/p>\n<p>[lg_folder folder=&#8221;20170610\/&#8221; count=&#8221;90&#8243; paging=&#8221;false&#8221;]<\/p>\n<p><em>Dzi\u0119kujemy serdecznie panu w\u00f3jtowi Antoniemu Wojciechowi Turczynowi za nieocenion\u0105 pomoc w organizacji wyjazdu, panom: Krzysztofowi Churz\u0119pie i Krzysztofowi Przyczynie &#8211; kierowcom za bezpieczn\u0105 podr\u00f3\u017c i wszystkim pielgrzymowiczom za wsparcie Izby Pami\u0119ci b\u0142. Stanis\u0142awa Starowieyskiego.<\/em><br \/>\n&nbsp;<br \/>\n<img loading=\"lazy\" decoding=\"async\" class=\"aligncenter size-full wp-image-2314\" src=\"https:\/\/www.labunie.com.pl\/wp-content\/uploads\/2015\/11\/pasek630s.png\" alt=\"\" width=\"630\" height=\"15\" srcset=\"https:\/\/www.labunie.com.pl\/wp-content\/uploads\/2015\/11\/pasek630s.png 630w, https:\/\/www.labunie.com.pl\/wp-content\/uploads\/2015\/11\/pasek630s-300x7.png 300w\" sizes=\"auto, (max-width: 630px) 100vw, 630px\" \/><br \/>\n13 kwietnia br. w \u0141abuniach powo\u0142ano Komitet Spo\u0142eczny \u201eZ potrzeby serc\u201d, w sk\u0142ad kt\u00f3rego weszli:<br \/>\n<strong>s. Irena Murawska FMM<\/strong> \u2013 reprezentant Komitetu, <strong>Andrzej Juszczak<\/strong> \u2013 prezes Diecezjalnego Instytutu Akcji Katolickiej w diecezji Zamojsko-Lubaczowskiej, <strong>Agnieszka Piela<\/strong> \u2013 Urz\u0105d Gminy \u0141abunie, <strong>Adam Knia\u017a<\/strong>\u00a0\u2013 So\u0142tys i Przewodnicz\u0105cy Rady Gminy \u0141abunie.<br \/>\n&nbsp;<br \/>\n<img loading=\"lazy\" decoding=\"async\" class=\"aligncenter size-full wp-image-6158\" src=\"https:\/\/www.labunie.com.pl\/wp-content\/uploads\/2017\/06\/starowieyski_izba.png\" alt=\"\" width=\"630\" height=\"434\" srcset=\"https:\/\/www.labunie.com.pl\/wp-content\/uploads\/2017\/06\/starowieyski_izba.png 630w, https:\/\/www.labunie.com.pl\/wp-content\/uploads\/2017\/06\/starowieyski_izba-300x207.png 300w\" sizes=\"auto, (max-width: 630px) 100vw, 630px\" \/><br \/>\n&nbsp;<br \/>\nCelem zbi\u00f3rki publicznej &#8220;Zachowa\u0107 pami\u0119\u0107 o b\u0142. Stanis\u0142awie Starowieyskim&#8221; nr <strong>2017\/1811\/KS<\/strong> jest utworzenie miejsca pami\u0119ci B\u0142ogos\u0142awionego, kt\u00f3rego najwy\u017csz\u0105 warto\u015bci\u0105 by\u0142a s\u0142u\u017cba Bogu, Ojczy\u017anie i Cz\u0142owiekowi i \u015bcie\u017cki medytacji prowadz\u0105cej parkow\u0105 alej\u0105 do Jego grobu. Komitet zbi\u00f3rk\u0119 publiczn\u0105 rozpocz\u0105\u0142 podczas \u201eWielkiej Maj\u00f3wki\u201d. W\u00f3wczas zebrano <strong>316 z\u0142<\/strong>. Kolejnym przedsi\u0119wzi\u0119ciem by\u0142a organizacja wycieczki \u015bladami B\u0142ogos\u0142awionego. Zebrano <strong>930 z\u0142<\/strong>. Koszt opracowania dokumentacji projektowej rob\u00f3t budowlanych i elektryki to <strong>3813 z\u0142<\/strong>. St\u0105d zbi\u00f3rka publiczna.<br \/>\n&nbsp;<br \/>\nO b\u0142. Stanis\u0142awie Starowieyskim: <a href=\"http:\/\/www.akcja-katolicka.zamojskolubaczowska.pl\/ak.php?get=dzial,3\">www.akcja-katolicka.zamojskolubaczowska.pl<\/a><\/p>\n","protected":false},"excerpt":{"rendered":"<p>To by\u0142a niezwyk\u0142a podr\u00f3\u017c. Rozpocz\u0119\u0142a si\u0119 bardzo wcze\u015bnie, a zako\u0144czy\u0142a o p\u00f3\u0142nocy. Przez ca\u0142y dzie\u0144 pogoda nam dopisywa\u0142a, a napotkani na naszej drodze ludzie s\u0142u\u017cyli pomoc\u0105 i ogromn\u0105 wiedz\u0105 o b\u0142ogos\u0142awionym Stanis\u0142awie Starowieyskim. A wszystko to za spraw\u0105 ch\u0119ci utworzenia w \u0141abuniach w przypa\u0142acowej oficynie Izby Pami\u0119ci \u2013 dokumentuj\u0105cej pierwszego za\u0142o\u017cyciela zespo\u0142u pa\u0142acowo-parkowego Jana Jakuba [&hellip;]<\/p>\n","protected":false},"author":7,"featured_media":6166,"comment_status":"closed","ping_status":"closed","sticky":false,"template":"","format":"standard","meta":{"footnotes":""},"categories":[1],"tags":[],"class_list":["post-6165","post","type-post","status-publish","format-standard","has-post-thumbnail","hentry","category-wpisy","clearfix"],"_links":{"self":[{"href":"https:\/\/www.labunie.com.pl\/index.php?rest_route=\/wp\/v2\/posts\/6165","targetHints":{"allow":["GET"]}}],"collection":[{"href":"https:\/\/www.labunie.com.pl\/index.php?rest_route=\/wp\/v2\/posts"}],"about":[{"href":"https:\/\/www.labunie.com.pl\/index.php?rest_route=\/wp\/v2\/types\/post"}],"author":[{"embeddable":true,"href":"https:\/\/www.labunie.com.pl\/index.php?rest_route=\/wp\/v2\/users\/7"}],"replies":[{"embeddable":true,"href":"https:\/\/www.labunie.com.pl\/index.php?rest_route=%2Fwp%2Fv2%2Fcomments&post=6165"}],"version-history":[{"count":4,"href":"https:\/\/www.labunie.com.pl\/index.php?rest_route=\/wp\/v2\/posts\/6165\/revisions"}],"predecessor-version":[{"id":6170,"href":"https:\/\/www.labunie.com.pl\/index.php?rest_route=\/wp\/v2\/posts\/6165\/revisions\/6170"}],"wp:featuredmedia":[{"embeddable":true,"href":"https:\/\/www.labunie.com.pl\/index.php?rest_route=\/wp\/v2\/media\/6166"}],"wp:attachment":[{"href":"https:\/\/www.labunie.com.pl\/index.php?rest_route=%2Fwp%2Fv2%2Fmedia&parent=6165"}],"wp:term":[{"taxonomy":"category","embeddable":true,"href":"https:\/\/www.labunie.com.pl\/index.php?rest_route=%2Fwp%2Fv2%2Fcategories&post=6165"},{"taxonomy":"post_tag","embeddable":true,"href":"https:\/\/www.labunie.com.pl\/index.php?rest_route=%2Fwp%2Fv2%2Ftags&post=6165"}],"curies":[{"name":"wp","href":"https:\/\/api.w.org\/{rel}","templated":true}]}}