{"id":6094,"date":"2017-06-09T10:00:01","date_gmt":"2017-06-09T08:00:01","guid":{"rendered":"https:\/\/www.labunie.com.pl\/?p=6094"},"modified":"2017-06-09T10:31:30","modified_gmt":"2017-06-09T08:31:30","slug":"6094","status":"publish","type":"post","link":"https:\/\/www.labunie.com.pl\/?p=6094","title":{"rendered":"\u015aladami b\u0142. St. Starowieyskiego &#8211; zaproszenie"},"content":{"rendered":"<div><strong>10 czerwca o godz. 5.30 wyruszy z parkingu ul. Parkowa (Dom Kultury) pielgrzymka autokarowa &#8220;\u015aladami b\u0142. St. Starowieyskiego&#8221;. <\/strong><\/div>\n<div>\n<div><strong>S\u0105 jeszcze wolne miejsca!\u00a0 Cena: 100 z\u0142. (w tym przewodnik, bilet wst\u0119pu, obiad dwudaniowy, ubezpieczenie i ofiary: za msz\u0119 \u015bw. i do puszki na utworzenie Izby Pami\u0119ci B\u0142. St. Starowieyskiego w przypa\u0142acowej oficynie w \u0141abuniach.<\/strong><\/div>\n<div style=\"text-align: center;\"><strong>Zapraszamy!<\/strong><\/div>\n<\/div>\n<p><!--more--><br \/>\n&nbsp;<\/p>\n<div>Odwiedzimy:<\/div>\n<ul>\n<li>Zarzecze &#8211; maj\u0105tek Dzieduszyckich, ko\u015bci\u00f3\u0142 parafialny, krypty, w przypa\u0142acowej kawiarni napijemy si\u0119 dobrej kawy,<\/li>\n<li>Rezerwat skalny &#8220;Prz\u0105dki&#8221;,<\/li>\n<li>zamek Kamieniec &#8211; ostatnim w\u0142a\u015bcicielami zamku byli Fredrowie, Starowieyscy i Szeptyccy,<\/li>\n<li>Bratk\u00f3wk\u0119 &#8211; zabytkowy dworek Starowieyskich, \u015bcie\u017cka dydaktyczna,<\/li>\n<li>Ustrobn\u0105 &#8211; zabytkowy dw\u00f3r, miejsce urodzenia b\u0142. St. Starowieyskiego, msza \u015bw. &#8211; godz. 17:00<\/li>\n<li>Krosno &#8211; Rynek,<\/li>\n<li>\u0141abunie, gdzie zapalimy znicz na grobie b\u0142ogos\u0142awionego.<\/li>\n<\/ul>\n<p>&nbsp;<br \/>\n<img loading=\"lazy\" decoding=\"async\" src=\"https:\/\/www.labunie.com.pl\/wp-content\/uploads\/2017\/06\/starowieyski_izba.png\" alt=\"\" width=\"630\" height=\"434\" class=\"aligncenter size-full wp-image-6158\" srcset=\"https:\/\/www.labunie.com.pl\/wp-content\/uploads\/2017\/06\/starowieyski_izba.png 630w, https:\/\/www.labunie.com.pl\/wp-content\/uploads\/2017\/06\/starowieyski_izba-300x207.png 300w\" sizes=\"auto, (max-width: 630px) 100vw, 630px\" \/><\/p>\n","protected":false},"excerpt":{"rendered":"<p>10 czerwca o godz. 5.30 wyruszy z parkingu ul. Parkowa (Dom Kultury) pielgrzymka autokarowa &#8220;\u015aladami b\u0142. St. Starowieyskiego&#8221;. S\u0105 jeszcze wolne miejsca!\u00a0 Cena: 100 z\u0142. (w tym przewodnik, bilet wst\u0119pu, obiad dwudaniowy, ubezpieczenie i ofiary: za msz\u0119 \u015bw. i do puszki na utworzenie Izby Pami\u0119ci B\u0142. St. Starowieyskiego w przypa\u0142acowej oficynie w \u0141abuniach. Zapraszamy!<\/p>\n","protected":false},"author":7,"featured_media":6095,"comment_status":"closed","ping_status":"closed","sticky":false,"template":"","format":"standard","meta":{"footnotes":""},"categories":[1],"tags":[],"class_list":["post-6094","post","type-post","status-publish","format-standard","has-post-thumbnail","hentry","category-wpisy","clearfix"],"_links":{"self":[{"href":"https:\/\/www.labunie.com.pl\/index.php?rest_route=\/wp\/v2\/posts\/6094","targetHints":{"allow":["GET"]}}],"collection":[{"href":"https:\/\/www.labunie.com.pl\/index.php?rest_route=\/wp\/v2\/posts"}],"about":[{"href":"https:\/\/www.labunie.com.pl\/index.php?rest_route=\/wp\/v2\/types\/post"}],"author":[{"embeddable":true,"href":"https:\/\/www.labunie.com.pl\/index.php?rest_route=\/wp\/v2\/users\/7"}],"replies":[{"embeddable":true,"href":"https:\/\/www.labunie.com.pl\/index.php?rest_route=%2Fwp%2Fv2%2Fcomments&post=6094"}],"version-history":[{"count":5,"href":"https:\/\/www.labunie.com.pl\/index.php?rest_route=\/wp\/v2\/posts\/6094\/revisions"}],"predecessor-version":[{"id":6159,"href":"https:\/\/www.labunie.com.pl\/index.php?rest_route=\/wp\/v2\/posts\/6094\/revisions\/6159"}],"wp:featuredmedia":[{"embeddable":true,"href":"https:\/\/www.labunie.com.pl\/index.php?rest_route=\/wp\/v2\/media\/6095"}],"wp:attachment":[{"href":"https:\/\/www.labunie.com.pl\/index.php?rest_route=%2Fwp%2Fv2%2Fmedia&parent=6094"}],"wp:term":[{"taxonomy":"category","embeddable":true,"href":"https:\/\/www.labunie.com.pl\/index.php?rest_route=%2Fwp%2Fv2%2Fcategories&post=6094"},{"taxonomy":"post_tag","embeddable":true,"href":"https:\/\/www.labunie.com.pl\/index.php?rest_route=%2Fwp%2Fv2%2Ftags&post=6094"}],"curies":[{"name":"wp","href":"https:\/\/api.w.org\/{rel}","templated":true}]}}