{"id":5978,"date":"2017-07-05T12:40:25","date_gmt":"2017-07-05T10:40:25","guid":{"rendered":"https:\/\/www.labunie.com.pl\/?p=5978"},"modified":"2017-07-05T12:52:48","modified_gmt":"2017-07-05T10:52:48","slug":"konkurs-fotograficzny-pocztowka-z-ziemi-zamojskiej","status":"publish","type":"post","link":"https:\/\/www.labunie.com.pl\/?p=5978","title":{"rendered":"Konkurs fotograficzny \u201ePoczt\u00f3wka z Ziemi Zamojskiej\u201d"},"content":{"rendered":"<p><strong>Stowarzyszenie Lokalna Grupa Dzia\u0142ania \u201eZiemia Zamojska\u201d zaprasza do wzi\u0119cia udzia\u0142u w konkursie fotograficznym \u201ePoczt\u00f3wka z Ziemi Zamojskiej\u201d. Celem konkursu jest ukazanie r\u00f3\u017cnorodno\u015bci i pi\u0119kna krajobrazu, folkloru oraz architektury obszaru LGD \u201eZiemia Zamojska\u201d.<br \/>\nKonkurs przeznaczony jest dla os\u00f3b powy\u017cej 18 roku \u017cycia, zameldowanych na obszarze gmin: Mi\u0105czyn, \u0141abunie, Sitno, Komar\u00f3w-Osada, Nielisz, Skierbiesz\u00f3w, Grabowiec, Stary Zamo\u015b\u0107, Su\u0142\u00f3w.<\/strong><br \/>\n<!--more--><br \/>\nDla zwyci\u0119zc\u00f3w konkursu oraz jego uczestnik\u00f3w przewidziane s\u0105 nagrody rzeczowe.<br \/>\n&nbsp;<br \/>\nZg\u0142oszenie udzia\u0142u w konkursie nast\u0119puje poprzez z\u0142o\u017cenie pracy konkursowej na p\u0142ycie CD lub DVD wraz z wype\u0142nionym formularzem zg\u0142oszeniowym w Biurze Stowarzyszenia w terminie od 01.06.2017 \u2013 21.07.2017 r. od poniedzia\u0142ku do pi\u0105tku w godz. 8.00 \u2013 14.00. Rozstrzygni\u0119cie konkursu i wr\u0119czenie nagr\u00f3d nast\u0105pi w terminie do 04.08.20137r.<br \/>\n&nbsp;<br \/>\nSzczeg\u00f3\u0142y konkursu zawarte s\u0105 w Regulaminie.<br \/>\n&nbsp;<\/p>\n<table>\n<tbody>\n<tr>\n<td><a href=\"http:\/\/www.lgdziemiazamojska.pl\/images\/2017\/DOC\/regulamin%20konkursu%20fotograficznego.doc\"><img loading=\"lazy\" decoding=\"async\" class=\"aligncenter size-full wp-image-1484\" src=\"https:\/\/www.labunie.com.pl\/wp-content\/uploads\/2015\/07\/doc1.png\" alt=\"\" width=\"50\" height=\"50\" \/><\/a><\/td>\n<td><a href=\"http:\/\/www.lgdziemiazamojska.pl\/images\/2017\/DOC\/regulamin%20konkursu%20fotograficznego.doc\" target=\"_blank\" rel=\"noopener noreferrer\">Regulamin konkursu fotograficznego \u201ePoczt\u00f3wka z Ziemi Zamojskiej&#8221;<\/a><\/td>\n<\/tr>\n<tr>\n<td><a href=\"http:\/\/www.lgdziemiazamojska.pl\/images\/2017\/DOC\/formularz_fot.doc\"><img loading=\"lazy\" decoding=\"async\" class=\"aligncenter size-full wp-image-1484\" src=\"https:\/\/www.labunie.com.pl\/wp-content\/uploads\/2015\/07\/doc1.png\" alt=\"\" width=\"50\" height=\"50\" \/><\/a><\/td>\n<td><a href=\"http:\/\/www.lgdziemiazamojska.pl\/images\/2017\/DOC\/formularz_fot.doc\" target=\"_blank\" rel=\"noopener noreferrer\">Formularz zg\u0142oszeniowy<\/a><\/td>\n<\/tr>\n<\/tbody>\n<\/table>\n<p>&nbsp;<\/p>\n","protected":false},"excerpt":{"rendered":"<p>Stowarzyszenie Lokalna Grupa Dzia\u0142ania \u201eZiemia Zamojska\u201d zaprasza do wzi\u0119cia udzia\u0142u w konkursie fotograficznym \u201ePoczt\u00f3wka z Ziemi Zamojskiej\u201d. Celem konkursu jest ukazanie r\u00f3\u017cnorodno\u015bci i pi\u0119kna krajobrazu, folkloru oraz architektury obszaru LGD \u201eZiemia Zamojska\u201d. Konkurs przeznaczony jest dla os\u00f3b powy\u017cej 18 roku \u017cycia, zameldowanych na obszarze gmin: Mi\u0105czyn, \u0141abunie, Sitno, Komar\u00f3w-Osada, Nielisz, Skierbiesz\u00f3w, Grabowiec, Stary Zamo\u015b\u0107, Su\u0142\u00f3w.<\/p>\n","protected":false},"author":7,"featured_media":5979,"comment_status":"closed","ping_status":"closed","sticky":false,"template":"","format":"standard","meta":{"footnotes":""},"categories":[1],"tags":[],"class_list":["post-5978","post","type-post","status-publish","format-standard","has-post-thumbnail","hentry","category-wpisy","clearfix"],"_links":{"self":[{"href":"https:\/\/www.labunie.com.pl\/index.php?rest_route=\/wp\/v2\/posts\/5978","targetHints":{"allow":["GET"]}}],"collection":[{"href":"https:\/\/www.labunie.com.pl\/index.php?rest_route=\/wp\/v2\/posts"}],"about":[{"href":"https:\/\/www.labunie.com.pl\/index.php?rest_route=\/wp\/v2\/types\/post"}],"author":[{"embeddable":true,"href":"https:\/\/www.labunie.com.pl\/index.php?rest_route=\/wp\/v2\/users\/7"}],"replies":[{"embeddable":true,"href":"https:\/\/www.labunie.com.pl\/index.php?rest_route=%2Fwp%2Fv2%2Fcomments&post=5978"}],"version-history":[{"count":4,"href":"https:\/\/www.labunie.com.pl\/index.php?rest_route=\/wp\/v2\/posts\/5978\/revisions"}],"predecessor-version":[{"id":5983,"href":"https:\/\/www.labunie.com.pl\/index.php?rest_route=\/wp\/v2\/posts\/5978\/revisions\/5983"}],"wp:featuredmedia":[{"embeddable":true,"href":"https:\/\/www.labunie.com.pl\/index.php?rest_route=\/wp\/v2\/media\/5979"}],"wp:attachment":[{"href":"https:\/\/www.labunie.com.pl\/index.php?rest_route=%2Fwp%2Fv2%2Fmedia&parent=5978"}],"wp:term":[{"taxonomy":"category","embeddable":true,"href":"https:\/\/www.labunie.com.pl\/index.php?rest_route=%2Fwp%2Fv2%2Fcategories&post=5978"},{"taxonomy":"post_tag","embeddable":true,"href":"https:\/\/www.labunie.com.pl\/index.php?rest_route=%2Fwp%2Fv2%2Ftags&post=5978"}],"curies":[{"name":"wp","href":"https:\/\/api.w.org\/{rel}","templated":true}]}}