{"id":5900,"date":"2017-05-09T23:17:35","date_gmt":"2017-05-09T21:17:35","guid":{"rendered":"https:\/\/www.labunie.com.pl\/?p=5900"},"modified":"2017-05-09T23:17:35","modified_gmt":"2017-05-09T21:17:35","slug":"90-lecie-osp-ruszow","status":"publish","type":"post","link":"https:\/\/www.labunie.com.pl\/?p=5900","title":{"rendered":"90-lecie OSP Rusz\u00f3w"},"content":{"rendered":"<p><strong>Jubileusz 90-lecia \u015bwi\u0119towa\u0142a w niedziel\u0119, 7 maja Ochotnicza Stra\u017c Po\u017carna w Ruszowie. Obchody rozpocz\u0119\u0142y si\u0119 zbi\u00f3rk\u0105 przy miejscowym Domu Stra\u017caka, a nast\u0119pnie przemarszem poczt\u00f3w sztandarowych na miejsce polowej Mszy \u015bw., kt\u00f3r\u0105 celebrowa\u0142 proboszcz \u0142abu\u0144skiej parafii ks. Piotr Rawlik. Uroczysto\u015b\u0107 u\u015bwietni\u0142a Gminna Orkiestra D\u0119ta pod batut\u0105 kapelmistrza Zbigniewa Pieczykolana oraz Ch\u00f3r Konsonans pod dyrekcj\u0105 Agnieszki Brylewicz.<\/strong><\/p>\n<p><!--more--><br \/>\n&nbsp;<br \/>\nMeldunek Prezesowi Zarz\u0105du Gminnego Zwi\u0105zku Ochotniczych Stra\u017cy Po\u017carnych w \u0141abuniach dh <strong>Mariuszowi Braneckiemu<\/strong> z\u0142o\u017cy\u0142 Komendant Gminny dh <strong>Pawe\u0142 Mr\u00f3z<\/strong>. Po podniesieniu flagi pa\u0144stwowej na maszt otwarcia oficjalnej cz\u0119\u015bci uroczysto\u015bci dokona\u0142 Prezes Ochotniczej Stra\u017cy Po\u017carnej w Ruszowie dh <strong>Grzegorz Synowiec<\/strong>. Powita\u0142 zaproszonych go\u015bci: Prezesa Zarz\u0105du Oddzia\u0142u Powiatowego ZOSP RP dh <strong>Kazimierza Mielnickiego<\/strong>, Z-c\u0119 Komendanta Miejskiego PSP w Zamo\u015bciu bryg. <strong>Miros\u0142awa Micho\u0144skiego<\/strong>, asp. <strong>\u0141ukasza Burdzego<\/strong> z Miejskiego Stanowiska Kierowania PSP w Zamo\u015bciu, Prezesa Zarz\u0105du Oddzia\u0142u Gminnego ZOSP RP dh <strong>Mariusza Braneckiego<\/strong>, Komendanta Gminnego <strong>Paw\u0142a Mroza<\/strong>, Kierownika Posterunku Policji w \u0141abuniach asp. sztab. <strong>Zbigniewa Byczka<\/strong>. W uroczysto\u015bci udzia\u0142 wzi\u0119\u0142y r\u00f3wnie\u017c w\u0142adze samorz\u0105dowe: Sekretarz Powiatu Zamojskiego <strong>Jerzy Zawadzki<\/strong>, radny Powiatu Zamojskiego <strong>Antoni Skura<\/strong>, W\u00f3jt Gminy Zamo\u015b\u0107 <strong>Ryszard Gliwi\u0144ski<\/strong>, W\u00f3jt Gminy \u0141abunie <strong>Antoni Wojciech Turczyn<\/strong>, Przewodnicz\u0105cy Rady Gminy \u0141abunie <strong>Adam Knia\u017a<\/strong>. \u201eNasz\u201d Rusz\u00f3w go\u015bci\u0142 przedstawicieli z Ruszowa w wojew\u00f3dztwie dolno\u015bl\u0105skim: Prezesa OSP dh <strong>Janusza Drosia<\/strong> z pocztem sztandarowym jednostki oraz so\u0142tysa <strong>Miros\u0142awa Koz\u0119<\/strong>.<br \/>\n&nbsp;<br \/>\n90-letni\u0105 histori\u0119 OSP Rusz\u00f3w przedstawi\u0142 jej Prezes dh Grzegorz Synowiec. Jubileusz jednostki to r\u00f3wnie\u017c pow\u00f3d do wr\u0119czenia odznacze\u0144. W tym roku odznaczeni zostali:<\/p>\n<ul>\n<li>Uchwa\u0142\u0105 Prezydium Zarz\u0105du G\u0142\u00f3wnego Zwi\u0105zku Ochotniczych Stra\u017cy Po\u017carnych Rzeczypospolitej Polskiej za wieloletni\u0105, ofiarn\u0105 dzia\u0142alno\u015b\u0107 w ochronie przeciwpo\u017carowej dla dobra spo\u0142ecze\u0144stwa i Rzeczypospolitej Polskiej Z\u0142otym Medalem &#8220;Za Zas\u0142ugi Dla Po\u017carnictwa&#8221; zosta\u0142a odznaczona <strong>Ochotnicza Stra\u017c Po\u017carna w Ruszowie<\/strong><\/li>\n<li>Uchwa\u0142\u0105 Prezydium Zarz\u0105du G\u0142\u00f3wnego Zwi\u0105zku Ochotniczych Stra\u017cy Po\u017carnych Rzeczypospolitej Polskiej Z\u0142otym Znakiem Zwi\u0105zku odznaczony zosta\u0142 Prezes OSP Rusz\u00f3w dh <strong>Grzegorz Synowiec<\/strong><\/li>\n<li>Uchwa\u0142\u0105 Prezydium Zarz\u0105du Oddzia\u0142u Wojew\u00f3dzkiego Zwi\u0105zku Ochotniczych Stra\u017cy Po\u017carnych Rzeczypospolitej Polskiej w Lublinie Z\u0142otym Medalem &#8220;Za Zas\u0142ugi Dla Po\u017carnictwa&#8221; wyr\u00f3\u017cnieni zostali: dh <strong>Tadeusz Kowarz<\/strong>, dh <strong>Janusz Magdziak<\/strong>, dh <strong>Miros\u0142aw Soko\u0142owski<\/strong>, dh <strong>Bogus\u0142aw Szast<\/strong><\/li>\n<li>Uchwa\u0142\u0105 Prezydium Zarz\u0105du Oddzia\u0142u Wojew\u00f3dzkiego Zwi\u0105zku Ochotniczych Stra\u017cy Po\u017carnych Rzeczypospolitej Polskiej w Lublinie Srebrnym Medalem &#8220;Za Zas\u0142ugi Dla Po\u017carnictwa&#8221; odznaczeni zostali: dh <strong>Edward Bryk<\/strong>, dh<strong> Stanis\u0142aw D\u0119bkowski<\/strong>, dh <strong>Miros\u0142aw Ga\u0142ek<\/strong>, dh <strong>Piotr Wiater<\/strong><\/li>\n<li>Uchwa\u0142\u0105 Prezydium Zarz\u0105du Oddzia\u0142u Wojew\u00f3dzkiego Zwi\u0105zku Ochotniczych Stra\u017cy Po\u017carnych Rzeczypospolitej Polskiej w Lublinie Br\u0105zowy Medal &#8220;Za Zas\u0142ugi Dla Po\u017carnictwa&#8221; otrzymali: dh <strong>Tomasz Kostur<\/strong>, dh <strong>Damian Nowakowski<\/strong>, dh<strong> Mateusz Nowakowski<\/strong><\/li>\n<li>Uchwa\u0142\u0105 Prezydium Zarz\u0105du Oddzia\u0142u Powiatowego Zwi\u0105zku Ochotniczych Stra\u017cy Po\u017carnych Rzeczypospolitej Polskiej w Zamo\u015bciu Odznak\u0105 \u201eStra\u017cak Wzorowy\u201d odznaczeni zostali: dh <strong>Zbigniew Kiszka<\/strong>, dh <strong>Karol Kitka<\/strong>, dh <strong>Rafa\u0142 Mazur<\/strong>, dh <strong>Tomasz Zwolan<\/strong><\/li>\n<li>Uchwa\u0142\u0105 Prezydium Zarz\u0105du Oddzia\u0142u Gminnego Zwi\u0105zku Ochotniczych Stra\u017cy Po\u017carnych Rzeczypospolitej Polskiej w \u0141abuniach Odznak\u0119 \u201eZa Wys\u0142ug\u0119 Lat\u201d otrzymali:\n<ul>\n<li>Odznak\u0119 \u201eZa Wys\u0142ug\u0119 Lat\u201d 70 lat: dh <strong>Lucjan P\u0142aza<\/strong><\/li>\n<li>Odznak\u0119 \u201eZa Wys\u0142ug\u0119 Lat\u201d 65 lat: dh <strong>Henryk Maziarczuk<\/strong><\/li>\n<li>Odznak\u0119 \u201eZa Wys\u0142ug\u0119 Lat\u201d 60 lat: dh <strong>Henryk Szast<\/strong>, dh <strong>Franciszek Wdowiak<\/strong><\/li>\n<li>Odznak\u0119 \u201eZa Wys\u0142ug\u0119 Lat\u201d 55 lat: dh <strong>Stanis\u0142aw Wdowiak<\/strong><\/li>\n<li>Odznak\u0119 \u201eZa Wys\u0142ug\u0119 Lat\u201d 50 lat: dh <strong>Henryk Przyczyna<\/strong>, dh <strong>Stanis\u0142aw Krupa<\/strong><\/li>\n<li>Odznak\u0119 \u201eZa Wys\u0142ug\u0119 Lat\u201d 45 lat: dh <strong>Grzegorz Synowiec<\/strong><\/li>\n<li>Odznak\u0119 \u201eZa Wys\u0142ug\u0119 Lat\u201d 35 lat: dh<strong> Andrzej Bryk<\/strong><\/li>\n<li>Odznak\u0119 \u201eZa Wys\u0142ug\u0119 Lat\u201d 30 lat: dh<strong> Stanis\u0142aw Zwolan<\/strong>, dh <strong>Marek Macheta<\/strong>, dh <strong>Antoni Skura<\/strong>, dh <strong>Piotr Skiba<\/strong>, dh <strong>Janusz Magdziak<\/strong>, dh <strong>Ryszard H\u0142obi\u0142<\/strong>, dh<strong> Stanis\u0142aw D\u0119bkowski<\/strong><\/li>\n<li>Odznak\u0119 \u201eZa Wys\u0142ug\u0119 Lat\u201d 25 lat: dh <strong>Bogus\u0142aw Szast<\/strong>, dh <strong>Miros\u0142aw Soko\u0142owski<\/strong>, dh <strong>Tadeusz Kowarz<\/strong>, dh <strong>Edward Bryk<\/strong>, dh <strong>Miros\u0142aw Bryk<\/strong><\/li>\n<li>Odznak\u0119 \u201eZa Wys\u0142ug\u0119 Lat\u201d 20 lat: dh <strong>Ryszard Gomu\u0142ka<\/strong><\/li>\n<li>Odznak\u0119 \u201eZa Wys\u0142ug\u0119 Lat\u201d 15 lat: dh <strong>Miros\u0142aw Ga\u0142ek<\/strong>, dh <strong>Piotr Wiater<\/strong><\/li>\n<li>Odznak\u0119 \u201eZa Wys\u0142ug\u0119 Lat\u201d 10 lat: dh <strong>Zbigniew Kiszka<\/strong>, dh <strong>Tomasz Kostur<\/strong>, dh <strong>Damian Nowakowski<\/strong>, dh <strong>Przemys\u0142aw Bryk<\/strong>, dh <strong>Mateusz Nowakowski<\/strong><\/li>\n<\/ul>\n<\/li>\n<\/ul>\n<p>&nbsp;<br \/>\nPodczas uroczysto\u015bci sk\u0142adali \u017cyczenia i wyg\u0142aszali okoliczno\u015bciowe przem\u00f3wienia zaproszeni go\u015bcie.<br \/>\nNa r\u0119ce gospodarza uroczysto\u015bci W\u00f3jt Gminy \u0141abunie przekaza\u0142 okoliczno\u015bciowe medale i przygotowan\u0105 przez Bibliotek\u0119 Publiczn\u0105 Gminy \u0141abunie publikacj\u0119 autorstwa <strong>Piotra Pieli<\/strong> \u201eOSP Rusz\u00f3w 1927-2017\u201d. Wydawnictwo sfinansowa\u0142 z prywatnych \u015brodk\u00f3w <strong>Antoni Wojciech Turczyn<\/strong> \u2013 W\u00f3jt Gminy \u0141abunie i Honorowy Prezes Oddzia\u0142u Gminnego Zwi\u0105zku Ochotniczych Stra\u017cy Po\u017carnych RP w \u0141abuniach.<br \/>\n&nbsp;<br \/>\n[lg_folder folder=&#8221;20170507\/&#8221; count=&#8221;50&#8243; paging=&#8221;false&#8221;]<\/p>\n","protected":false},"excerpt":{"rendered":"<p>Jubileusz 90-lecia \u015bwi\u0119towa\u0142a w niedziel\u0119, 7 maja Ochotnicza Stra\u017c Po\u017carna w Ruszowie. Obchody rozpocz\u0119\u0142y si\u0119 zbi\u00f3rk\u0105 przy miejscowym Domu Stra\u017caka, a nast\u0119pnie przemarszem poczt\u00f3w sztandarowych na miejsce polowej Mszy \u015bw., kt\u00f3r\u0105 celebrowa\u0142 proboszcz \u0142abu\u0144skiej parafii ks. Piotr Rawlik. Uroczysto\u015b\u0107 u\u015bwietni\u0142a Gminna Orkiestra D\u0119ta pod batut\u0105 kapelmistrza Zbigniewa Pieczykolana oraz Ch\u00f3r Konsonans pod dyrekcj\u0105 Agnieszki Brylewicz.<\/p>\n","protected":false},"author":7,"featured_media":5901,"comment_status":"closed","ping_status":"closed","sticky":false,"template":"","format":"standard","meta":{"footnotes":""},"categories":[1],"tags":[],"class_list":["post-5900","post","type-post","status-publish","format-standard","has-post-thumbnail","hentry","category-wpisy","clearfix"],"_links":{"self":[{"href":"https:\/\/www.labunie.com.pl\/index.php?rest_route=\/wp\/v2\/posts\/5900","targetHints":{"allow":["GET"]}}],"collection":[{"href":"https:\/\/www.labunie.com.pl\/index.php?rest_route=\/wp\/v2\/posts"}],"about":[{"href":"https:\/\/www.labunie.com.pl\/index.php?rest_route=\/wp\/v2\/types\/post"}],"author":[{"embeddable":true,"href":"https:\/\/www.labunie.com.pl\/index.php?rest_route=\/wp\/v2\/users\/7"}],"replies":[{"embeddable":true,"href":"https:\/\/www.labunie.com.pl\/index.php?rest_route=%2Fwp%2Fv2%2Fcomments&post=5900"}],"version-history":[{"count":5,"href":"https:\/\/www.labunie.com.pl\/index.php?rest_route=\/wp\/v2\/posts\/5900\/revisions"}],"predecessor-version":[{"id":5906,"href":"https:\/\/www.labunie.com.pl\/index.php?rest_route=\/wp\/v2\/posts\/5900\/revisions\/5906"}],"wp:featuredmedia":[{"embeddable":true,"href":"https:\/\/www.labunie.com.pl\/index.php?rest_route=\/wp\/v2\/media\/5901"}],"wp:attachment":[{"href":"https:\/\/www.labunie.com.pl\/index.php?rest_route=%2Fwp%2Fv2%2Fmedia&parent=5900"}],"wp:term":[{"taxonomy":"category","embeddable":true,"href":"https:\/\/www.labunie.com.pl\/index.php?rest_route=%2Fwp%2Fv2%2Fcategories&post=5900"},{"taxonomy":"post_tag","embeddable":true,"href":"https:\/\/www.labunie.com.pl\/index.php?rest_route=%2Fwp%2Fv2%2Ftags&post=5900"}],"curies":[{"name":"wp","href":"https:\/\/api.w.org\/{rel}","templated":true}]}}