{"id":5877,"date":"2017-05-08T12:02:22","date_gmt":"2017-05-08T10:02:22","guid":{"rendered":"https:\/\/www.labunie.com.pl\/?p=5877"},"modified":"2017-05-12T19:02:45","modified_gmt":"2017-05-12T17:02:45","slug":"5-lecie-kgw-wolka-labunska","status":"publish","type":"post","link":"https:\/\/www.labunie.com.pl\/?p=5877","title":{"rendered":"5-lecie KGW W\u00f3lka \u0141abu\u0144ska"},"content":{"rendered":"<p><strong>29 kwietnia 2017 r. w \u015bwietlicy wiejskiej Cz\u0142onkinie Ko\u0142a Gospody\u0144 Wiejskich w W\u00f3lce \u0141abu\u0144skiej \u015bwi\u0119towa\u0142y jubileusz 5-lecia swojej dzia\u0142alno\u015bci. W\u00f3jt Gminy \u0141abunie Antoni Wojciech Turczyn wraz z Przewodnicz\u0105cym Rady Adamem Kniaziem i Przewodnicz\u0105c\u0105 Komisji Spo\u0142ecznej Teres\u0105 Zwolan pasowali na Gospodynie \u2013 cz\u0142onkinie KGW i Gospodarzy &#8211; Pan\u00f3w wspieraj\u0105cych dzia\u0142alno\u015b\u0107 Ko\u0142a, fartuszkami kuchennymi. <\/strong><br \/>\n<!--more--><br \/>\n&nbsp;<br \/>\nPrezentacja multimedialna przygotowana przez Agnieszk\u0119 Piel\u0119 przywo\u0142a\u0142a bliskie i dalekie wspomnienia. Obecne na uroczysto\u015bci KGW z siedmiu so\u0142ectw z\u0142o\u017cy\u0142y Jubilatkom serdeczne \u017cyczenia. Od\u015bpiewano tradycyjne &#8220;Sto lat&#8221;.<br \/>\n&nbsp;<\/p>\n<p style=\"text-align: right;\"><strong><span style=\"font-family: tahoma, arial, helvetica, sans-serif; color: #000080;\"><em>Niech ten Jubileusz<\/em><\/span><\/strong><br \/>\n<strong><span style=\"font-family: tahoma, arial, helvetica, sans-serif; color: #000080;\"><em>Milowym b\u0119dzie kamieniem.<\/em><\/span><\/strong><br \/>\n<strong><span style=\"font-family: tahoma, arial, helvetica, sans-serif; color: #000080;\"><em>Czekamy nast\u0119pnych<\/em><\/span><\/strong><br \/>\n<strong><span style=\"font-family: tahoma, arial, helvetica, sans-serif; color: #000080;\"><em>Z wielkim w sercu<\/em><\/span><\/strong><br \/>\n<strong><span style=\"font-family: tahoma, arial, helvetica, sans-serif; color: #000080;\"><em>Wzruszeniem.<\/em><\/span><\/strong><\/p>\n<p>&nbsp;<br \/>\n[lg_folder folder=&#8221;20170429\/&#8221; count=&#8221;34&#8243; paging=&#8221;false&#8221;]<\/p>\n<p>Cz\u0142onkinie za\u0142o\u017cycielki obecnego KGW:<\/p>\n<ul>\n<li style=\"text-align: left;\">Irena Bosiak<\/li>\n<li style=\"text-align: left;\">Jolanta Nowosad<\/li>\n<li style=\"text-align: left;\">Anna Nowosad<\/li>\n<li style=\"text-align: left;\">Anna Wiater<\/li>\n<li style=\"text-align: left;\">Anna Ku\u015bmierz<\/li>\n<li style=\"text-align: left;\">Agnieszka S\u0142upska<\/li>\n<li style=\"text-align: left;\">Teresa Batalia<\/li>\n<li style=\"text-align: left;\">El\u017cbieta Kurz\u0119pa<\/li>\n<li style=\"text-align: left;\">Urszula Nowosad<\/li>\n<li style=\"text-align: left;\">Katarzyna Paszt<\/li>\n<li style=\"text-align: left;\">Monika Kurz\u0119pa<\/li>\n<li style=\"text-align: left;\">El\u017cbieta Bosiak<\/li>\n<li style=\"text-align: left;\">Henryka Wiater<\/li>\n<li style=\"text-align: left;\">Urszula Skiba<\/li>\n<li style=\"text-align: left;\">Anna Bodys<\/li>\n<li style=\"text-align: left;\">Agnieszka Bodys<\/li>\n<li style=\"text-align: left;\">Zofia Sasyn<\/li>\n<li style=\"text-align: left;\">Marzena Madycz<\/li>\n<li style=\"text-align: left;\">Ma\u0142gorzata W\u00f3jcik<\/li>\n<li style=\"text-align: left;\">Anna Karchut<\/li>\n<li style=\"text-align: left;\">Anna Skiba<\/li>\n<li style=\"text-align: left;\">Agnieszka Zwolan<\/li>\n<li style=\"text-align: left;\">Bo\u017cena Antoszak<\/li>\n<li style=\"text-align: left;\">Ma\u0142gorzata \u017buk<\/li>\n<li style=\"text-align: left;\">Marta Rozkres<\/li>\n<li style=\"text-align: left;\">El\u017cbieta Koprowska<\/li>\n<li style=\"text-align: left;\">Joanna Kurz\u0119pa<\/li>\n<li style=\"text-align: left;\">Justyna Swatowska<\/li>\n<\/ul>\n<p>&nbsp;<br \/>\nHistori\u0119 pierwszego w gminie KGW (W\u00f3lka \u0141abu\u0144ska) mo\u017cna przeczyta\u0107 w bie\u017c\u0105cym numerze <a href=\"https:\/\/www.labunie.com.pl\/wp-content\/uploads\/2017\/04\/igla_17.pdf\">Informatora Gminy \u0141abunie \u201eIG\u0141A\u201d<\/a>.<br \/>\n&nbsp;<br \/>\n<iframe loading=\"lazy\" width=\"630\" height=\"350\" src=\"https:\/\/www.youtube.com\/embed\/XgfHbpeAoAE\" frameborder=\"0\" allowfullscreen><\/iframe><\/p>\n","protected":false},"excerpt":{"rendered":"<p>29 kwietnia 2017 r. w \u015bwietlicy wiejskiej Cz\u0142onkinie Ko\u0142a Gospody\u0144 Wiejskich w W\u00f3lce \u0141abu\u0144skiej \u015bwi\u0119towa\u0142y jubileusz 5-lecia swojej dzia\u0142alno\u015bci. W\u00f3jt Gminy \u0141abunie Antoni Wojciech Turczyn wraz z Przewodnicz\u0105cym Rady Adamem Kniaziem i Przewodnicz\u0105c\u0105 Komisji Spo\u0142ecznej Teres\u0105 Zwolan pasowali na Gospodynie \u2013 cz\u0142onkinie KGW i Gospodarzy &#8211; Pan\u00f3w wspieraj\u0105cych dzia\u0142alno\u015b\u0107 Ko\u0142a, fartuszkami kuchennymi.<\/p>\n","protected":false},"author":7,"featured_media":5876,"comment_status":"closed","ping_status":"closed","sticky":false,"template":"","format":"standard","meta":{"footnotes":""},"categories":[1],"tags":[],"class_list":["post-5877","post","type-post","status-publish","format-standard","has-post-thumbnail","hentry","category-wpisy","clearfix"],"_links":{"self":[{"href":"https:\/\/www.labunie.com.pl\/index.php?rest_route=\/wp\/v2\/posts\/5877","targetHints":{"allow":["GET"]}}],"collection":[{"href":"https:\/\/www.labunie.com.pl\/index.php?rest_route=\/wp\/v2\/posts"}],"about":[{"href":"https:\/\/www.labunie.com.pl\/index.php?rest_route=\/wp\/v2\/types\/post"}],"author":[{"embeddable":true,"href":"https:\/\/www.labunie.com.pl\/index.php?rest_route=\/wp\/v2\/users\/7"}],"replies":[{"embeddable":true,"href":"https:\/\/www.labunie.com.pl\/index.php?rest_route=%2Fwp%2Fv2%2Fcomments&post=5877"}],"version-history":[{"count":4,"href":"https:\/\/www.labunie.com.pl\/index.php?rest_route=\/wp\/v2\/posts\/5877\/revisions"}],"predecessor-version":[{"id":5954,"href":"https:\/\/www.labunie.com.pl\/index.php?rest_route=\/wp\/v2\/posts\/5877\/revisions\/5954"}],"wp:featuredmedia":[{"embeddable":true,"href":"https:\/\/www.labunie.com.pl\/index.php?rest_route=\/wp\/v2\/media\/5876"}],"wp:attachment":[{"href":"https:\/\/www.labunie.com.pl\/index.php?rest_route=%2Fwp%2Fv2%2Fmedia&parent=5877"}],"wp:term":[{"taxonomy":"category","embeddable":true,"href":"https:\/\/www.labunie.com.pl\/index.php?rest_route=%2Fwp%2Fv2%2Fcategories&post=5877"},{"taxonomy":"post_tag","embeddable":true,"href":"https:\/\/www.labunie.com.pl\/index.php?rest_route=%2Fwp%2Fv2%2Ftags&post=5877"}],"curies":[{"name":"wp","href":"https:\/\/api.w.org\/{rel}","templated":true}]}}