{"id":5865,"date":"2017-05-03T19:12:07","date_gmt":"2017-05-03T17:12:07","guid":{"rendered":"https:\/\/www.labunie.com.pl\/?p=5865"},"modified":"2017-05-04T19:18:36","modified_gmt":"2017-05-04T17:18:36","slug":"iii-miejsce-wiktora","status":"publish","type":"post","link":"https:\/\/www.labunie.com.pl\/?p=5865","title":{"rendered":"III miejsce Wiktora"},"content":{"rendered":"<p style=\"text-align: left;\"><strong>W II Og\u00f3lnopolskim Turnieju Karate Kyokushin Dzieci i M\u0142odzie\u017cy \u201ePRZE\u0141\u0118CZ CUP\u201d, 29 kwietnia 2017 w Dukli Zamojski Klub Karate Kyokushin oraz Gmin\u0119 \u0141abunie dzielnie reprezentowa\u0142 Wiktor Kolaja zajmuj\u0105c III miejsce w kategorii kumite &#8211; 55 kg.<\/strong>\n<\/p>\n<p>&nbsp;<\/p>\n<p style=\"text-align: right;\"><em><strong>Gratulujemy!<\/strong><\/em><br \/>\n<!--more--><br \/>\n&nbsp;\n<\/p>\n<div id='pe-gallery-1' class='pe-gallery pe-gallery-5865 columns-3 img-size-medium'><div class='pe-row'><div class='col-md-4'><figure tabindex='0' class='pe-gallery-item ' ><div class='pe-gallery-image landscape'>\n\t\t\t\t\t\t\t<a href=\"https:\/\/www.labunie.com.pl\/wp-content\/uploads\/2017\/05\/002.jpg\" data-rel=\"lightbox-gallery-S7d5JGo5\" data-rl_title=\"\" data-rl_caption=\"\" title=\"\"><img loading=\"lazy\" decoding=\"async\" width=\"300\" height=\"225\" src=\"https:\/\/www.labunie.com.pl\/wp-content\/uploads\/2017\/05\/002-300x225.jpg\" class=\"attachment-medium size-medium\" alt=\"002\" data-no-retina=\"\" aria-describedby=\"gallery-1-5866\" srcset=\"https:\/\/www.labunie.com.pl\/wp-content\/uploads\/2017\/05\/002-300x225.jpg 300w, https:\/\/www.labunie.com.pl\/wp-content\/uploads\/2017\/05\/002-768x576.jpg 768w, https:\/\/www.labunie.com.pl\/wp-content\/uploads\/2017\/05\/002.jpg 960w\" sizes=\"auto, (max-width: 300px) 100vw, 300px\" \/><\/a>\n\t\t\t\t\t\t<\/div><figcaption class='wp-caption-text pe-gallery-caption'>\n\t\t\t\t\t\t\t\t002\n\t\t\t\t\t\t\t<\/figcaption><\/figure><\/div><div class='col-md-4'><figure tabindex='0' class='pe-gallery-item ' ><div class='pe-gallery-image landscape'>\n\t\t\t\t\t\t\t<a href=\"https:\/\/www.labunie.com.pl\/wp-content\/uploads\/2017\/05\/001.jpg\" data-rel=\"lightbox-gallery-S7d5JGo5\" data-rl_title=\"\" data-rl_caption=\"\" title=\"\"><img loading=\"lazy\" decoding=\"async\" width=\"300\" height=\"225\" src=\"https:\/\/www.labunie.com.pl\/wp-content\/uploads\/2017\/05\/001-300x225.jpg\" class=\"attachment-medium size-medium\" alt=\"001\" data-no-retina=\"\" aria-describedby=\"gallery-1-5868\" srcset=\"https:\/\/www.labunie.com.pl\/wp-content\/uploads\/2017\/05\/001-300x225.jpg 300w, https:\/\/www.labunie.com.pl\/wp-content\/uploads\/2017\/05\/001-768x576.jpg 768w, https:\/\/www.labunie.com.pl\/wp-content\/uploads\/2017\/05\/001.jpg 960w\" sizes=\"auto, (max-width: 300px) 100vw, 300px\" \/><\/a>\n\t\t\t\t\t\t<\/div><figcaption class='wp-caption-text pe-gallery-caption'>\n\t\t\t\t\t\t\t\t001\n\t\t\t\t\t\t\t<\/figcaption><\/figure><\/div><\/div><\/div>\n\n<p style=\"text-align: right;\"><span style=\"font-size: 8pt;\"><em>Krzysztof Policha<\/em><\/span><\/p>\n","protected":false},"excerpt":{"rendered":"<p>W II Og\u00f3lnopolskim Turnieju Karate Kyokushin Dzieci i M\u0142odzie\u017cy \u201ePRZE\u0141\u0118CZ CUP\u201d, 29 kwietnia 2017 w Dukli Zamojski Klub Karate Kyokushin oraz Gmin\u0119 \u0141abunie dzielnie reprezentowa\u0142 Wiktor Kolaja zajmuj\u0105c III miejsce w kategorii kumite &#8211; 55 kg. &nbsp; Gratulujemy!<\/p>\n","protected":false},"author":7,"featured_media":5867,"comment_status":"closed","ping_status":"closed","sticky":false,"template":"","format":"standard","meta":{"footnotes":""},"categories":[1],"tags":[],"class_list":["post-5865","post","type-post","status-publish","format-standard","has-post-thumbnail","hentry","category-wpisy","clearfix"],"_links":{"self":[{"href":"https:\/\/www.labunie.com.pl\/index.php?rest_route=\/wp\/v2\/posts\/5865","targetHints":{"allow":["GET"]}}],"collection":[{"href":"https:\/\/www.labunie.com.pl\/index.php?rest_route=\/wp\/v2\/posts"}],"about":[{"href":"https:\/\/www.labunie.com.pl\/index.php?rest_route=\/wp\/v2\/types\/post"}],"author":[{"embeddable":true,"href":"https:\/\/www.labunie.com.pl\/index.php?rest_route=\/wp\/v2\/users\/7"}],"replies":[{"embeddable":true,"href":"https:\/\/www.labunie.com.pl\/index.php?rest_route=%2Fwp%2Fv2%2Fcomments&post=5865"}],"version-history":[{"count":5,"href":"https:\/\/www.labunie.com.pl\/index.php?rest_route=\/wp\/v2\/posts\/5865\/revisions"}],"predecessor-version":[{"id":5873,"href":"https:\/\/www.labunie.com.pl\/index.php?rest_route=\/wp\/v2\/posts\/5865\/revisions\/5873"}],"wp:featuredmedia":[{"embeddable":true,"href":"https:\/\/www.labunie.com.pl\/index.php?rest_route=\/wp\/v2\/media\/5867"}],"wp:attachment":[{"href":"https:\/\/www.labunie.com.pl\/index.php?rest_route=%2Fwp%2Fv2%2Fmedia&parent=5865"}],"wp:term":[{"taxonomy":"category","embeddable":true,"href":"https:\/\/www.labunie.com.pl\/index.php?rest_route=%2Fwp%2Fv2%2Fcategories&post=5865"},{"taxonomy":"post_tag","embeddable":true,"href":"https:\/\/www.labunie.com.pl\/index.php?rest_route=%2Fwp%2Fv2%2Ftags&post=5865"}],"curies":[{"name":"wp","href":"https:\/\/api.w.org\/{rel}","templated":true}]}}