{"id":5806,"date":"2017-04-24T15:46:14","date_gmt":"2017-04-24T13:46:14","guid":{"rendered":"https:\/\/www.labunie.com.pl\/?p=5806"},"modified":"2017-04-24T15:46:14","modified_gmt":"2017-04-24T13:46:14","slug":"w-72-rocznice","status":"publish","type":"post","link":"https:\/\/www.labunie.com.pl\/?p=5806","title":{"rendered":"W 72. rocznic\u0119"},"content":{"rendered":"<p><strong>Tak jak co roku w rocznic\u0119 \u015bmierci por. Edwarda Lachawca ps. \u201eKonrad\u201d, partyzant\u00f3w, \u017co\u0142nierzy Armii Krajowej i Batalion\u00f3w Ch\u0142opskich oraz ludno\u015bci cywilnej zamordowanej przez NKWD i UB a tak\u017ce ofiar samos\u0105d\u00f3w wojennych zosta\u0142a uczczona ich pami\u0119\u0107. 23 kwietnia 2017 r. w ko\u015bciele parafialnym w \u0141abuniach odprawiona zosta\u0142a uroczysta Msza \u015bwi\u0119ta.<\/strong><\/p>\n<p><!--more--><br \/>\n&nbsp;<br \/>\nRys historyczny tych tragicznych wydarze\u0144 przedstawi\u0142a Teresa Zwolan \u2013 Przewodnicz\u0105ca Komisji Spo\u0142ecznej Rady Gminy \u0141abunie.<br \/>\nPo uroczysto\u015bci W\u00f3jt Gminy \u0141abunie Antoni Wojciech Turczyn i Przewodnicz\u0105cy Rady Gminy \u0141abunie Adam Knia\u017a z\u0142o\u017cyli kwiaty przy tablicy upami\u0119tniaj\u0105cej pomordowanych oraz przy pomniku na cmentarzu parafialnym w \u0141abuniach.<br \/>\n&nbsp;<br \/>\n[lg_folder folder=&#8221;20170423\/&#8221; count=&#8221;7&#8243; paging=&#8221;false&#8221;]<\/p>\n<p style=\"text-align: justify; padding-left: 30px;\">\n<span style=\"font-family: helvetica,arial,sans-serif;\"><em> W imieniu Spo\u0142eczno\u015bci Gminy \u0141abunie sk\u0142adam podzi\u0119kowania pocztom sztandarowym organizacji kombatanckich, pocztom sztandarowym szk\u00f3\u0142 z terenu gminy oraz wszystkim osobom uczestnicz\u0105cym uroczysto\u015bci. Podzi\u0119kowania sk\u0142adam r\u00f3wnie\u017c ksi\u0119dzu proboszczowi Piotrowi Rawlikowi za celebrowanie uroczysto\u015bci.<\/em><\/span><\/p>\n<p style=\"text-align: right;\"><span style=\"font-family: helvetica,arial,sans-serif; font-size: 8pt;\">W\u00f3jt Gminy \u0141abunie<\/span><br \/>\n<span style=\"font-family: helvetica,arial,sans-serif; font-size: 8pt;\"> Antoni Wojciech Turczyn<\/span><\/p>\n<p>&nbsp;<br \/>\n&nbsp;<\/p>\n<p style=\"text-align: center;\">\n<table style=\"background-color: #000000; width: 630px;\" cellpadding=\"5\">\n<tbody>\n<tr>\n<td style=\"text-align: center;\"><strong><span style=\"font-family: helvetica,arial,sans-serif; color: #ffffff;\"><em><span style=\"text-decoration: underline;\">\u017bo\u0142nierze kompanii \u201eNorberta\u201d kt\u00f3rzy zgin\u0119li z r\u0105k NKWD i UB<\/span><\/em><\/span><\/strong><\/td>\n<\/tr>\n<tr>\n<td>\n<ul>\n<li style=\"text-align: left;\"><span style=\"font-family: helvetica,arial,sans-serif; color: #ffffff;\">Antoniewicz Jan \u2013 Katy\u0144<\/span><\/li>\n<li style=\"text-align: left;\"><span style=\"font-family: helvetica,arial,sans-serif; color: #ffffff;\">Bilska Zofia<\/span><\/li>\n<li style=\"text-align: left;\"><span style=\"font-family: helvetica,arial,sans-serif; color: #ffffff;\">Bilski J\u00f3zef<\/span><\/li>\n<li style=\"text-align: left;\"><span style=\"font-family: helvetica,arial,sans-serif; color: #ffffff;\">Branecki Mieczys\u0142aw ps. <em>Stopka<\/em><\/span><\/li>\n<li style=\"text-align: left;\"><span style=\"font-family: helvetica,arial,sans-serif; color: #ffffff;\">\u0106wierkniewicz Zbigniew ps. <em>Zbys\u0142aw<\/em><\/span><\/li>\n<li style=\"text-align: left;\"><span style=\"font-family: helvetica,arial,sans-serif; color: #ffffff;\">Grela ps. <em>Pomsta<\/em><\/span><\/li>\n<li style=\"text-align: left;\"><span style=\"font-family: helvetica,arial,sans-serif; color: #ffffff;\">Karchut Hieronim ps. <em>Linia<\/em><\/span><\/li>\n<li style=\"text-align: left;\"><span style=\"font-family: helvetica,arial,sans-serif; color: #ffffff;\">Lachawiec Edward ps. <em>Konrad<\/em><\/span><\/li>\n<li style=\"text-align: left;\"><span style=\"font-family: helvetica,arial,sans-serif; color: #ffffff;\">Niemczuk Mieczys\u0142aw ps. <em>Gwiazda<\/em><\/span><\/li>\n<li style=\"text-align: left;\"><span style=\"font-family: helvetica,arial,sans-serif; color: #ffffff;\">Pakos Stanis\u0142aw ps. <em>Prosty<\/em><\/span><\/li>\n<li style=\"text-align: left;\"><span style=\"font-family: helvetica,arial,sans-serif; color: #ffffff;\">Py\u015b J\u00f3zef ps. <em>Ostry<\/em><\/span><\/li>\n<li style=\"text-align: left;\"><span style=\"font-family: helvetica,arial,sans-serif; color: #ffffff;\">Skutarska Matylda<\/span><\/li>\n<li style=\"text-align: left;\"><span style=\"font-family: helvetica,arial,sans-serif; color: #ffffff;\">Wojniak Henryk ps. <em>Kanciarz<\/em><\/span><\/li>\n<li style=\"text-align: left;\"><span style=\"font-family: helvetica,arial,sans-serif; color: #ffffff;\">Zawada Jan ps. <em>Gruby<\/em><\/span><\/li>\n<\/ul>\n<\/td>\n<\/tr>\n<tr>\n<td>\n<p style=\"text-align: right;\">\n<p style=\"text-align: right;\"><span style=\"font-size: 8pt; font-family: helvetica,arial,sans-serif; color: #ffffff;\"><em>Lista os\u00f3b opracowana na podst.: \u201eKonrad i Anio\u0142&#8221; aut. Krzysztof Antoni Rychel<br \/>\nWyd.: Urz\u0105d Gminy \u0141abunie ; Ko\u0142o Rejonowe \u015aZZAK w \u0141abuniach ; Biblioteka Publiczna Gminy \u0141abunie, 2003<\/em><\/span><\/p>\n<\/td>\n<\/tr>\n<\/tbody>\n<\/table>\n","protected":false},"excerpt":{"rendered":"<p>Tak jak co roku w rocznic\u0119 \u015bmierci por. Edwarda Lachawca ps. \u201eKonrad\u201d, partyzant\u00f3w, \u017co\u0142nierzy Armii Krajowej i Batalion\u00f3w Ch\u0142opskich oraz ludno\u015bci cywilnej zamordowanej przez NKWD i UB a tak\u017ce ofiar samos\u0105d\u00f3w wojennych zosta\u0142a uczczona ich pami\u0119\u0107. 23 kwietnia 2017 r. w ko\u015bciele parafialnym w \u0141abuniach odprawiona zosta\u0142a uroczysta Msza \u015bwi\u0119ta.<\/p>\n","protected":false},"author":7,"featured_media":5807,"comment_status":"closed","ping_status":"closed","sticky":false,"template":"","format":"standard","meta":{"footnotes":""},"categories":[1],"tags":[],"class_list":["post-5806","post","type-post","status-publish","format-standard","has-post-thumbnail","hentry","category-wpisy","clearfix"],"_links":{"self":[{"href":"https:\/\/www.labunie.com.pl\/index.php?rest_route=\/wp\/v2\/posts\/5806","targetHints":{"allow":["GET"]}}],"collection":[{"href":"https:\/\/www.labunie.com.pl\/index.php?rest_route=\/wp\/v2\/posts"}],"about":[{"href":"https:\/\/www.labunie.com.pl\/index.php?rest_route=\/wp\/v2\/types\/post"}],"author":[{"embeddable":true,"href":"https:\/\/www.labunie.com.pl\/index.php?rest_route=\/wp\/v2\/users\/7"}],"replies":[{"embeddable":true,"href":"https:\/\/www.labunie.com.pl\/index.php?rest_route=%2Fwp%2Fv2%2Fcomments&post=5806"}],"version-history":[{"count":5,"href":"https:\/\/www.labunie.com.pl\/index.php?rest_route=\/wp\/v2\/posts\/5806\/revisions"}],"predecessor-version":[{"id":11894,"href":"https:\/\/www.labunie.com.pl\/index.php?rest_route=\/wp\/v2\/posts\/5806\/revisions\/11894"}],"wp:featuredmedia":[{"embeddable":true,"href":"https:\/\/www.labunie.com.pl\/index.php?rest_route=\/wp\/v2\/media\/5807"}],"wp:attachment":[{"href":"https:\/\/www.labunie.com.pl\/index.php?rest_route=%2Fwp%2Fv2%2Fmedia&parent=5806"}],"wp:term":[{"taxonomy":"category","embeddable":true,"href":"https:\/\/www.labunie.com.pl\/index.php?rest_route=%2Fwp%2Fv2%2Fcategories&post=5806"},{"taxonomy":"post_tag","embeddable":true,"href":"https:\/\/www.labunie.com.pl\/index.php?rest_route=%2Fwp%2Fv2%2Ftags&post=5806"}],"curies":[{"name":"wp","href":"https:\/\/api.w.org\/{rel}","templated":true}]}}