{"id":5595,"date":"2017-04-12T11:50:47","date_gmt":"2017-04-12T09:50:47","guid":{"rendered":"https:\/\/www.labunie.com.pl\/?p=5595"},"modified":"2017-04-12T11:54:11","modified_gmt":"2017-04-12T09:54:11","slug":"przed-wielkanoca-viii-final","status":"publish","type":"post","link":"https:\/\/www.labunie.com.pl\/?p=5595","title":{"rendered":"&#8220;Przed Wielkanoc\u0105&#8221; &#8211; VIII fina\u0142 &#8211; aktualizacja"},"content":{"rendered":"<p><strong>9 kwietnia podsumowano 8. edycj\u0119 Gminnego Konkursu Plastycznego \u201ePrzed Wielkanoc\u0105\u201d pod honorowym patronatem W\u00f3jta Gminy \u0141abunie Antoniego Wojciecha Turczyna. Uczestnicy co roku przekazuj\u0105 swoje przepi\u0119kne prace na kiermasz, z kt\u00f3rego doch\u00f3d w ca\u0142o\u015bci w\u0119druje w formie darowizny do Lubelskiego Hospicjum Dla Dzieci im. Ma\u0142ego Ksi\u0119cia. <\/strong><br \/>\n<!--more--><br \/>\n&nbsp;<br \/>\nOstateczna kwota kt\u00f3r\u0105 zebrali\u015bmy: <strong>1000,00 z\u0142<\/strong>. Pieni\u0105dze zosta\u0142y przekazane na konto Lubelskiego Hospicjum dla Dzieci im. Ma\u0142ego Ksi\u0119cia.<br \/>\n&nbsp;<br \/>\n<strong>Organizatorzy dzi\u0119kuj\u0105 wszystkim Ludziom Dobrej Woli za pomoc i wsparcie finansowe hospicjum!<\/strong><br \/>\n&nbsp;<br \/>\n&nbsp;<br \/>\n<img loading=\"lazy\" decoding=\"async\" class=\"aligncenter size-full wp-image-5761\" src=\"https:\/\/www.labunie.com.pl\/wp-content\/uploads\/2017\/04\/wplata_12042017.png\" alt=\"\" width=\"630\" height=\"468\" srcset=\"https:\/\/www.labunie.com.pl\/wp-content\/uploads\/2017\/04\/wplata_12042017.png 630w, https:\/\/www.labunie.com.pl\/wp-content\/uploads\/2017\/04\/wplata_12042017-300x223.png 300w\" sizes=\"auto, (max-width: 630px) 100vw, 630px\" \/><\/p>\n<p>[lg_folder folder=&#8221;20170409\/&#8221; count=&#8221;20&#8243; paging=&#8221;false&#8221;]<\/p>\n","protected":false},"excerpt":{"rendered":"<p>9 kwietnia podsumowano 8. edycj\u0119 Gminnego Konkursu Plastycznego \u201ePrzed Wielkanoc\u0105\u201d pod honorowym patronatem W\u00f3jta Gminy \u0141abunie Antoniego Wojciecha Turczyna. Uczestnicy co roku przekazuj\u0105 swoje przepi\u0119kne prace na kiermasz, z kt\u00f3rego doch\u00f3d w ca\u0142o\u015bci w\u0119druje w formie darowizny do Lubelskiego Hospicjum Dla Dzieci im. Ma\u0142ego Ksi\u0119cia.<\/p>\n","protected":false},"author":7,"featured_media":5600,"comment_status":"closed","ping_status":"closed","sticky":false,"template":"","format":"standard","meta":{"footnotes":""},"categories":[1],"tags":[],"class_list":["post-5595","post","type-post","status-publish","format-standard","has-post-thumbnail","hentry","category-wpisy","clearfix"],"_links":{"self":[{"href":"https:\/\/www.labunie.com.pl\/index.php?rest_route=\/wp\/v2\/posts\/5595","targetHints":{"allow":["GET"]}}],"collection":[{"href":"https:\/\/www.labunie.com.pl\/index.php?rest_route=\/wp\/v2\/posts"}],"about":[{"href":"https:\/\/www.labunie.com.pl\/index.php?rest_route=\/wp\/v2\/types\/post"}],"author":[{"embeddable":true,"href":"https:\/\/www.labunie.com.pl\/index.php?rest_route=\/wp\/v2\/users\/7"}],"replies":[{"embeddable":true,"href":"https:\/\/www.labunie.com.pl\/index.php?rest_route=%2Fwp%2Fv2%2Fcomments&post=5595"}],"version-history":[{"count":5,"href":"https:\/\/www.labunie.com.pl\/index.php?rest_route=\/wp\/v2\/posts\/5595\/revisions"}],"predecessor-version":[{"id":5763,"href":"https:\/\/www.labunie.com.pl\/index.php?rest_route=\/wp\/v2\/posts\/5595\/revisions\/5763"}],"wp:featuredmedia":[{"embeddable":true,"href":"https:\/\/www.labunie.com.pl\/index.php?rest_route=\/wp\/v2\/media\/5600"}],"wp:attachment":[{"href":"https:\/\/www.labunie.com.pl\/index.php?rest_route=%2Fwp%2Fv2%2Fmedia&parent=5595"}],"wp:term":[{"taxonomy":"category","embeddable":true,"href":"https:\/\/www.labunie.com.pl\/index.php?rest_route=%2Fwp%2Fv2%2Fcategories&post=5595"},{"taxonomy":"post_tag","embeddable":true,"href":"https:\/\/www.labunie.com.pl\/index.php?rest_route=%2Fwp%2Fv2%2Ftags&post=5595"}],"curies":[{"name":"wp","href":"https:\/\/api.w.org\/{rel}","templated":true}]}}