{"id":5575,"date":"2017-04-10T11:14:53","date_gmt":"2017-04-10T09:14:53","guid":{"rendered":"https:\/\/www.labunie.com.pl\/?p=5575"},"modified":"2017-04-10T11:16:50","modified_gmt":"2017-04-10T09:16:50","slug":"dzien-pamieci-ofiar-zbrodni-katynskiej","status":"publish","type":"post","link":"https:\/\/www.labunie.com.pl\/?p=5575","title":{"rendered":"Dzie\u0144 Pami\u0119ci Ofiar Zbrodni Katy\u0144skiej"},"content":{"rendered":"<p style=\"text-align: right;\"><strong><em><span class=\"font-italic\" style=\"font-size: 14pt; font-family: book antiqua,palatino,serif;\">Je\u015bli zapomn\u0119 o nich, Ty, Bo\u017ce na niebie,<br \/>\nZapomnij o mnie \u2014<\/span><br \/>\n<\/span><\/em><\/strong><\/p>\n<p>&nbsp;<\/p>\n<p><strong>11 kwietnia w gminie \u0141abunie upami\u0119tnione zostan\u0105 Ofiary Zbrodni Katy\u0144skiej.<br \/>\n<\/strong><\/p>\n<p><!--more--><br \/>\n&nbsp;<br \/>\n&nbsp;<br \/>\n<strong>W\u0142adze gminy w towarzystwie spo\u0142eczno\u015bci uczniowskiej, przedszkolak\u00f3w, pracownik\u00f3w jednostek organizacyjnych, przedstawicieli organizacji spo\u0142ecznych i mieszka\u0144c\u00f3w z\u0142o\u017c\u0105 kwiaty i zapal\u0105 znicze przy tablicach pami\u0105tkowych i D\u0119bach Katy\u0144skich w \u0141abuniach, W\u00f3lce \u0141abu\u0144skiej i Wierzbiu.<\/strong><br \/>\n&nbsp;<br \/>\nZapraszamy do uczczenia zwi\u0105zanych z Gmin\u0105 \u0141abunie Bohater\u00f3w Zamordowanych w Katyniu, Twerze, Kuropatach i Riazaniu.<\/p>\n<ul>\n<li><strong>godz. 9.00<\/strong> \u2013 Urz\u0105d Gminy \u0141abunie \u2013 por. Tadeusz Cury\u0142\u0142o<\/li>\n<li><strong>godz. 9.30<\/strong> \u2013 Ogr\u00f3d \u201ePawie Pi\u00f3ro\u201d przy Bibliotece Publicznej Gminy \u0141abunie \u2013 post. PP W\u0142odzimierz \u0141u\u0144<\/li>\n<li><strong>godz. 10.30<\/strong> \u2013 skwer przy Remizie Stra\u017cackie w W\u00f3lce \u0141abu\u0144skiej \u2013 st. post. Wincenty Rozkres<\/li>\n<li><strong>godz. 11.00<\/strong> \u2013 skwer przy \u015awietlicy Wiejskiej w Wierzbiu \u2013 nauczyciel, redaktor, regionalista Antoni Turczyn<\/li>\n<\/ul>\n","protected":false},"excerpt":{"rendered":"<p>Je\u015bli zapomn\u0119 o nich, Ty, Bo\u017ce na niebie, Zapomnij o mnie \u2014 &nbsp; 11 kwietnia w gminie \u0141abunie upami\u0119tnione zostan\u0105 Ofiary Zbrodni Katy\u0144skiej.<\/p>\n","protected":false},"author":7,"featured_media":5576,"comment_status":"closed","ping_status":"closed","sticky":false,"template":"","format":"standard","meta":{"footnotes":""},"categories":[1],"tags":[],"class_list":["post-5575","post","type-post","status-publish","format-standard","has-post-thumbnail","hentry","category-wpisy","clearfix"],"_links":{"self":[{"href":"https:\/\/www.labunie.com.pl\/index.php?rest_route=\/wp\/v2\/posts\/5575","targetHints":{"allow":["GET"]}}],"collection":[{"href":"https:\/\/www.labunie.com.pl\/index.php?rest_route=\/wp\/v2\/posts"}],"about":[{"href":"https:\/\/www.labunie.com.pl\/index.php?rest_route=\/wp\/v2\/types\/post"}],"author":[{"embeddable":true,"href":"https:\/\/www.labunie.com.pl\/index.php?rest_route=\/wp\/v2\/users\/7"}],"replies":[{"embeddable":true,"href":"https:\/\/www.labunie.com.pl\/index.php?rest_route=%2Fwp%2Fv2%2Fcomments&post=5575"}],"version-history":[{"count":5,"href":"https:\/\/www.labunie.com.pl\/index.php?rest_route=\/wp\/v2\/posts\/5575\/revisions"}],"predecessor-version":[{"id":5587,"href":"https:\/\/www.labunie.com.pl\/index.php?rest_route=\/wp\/v2\/posts\/5575\/revisions\/5587"}],"wp:featuredmedia":[{"embeddable":true,"href":"https:\/\/www.labunie.com.pl\/index.php?rest_route=\/wp\/v2\/media\/5576"}],"wp:attachment":[{"href":"https:\/\/www.labunie.com.pl\/index.php?rest_route=%2Fwp%2Fv2%2Fmedia&parent=5575"}],"wp:term":[{"taxonomy":"category","embeddable":true,"href":"https:\/\/www.labunie.com.pl\/index.php?rest_route=%2Fwp%2Fv2%2Fcategories&post=5575"},{"taxonomy":"post_tag","embeddable":true,"href":"https:\/\/www.labunie.com.pl\/index.php?rest_route=%2Fwp%2Fv2%2Ftags&post=5575"}],"curies":[{"name":"wp","href":"https:\/\/api.w.org\/{rel}","templated":true}]}}