{"id":5540,"date":"2017-04-07T12:39:50","date_gmt":"2017-04-07T10:39:50","guid":{"rendered":"https:\/\/www.labunie.com.pl\/?p=5540"},"modified":"2017-04-07T13:13:07","modified_gmt":"2017-04-07T11:13:07","slug":"protokol-komisji-konkursowej-przed-wielkanoca-2017","status":"publish","type":"post","link":"https:\/\/www.labunie.com.pl\/?p=5540","title":{"rendered":"Protok\u00f3\u0142 Komisji Konkursowej &#8220;Przed Wielkanoc\u0105 2017&#8221;"},"content":{"rendered":"<p><strong>Komisja w sk\u0142adzie: Teresa Zwolan &#8211; przewodnicz\u0105ca, Henryka Wiater, Agnieszka Piela w dniu 4 kwietnia 2017 r. dokona\u0142a oceny 189 prac nades\u0142anych w trzech kategoriach: kartka, pisanka, stroik. <\/strong><br \/>\n<strong>Nagrodzono 68 prac i wyr\u00f3\u017cniono 52:<\/strong><br \/>\n<!--more--><br \/>\n&nbsp;<br \/>\n&nbsp;<br \/>\n&nbsp;<\/p>\n<p style=\"text-align: center;\"><strong><span style=\"text-decoration: underline;\"><em>Kategoria: stroiki<\/em><\/span><\/strong><\/p>\n<p>&nbsp;<\/p>\n<ol>\n<li><strong>Magdalena Lalik, kl. III c, ZS \u0141abunie, op. E. Latawiec- WYR\u00d3\u017bNIENIE<\/strong><\/li>\n<li><strong>Patryk Jandu\u0142a, kl. III b, ZS \u0141abunie, op. M. Rozkres- WYR\u00d3\u017bNIENIE<\/strong><\/li>\n<li><strong>Kinga Sak, kl. III b, ZS \u0141abunie, op. M. Rozkres- WYR\u00d3\u017bNIENIE<\/strong><\/li>\n<li><strong>Mateusz Bartoszczyk, kl. VI, ZS \u0141abu\u0144ki Pierwsze, op. R. Ko\u017cuszek- III MIEJSCE<\/strong><\/li>\n<li><strong>Krystian Ga\u0142ek, kl. IV b, ZS \u0141abunie, op. C. Zwolak- II MIEJSCE<\/strong><\/li>\n<li><strong>Paulina Py\u015b, kl. IV b, ZS \u0141abunie, op. C. Zwolak \u2013 I MIEJSCE<\/strong><\/li>\n<li>Zuzanna Burdzy, kl. III b, ZS \u0141abunie, op. M. Rozkres<\/li>\n<li>Przemys\u0142aw Wici\u0144ski, kl. II, ZS \u0141abu\u0144ki Pierwsze, op. H. Dybzi\u0144ska<\/li>\n<li>Karol Pi\u0142at, kl. II, ZS \u0141abu\u0144ki Pierwsze, op. H. Dybzi\u0144ska<\/li>\n<li>Milena Pi\u0142at, kl. V, ZS \u0141abu\u0144ki Pierwsze, op. A.Ga\u0142ka<\/li>\n<li>Jakub Py\u015b, kl. III b, ZS \u0141abunie, op. M. Rozkres<\/li>\n<\/ol>\n<p>&nbsp;<br \/>\n&nbsp;<\/p>\n<p style=\"text-align: center;\"><strong><span style=\"text-decoration: underline;\"><em>Kategoria: pisanki<\/em><\/span><\/strong><\/p>\n<p>&nbsp;<\/p>\n<ol>\n<li style=\"text-align: left;\"><strong>Mi\u0142osz D\u0119bkowski, kl. II a, ZS \u0141abunie, op. B. Wdowiak- WYR\u00d3\u017bNIENIE<\/strong><\/li>\n<li style=\"text-align: left;\"><strong>Julia Sowa, kl. II a, ZS \u0141abunie, op. B. Wdowiak- WYR\u00d3\u017bNIENIE<\/strong><\/li>\n<li style=\"text-align: left;\"><strong>Sandra Fusiarz, kl. kl. III a, ZS \u0141abu\u0144ki Pierwsze, op. M. Kolaja &#8211; WYR\u00d3\u017bNIENIE<\/strong><\/li>\n<li style=\"text-align: left;\"><strong>Marcin Jastrz\u0119bski, kl. I b, ZS \u0141abunie, op. M. Kubacka- WYR\u00d3\u017bNIENIE<\/strong><\/li>\n<li style=\"text-align: left;\"><strong>Natalia Schab, kl. I b, ZS \u0141abunie, op. M. Kubacka- WYR\u00d3\u017bNIENIE<\/strong><\/li>\n<li style=\"text-align: left;\"><strong>Nikola Kusy, kl. I b, ZS \u0141abunie, op. M. Kubacka- WYR\u00d3\u017bNIENIE<\/strong><\/li>\n<li style=\"text-align: left;\"><strong>Amelia G\u00f3rska, kl. I b, ZS \u0141abunie, op. M. Kubacka- WYR\u00d3\u017bNIENIE<\/strong><\/li>\n<li style=\"text-align: left;\"><strong>Patryk Zygmunt, kl. 0, ZS \u0141abu\u0144ki Pierwsze, op. G. W\u0119c\u0142ak- WYR\u00d3\u017bNIENIE<\/strong><\/li>\n<li style=\"text-align: left;\"><strong>Weronika Burdzy, kl. V, ZS \u0141abu\u0144ki Pierwsze, op. A. Ga\u0142ka- WYR\u00d3\u017bNIENIE <\/strong><\/li>\n<li style=\"text-align: left;\"><strong>Kacper Tymczuk, kl. II, ZS \u0141abu\u0144ki Pierwsze \u2013 WYR\u00d3\u017bNIENIE<\/strong><\/li>\n<li style=\"text-align: left;\"><strong>Aleksandra Czw\u00f3rnoga, kl.III a, ZS \u0141abu\u0144ki Pierwsze, op. M. Kolaja \u2013 III MIEJSCE<\/strong><\/li>\n<li style=\"text-align: left;\"><strong>Wiktoria Szeremeta, kl. III c, ZS \u0141abunie, op. E. Latawiec- III MIEJSCE<\/strong><\/li>\n<li style=\"text-align: left;\"><strong>Aleksandra Typiak, kl. II a, ZS \u0141abunie, op. B. Wdowiak \u2013 III MIEJSCE<\/strong><\/li>\n<li style=\"text-align: left;\"><strong>Kacper Wilk, kl. I b, ZS \u0141abunie, op. M. Kubacka- III MIEJSCE<\/strong><\/li>\n<li style=\"text-align: left;\"><strong>Zosia Niemczuk, kl. IIa, ZS \u0141abunie, op. B. Wdowiak \u2013 III MIEJSCE<\/strong><\/li>\n<li style=\"text-align: left;\"><strong>Jakub Gadecki, kl. I a, ZS \u0141abunie, op. B. Rybacha\/ K. Wolska \u2013 III MIEJSCE<\/strong><\/li>\n<li style=\"text-align: left;\"><strong>Natalia Wiater, kl. 0, PP Rusz\u00f3w, op. A. Rybak \u2013 Antoniewicz \u2013 III MIEJSCE<\/strong><\/li>\n<li style=\"text-align: left;\"><strong>Lena Zwolan, kl. 0, PP Rusz\u00f3w, op. A. Rybak \u2013 Antoniewicz \u2013 III MIEJSCE<\/strong><\/li>\n<li style=\"text-align: left;\"><strong>Magdalena Kozio\u0142, kl. VI b, ZS \u0141abunie- III MIEJSCE<\/strong><\/li>\n<li style=\"text-align: left;\"><strong>Katarzyna Ju\u015bko, kl. VI b, ZS \u0141abunie \u2013 II MIEJSCE<\/strong><\/li>\n<li style=\"text-align: left;\"><strong>Krystian Kiszka, kl. 0, PP Rusz\u00f3w, op. A. Rybak-Antoniewicz \u2013 II MIEJSCE<\/strong><\/li>\n<li style=\"text-align: left;\"><strong>Mateusz Matejanko, kl. II a, ZS \u0141abunie, op. B. Wdowiak \u2013 II MIEJSCE<\/strong><\/li>\n<li style=\"text-align: left;\"><strong>Rafa\u0142 Bezpalko, kl. II a, ZS \u0141abunie, op. B. Wdowiak \u2013 II MIEJSCE<\/strong><\/li>\n<li style=\"text-align: left;\"><strong>Julia Szyku\u0142a, kl. II, ZS \u0141abu\u0144ki Pierwsze, op. H. Dybzi\u0144ska- II MIEJSCE<\/strong><\/li>\n<li style=\"text-align: left;\"><strong>Szymon U\u0142anowski, kl. III b, ZS \u0141abu\u0144ki Pierwsze, op. E. Kurzawska \u2013 II MIEJSCE<\/strong><\/li>\n<li style=\"text-align: left;\"><strong>Aleksandra Johaniuk, kl.V, ZS \u0141abu\u0144ki Pierwsze, op. A. Ga\u0142ka- I MIEJSCE<\/strong><\/li>\n<li style=\"text-align: left;\"><strong>Wojciech Kostrubiec, kl. II a, ZS \u0141abunie, op. B. Wdowiak \u2013 I MIEJSCE<\/strong><\/li>\n<li style=\"text-align: left;\"><strong>Mi\u0142osz Wolski, kl. II a, ZS \u0141abunie, op. B. Wdowiak \u2013 I MIEJSCE<\/strong><\/li>\n<li style=\"text-align: left;\">Magdalena Lalik, kl. III c, ZS \u0141abunie, op. E. Latawiec<\/li>\n<li style=\"text-align: left;\">Jakub Chwiejczak, kl. I a, ZS \u0141abunie, op. B. Rybacha\/K. Wolska<\/li>\n<li style=\"text-align: left;\">Marcel Greszta, kl. I b, ZS \u0141abunie, op. M. Kubacka<\/li>\n<li style=\"text-align: left;\">Julia Kostrubiec, kl.III a, ZS \u0141abunie, op. Lucyna Gredys<\/li>\n<li style=\"text-align: left;\">Dawid Tymczuk, kl.III b, ZS \u0141abu\u0144ki Pierwsze<\/li>\n<li style=\"text-align: left;\">Emilia Sawka, kl.V, ZS \u0141abu\u0144ki Pierwsze, op. A. Ga\u0142ka<\/li>\n<li style=\"text-align: left;\">Karina Kolaja, kl. II ZS \u0141abu\u0144ki Pierwsze, op. H. Dybzi\u0144ska<\/li>\n<li style=\"text-align: left;\">Roksana Wiater, kl. IIa, ZS \u0141abunie, op. B. Wdowiak<\/li>\n<li style=\"text-align: left;\">Jakub Czekierda, kl. III c, ZS \u0141abunie, op. E. Latawiec<\/li>\n<li style=\"text-align: left;\">Dawid Ku\u015bmierz, kl. III b, ZS \u0141abu\u0144ki Pierwsze, op. E. Kurzawska<\/li>\n<li style=\"text-align: left;\">Mateusz Traczuk, kl.V, ZS \u0141abu\u0144ki Pierwsze, op. A. Ga\u0142ka<\/li>\n<li style=\"text-align: left;\">Karol So\u0142oducha, kl. III b, ZS \u0141abu\u0144ki Pierwsze, op. E. Kurzawska<\/li>\n<li style=\"text-align: left;\">Kacper Maliszewski, kl. III c, ZS \u0141abunie, op. E. Latawiec<\/li>\n<li style=\"text-align: left;\">Dominik Soko\u0142owski, kl. O b, ZS \u0141abunie, op. Celina Grott<\/li>\n<li style=\"text-align: left;\">Patrycja Soko\u0142owska, kl. O b, ZS \u0141abunie, op. Celina Grott<\/li>\n<li style=\"text-align: left;\">Marcel Branecki, kl. O b, ZS \u0141abunie, op. Celina Grott<\/li>\n<li style=\"text-align: left;\">Gabriela Synowiec, kl. II a, ZS \u0141abunie, op. B. Wdowiak<\/li>\n<li style=\"text-align: left;\">Weronika Turczyn, kl. II, ZS \u0141abu\u0144ki Pierwsze, op. H. Dybzi\u0144ska<\/li>\n<li style=\"text-align: left;\">Kamila Szczerbik, kl. III, ZS \u0141abunie, op. L. Gredys<\/li>\n<li style=\"text-align: left;\">Amelia Brzycka, kl. 0, ZS \u0141abu\u0144ki Pierwsze, Gra\u017cyna W\u0119c\u0142ak<\/li>\n<li style=\"text-align: left;\">Jan Ziarkiewicz, kl. II, ZS \u0141abu\u0144ki Pierwsze, op. H. Dybzi\u0144ska<\/li>\n<li style=\"text-align: left;\">Patrycja Burdzy, kl. IV, ZS \u0141abu\u0144ki Pierwsze, op. D. Faron<\/li>\n<li style=\"text-align: left;\">Patrycja Rycak, kl. III b, ZS \u0141abunie, op. M. Rozkres<\/li>\n<li style=\"text-align: left;\">Szymon Grenda, kl. III b, ZS \u0141abunie, op. M. Rozkres<\/li>\n<li style=\"text-align: left;\">Jarek Bosiak, kl. III b, ZS \u0141abunie, op. M. Rozkres<\/li>\n<li style=\"text-align: left;\">Dominik So\u0142oducha, kl. III b, ZS \u0141abu\u0144ki Pierwsze, op. E. Kurzawska<\/li>\n<li style=\"text-align: left;\">Alan Kania, kl. IB, ZS \u0141abunie<\/li>\n<li style=\"text-align: left;\">Julia Rosek, kl. I a, ZS \u0141abunie, op. B. Rybacha\/ K. Wolska<\/li>\n<li style=\"text-align: left;\">Daria Rycak, kl. I b, ZS \u0141abunie, op. M. Kubacka<\/li>\n<li style=\"text-align: left;\">Alicja Pi\u0142at, kl. I b, ZS \u0141abunie, op. M. Kubacka<\/li>\n<\/ol>\n<p>&nbsp;<br \/>\n&nbsp;<\/p>\n<p style=\"text-align: center;\"><strong><span style=\"text-decoration: underline;\"><em>Kategoria: kartki<\/em><\/span><\/strong><\/p>\n<p>&nbsp;<\/p>\n<ol>\n<li><strong>Zuzanna Juszczak, kl. I a, ZS \u0141abunie, op. B. Rybacha\/K. Wolska &#8211; WYR\u00d3\u017bNIENIE<\/strong><\/li>\n<li><strong>Emilia Soko\u0142owska, kl. III c, ZS \u0141abunie, op. E. Latawiec- WYR\u00d3\u017bNIENIE<\/strong><\/li>\n<li><strong>Mi\u0142osz Jastrz\u0119bski, kl. III c, ZS \u0141abunie, op. E. Latawiec- WYR\u00d3\u017bNIENIE<\/strong><\/li>\n<li><strong>Szymon Grenda, kl. III b, ZS \u0141abunie, op. M. Rozkres \u2013 WYR\u00d3\u017bNIENIE<\/strong><\/li>\n<li><strong>Jan Ziarkiewicz, kl. II, ZS \u0141abu\u0144ki Pierwsze, op. H. Dybzi\u0144ska \u2013 WYR\u00d3\u017bNIENIE<\/strong><\/li>\n<li><strong>Karol Pi\u0142at, kl. II, ZS \u0141abu\u0144ki Pierwsze, op.H. Dybzi\u0144ska \u2013 WYR\u00d3\u017bNIENIE<\/strong><\/li>\n<li><strong>Natalia Smalcuga, kl. I a, ZS \u0141abunie, op. B. Rybacha\/K. Wolska- WYR\u00d3\u017bNIENIE<\/strong><\/li>\n<li><strong>Wiktoria Palonka, kl. II, ZS \u0141abu\u0144ki Pierwsze, op. H. Dybzi\u0144ska \u2013 WYR\u00d3\u017bNIENIE<\/strong><\/li>\n<li><strong>Julia Ku\u015bmierz, kl. III b, ZS \u0141abu\u0144ki Pierwsze, op. E. Kurzawska- WYR\u00d3\u017bNIENIE<\/strong><\/li>\n<li><strong>Oliwia Flak, kl. III b, ZS \u0141abu\u0144ki Pierwsze, op. E. Kurzawska- WYR\u00d3\u017bNIENIE<\/strong><\/li>\n<li><strong>Kinga Bara\u015b, kl. III b, ZS \u0141abu\u0144ki Pierwsze, op. E. Kurzawska- WYR\u00d3\u017bNIENIE<\/strong><\/li>\n<li><strong>Patrycja Rycak, kl. III b, ZS \u0141abunie, op. M. Rozkres &#8211; WYR\u00d3\u017bNIENIE<\/strong><\/li>\n<li><strong>Agnieszka Fer\u0119szkiewicz, kl. III b, ZS \u0141abu\u0144ki Pierwsze, op. E. Kurzawska- WYR\u00d3\u017bNIENIE<\/strong><\/li>\n<li><strong>Wiktoria \u017byczkiewicz, kl. III b, ZS \u0141abunie, op. M. Rozkres \u2013 WYR\u00d3\u017bNIENIE<\/strong><\/li>\n<li><strong>Agnieszka \u0141azorczyk, kl. IIIa, ZS \u0141abunie, op. L. Gredys \u2013 WYR\u00d3\u017bNIENIE<\/strong><\/li>\n<li><strong>Nikola Wiater, kl. III b, ZS \u0141abunie, op. M. Rozkres \u2013 WYR\u00d3\u017bNIENIE<\/strong><\/li>\n<li><strong>Roksana Lachawiec, kl. III a, ZS \u0141abu\u0144ki Pierwsze, op. M. Kolaja \u2013 WYR\u00d3\u017bNIENIE<\/strong><\/li>\n<li><strong>Wiktoria Wilkiewicz, kl. III a, ZS \u0141abu\u0144ki Pierwsze, op. M. Kolaja \u2013 WYR\u00d3\u017bNIENIE<\/strong><\/li>\n<li><strong>Norbert Pokrywka, kl. I a, ZS \u0141abunie, op. B. Rybacha\/ K. Wolska &#8211; WYR\u00d3\u017bNIENIE<\/strong><\/li>\n<li><strong>Kamil Zwolak, kl. II, ZS \u0141abu\u0144ki Pierwsze, op. H. Dybzi\u0144ska \u2013 WYR\u00d3\u017bNIENIE<\/strong><\/li>\n<li><strong>Amelia Flak, kl. II, ZS \u0141abu\u0144ki Pierwsze, op. H. Dybzi\u0144ska \u2013 WYR\u00d3\u017bNIENIE<\/strong><\/li>\n<li><strong>Karina Fusiarz, kl. II, ZS \u0141abu\u0144ki Pierwsze, op. H. Dybzi\u0144ska \u2013 WYR\u00d3\u017bNIENIE<\/strong><\/li>\n<li><strong>Anna G\u00f3ra, kl. II, ZS \u0141abu\u0144ki Pierwsze, op. H. Dybzi\u0144ska \u2013 WYR\u00d3\u017bNIENIE<\/strong><\/li>\n<li><strong>Marcel Branecki, kl.0 b, ZS \u0141abunie, op. A. Teterycz \u2013 WYR\u00d3\u017bNIENIE<\/strong><\/li>\n<li><strong>Krzysztof S\u0142upski, kl.0 b, ZS \u0141abunie, op. A. Teterycz \u2013 WYR\u00d3\u017bNIENIE<\/strong><\/li>\n<li><strong>Jakub Byczek, kl.0 a, ZS \u0141abunie, &#8211; WYR\u00d3\u017bNIENIE<\/strong><\/li>\n<li><strong>Anna Zubrzycka, kl.0 a, ZS \u0141abunie, &#8211; WYR\u00d3\u017bNIENIE<\/strong><\/li>\n<li><strong>Maja Wolska, kl.0 a, ZS \u0141abunie, &#8211; WYR\u00d3\u017bNIENIE<\/strong><\/li>\n<li><strong>Milena \u015aliwi\u0144ska, kl.0 a, ZS \u0141abunie, &#8211; WYR\u00d3\u017bNIENIE<\/strong><\/li>\n<li><strong>Oliwia \u017buk, kl.0 a, ZS \u0141abunie, &#8211; WYR\u00d3\u017bNIENIE<\/strong><\/li>\n<li><strong>Dawid Pokrywka, kl.0 b, ZS \u0141abunie, op. A. Teterycz \u2013 WYR\u00d3\u017bNIENIE<\/strong><\/li>\n<li><strong>Weronika Ternes,\u00a0 kl.0 a, ZS \u0141abunie, &#8211; WYR\u00d3\u017bNIENIE<\/strong><\/li>\n<li><strong>Oskar Paku\u0142a, kl.0, PP \u0141abunie, op. Anna Grela- WYR\u00d3\u017bNIENIE<\/strong><\/li>\n<li><strong>Martyna Turczyn, kl.0, PP \u0141abunie, op. Anna Grela- WYR\u00d3\u017bNIENIE<\/strong><\/li>\n<li><strong>Kacper Helman, kl.0, PP \u0141abunie, op. Anna Grela- WYR\u00d3\u017bNIENIE<\/strong><\/li>\n<li><strong>Aleksandra Skotnicka, kl.0, PP \u0141abunie, op. Anna Grela- WYR\u00d3\u017bNIENIE<\/strong><\/li>\n<li><strong>Lena Hubala, kl.0, PP \u0141abunie, op. Anna Grela- WYR\u00d3\u017bNIENIE<\/strong><\/li>\n<li><strong>Maja Lupa, kl.0, PP \u0141abunie, op. Anna Grela- WYR\u00d3\u017bNIENIE<\/strong><\/li>\n<li><strong>Jakub Lesiuk, kl.0, PP \u0141abunie, op. Anna Grela- WYR\u00d3\u017bNIENIE<\/strong><\/li>\n<li><strong>Julia Ju\u015b, kl. II, ZS \u0141abu\u0144ki Pierwsze, op. H. Dybzi\u0144ska \u2013 III MIEJSCE<\/strong><\/li>\n<li><strong>Weronika Rozkres, kl. III b, kl. III b, ZS \u0141abunie, op. M. Rozkres \u2013 III MIEJSCE<\/strong><\/li>\n<li><strong>Sebastian Soko\u0142owski, kl. III c, ZS \u0141abunie, op. E. Latawiec- III MIEJSCE<\/strong><\/li>\n<li><strong>Szymon Mateusiak, kl. III a, ZS \u0141abunie, op. L. Gredys- III MIEJSCE<\/strong><\/li>\n<li><strong>Oliwia Suchara, kl. III c, ZS \u0141abunie, op. E. Latawiec- III MIEJSCE<\/strong><\/li>\n<li><strong>Dawid Sawka, kl. VI, ZS \u0141abu\u0144ki Pierwsze, op. Z. Momot- III MIEJSCE<\/strong><\/li>\n<li><strong>Jakub Czekierda, kl. III c, ZS \u0141abunie, op. E. Latawiec- III MIEJSCE<\/strong><\/li>\n<li><strong>Oliwia Piela, kl. III b, ZS \u0141abu\u0144ki Pierwsze, op. E. Kurzawska \u2013 III MIEJSCE<\/strong><\/li>\n<li><strong>Magdalena Branecka, kl. II, ZS \u0141abu\u0144ki Pierwsze, op. H. Dybzi\u0144ska \u2013 III MIEJSCE<\/strong><\/li>\n<li><strong>Karina Kolaja, kl. II, ZS \u0141abu\u0144ki Pierwsze, op. H. Dybzi\u0144ska \u2013 III MIEJSCE<\/strong><\/li>\n<li><strong>Amelka Krupa, kl. I b, ZS \u0141abunie, op. M. Kubacka \u2013 III MIEJSCE<\/strong><\/li>\n<li><strong>Milena Teterycz, kl.0, PP \u0141abunie, op. Anna Grela- III MIEJSCE<\/strong><\/li>\n<li><strong>Sylwia Wiater, kl.0, PP \u0141abunie, op. Anna Grela- III MIEJSCE<\/strong><\/li>\n<li><strong>Mi\u0142osz S\u0142upski, kl.0, PP \u0141abunie, op. Anna Grela- III MIEJSCE<\/strong><\/li>\n<li><strong>Julia Petryk, kl.0, PP \u0141abunie, op. Anna Grela- III MIEJSCE<\/strong><\/li>\n<li><strong>Nino Hereta, kl.0, PP \u0141abunie, op. Anna Grela- III MIEJSCE<\/strong><\/li>\n<li><strong>Lena Turczyn, kl. 0, ZS \u0141abu\u0144ki Pierwsze, op. G. W\u0119c\u0142ak \u2013 III MIEJSCE<\/strong><\/li>\n<li><strong>Anna Mazurek, kl.0, PP \u0141abunie, op. Anna Grela- III MIEJSCE<\/strong><\/li>\n<li><strong>Dominika Soko\u0142owska, kl.0, PP \u0141abunie, op. Anna Grela- III MIEJSCE<\/strong><\/li>\n<li><strong>Oskar Bondyra, kl. III b, ZS \u0141abunie, op. M. Rozkres \u2013 II MIEJSCE<\/strong><\/li>\n<li><strong>Pawe\u0142 Wo\u0142oszyn, kl. III b, ZS \u0141abu\u0144ki Pierwsze, op. E. Kurzawska \u2013 II MIEJSCE<\/strong><\/li>\n<li><strong>Weronika Turczyn, kl. II, ZS \u0141abu\u0144ki Pierwsze, op. H. Dybzi\u0144ska \u2013 II MIEJSCE<\/strong><\/li>\n<li><strong>Kacper Bodziuch, kl. III c, ZS \u0141abunie, op. E. Latawiec- II MIEJSCE<\/strong><\/li>\n<li><strong>Kacper Chachaj, kl. IIa, ZS \u0141abunie, op. B. Wdowiak \u2013 II MIEJSCE<\/strong><\/li>\n<li><strong>Jakub Py\u015b, kl. III b, ZS \u0141abunie, op. M. Rozkres- II MIEJSCE<\/strong><\/li>\n<li><strong>Dominik Pokrywka, kl.0 b, ZS \u0141abunie, op. A. Teterycz \u2013 II MIEJSCE<\/strong><\/li>\n<li><strong>Anna Borek, kl.0 b, ZS \u0141abunie, op. A. Teterycz \u2013 II MIEJSCE<\/strong><\/li>\n<li><strong>Szymon Bryk, kl.0, PP Rusz\u00f3w, op. A. Rybak \u2013 Antoniewicz- II MIEJSCE<\/strong><\/li>\n<li><strong>Amelia Zwolan, kl. 0, PP Rusz\u00f3w, op. A. Rybak \u2013 Antoniewicz- II MIEJSCE<\/strong><\/li>\n<li><strong>Igor Buczak, kl.0, ZS \u0141abunie, op. A. Teterycz &#8211; II MIEJSCE<\/strong><\/li>\n<li><strong>Dominik Soko\u0142owski, kl.0 b, ZS \u0141abunie, op. A. Teterycz \u2013 II MIEJSCE<\/strong><\/li>\n<li><strong>Wiktoria Podpryga, kl.0 b, ZS \u0141abunie, op. A. Teterycz \u2013 II MIEJSCE<\/strong><\/li>\n<li><strong>Milena Ga\u0142an, kl. III a, ZS \u0141abunie, op. L. Gredys \u2013 I MIEJSCE<\/strong><\/li>\n<li><strong>Wiktoria Szeremeta, kl. III c, ZS \u0141abunie, op. E. Latawiec \u2013 I MIEJSCE<\/strong><\/li>\n<li><strong>Maja Litwi\u0144czuk, kl. IIa, ZS \u0141abunie, op. B. Wdowiak \u2013 I MIEJSCE<\/strong><\/li>\n<li><strong>Maja \u0106wik, kl. III c, ZS \u0141abunie, op. E. Latawiec \u2013 I MIEJSCE<\/strong><\/li>\n<li><strong>Julia Helman, kl. III c, ZS \u0141abunie, op. E. Latawiec \u2013 I MIEJSCE<\/strong><\/li>\n<li><strong>Emilia Sawka, kl. V, ZS \u0141abu\u0144ki Pierwsze, op. A. Ga\u0142ka- I MIEJSCE<\/strong><\/li>\n<li><strong>Szymon Sawka, kl. 0, ZS \u0141abu\u0144ki Pierwsze, op. Anna Py\u015b \u2013 I MIEJSCE<\/strong><\/li>\n<li><strong>Marlena Skiba, kl. 0, ZS \u0141abu\u0144ki Pierwsze, op. G. W\u0119c\u0142ak \u2013 I MIEJSCE<\/strong><\/li>\n<li><strong>Maja Bondyra, kl.0, PP \u0141abunie, op. A. Grela \u2013 I MIEJSCE<\/strong><\/li>\n<li><strong>Emilia Bezpalko, kl.0, PP w Ruszowie, op. A. Rybak \u2013 Antoniewicz &#8211; I MIEJSCE<\/strong><\/li>\n<li><strong>Maria Jastrz\u0119bska, kl. 0a, ZS \u0141abunie \u2013 I MIEJSCE<\/strong><\/li>\n<li><strong>Wiktoria Buczak, kl.0 b, ZS \u0141abunie, op. A. Teterycz \u2013 I MIEJSCE<\/strong><\/li>\n<li><strong>Kamil Typiak, kl.0 b, ZS \u0141abunie, op. A. Teterycz \u2013 I MIEJSCE<\/strong><\/li>\n<li><strong>Patrycja Godzisz, kl.0 b, ZS \u0141abunie, op. A. Teterycz \u2013 I MIEJSCE<\/strong><\/li>\n<li><strong>Natalia Mr\u00f3z, kl. 0, ZS \u0141abu\u0144ki Pierwsze, op. G. W\u0119c\u0142ak \u2013 I MIEJSCE<\/strong><\/li>\n<li>Amelia G\u00f3rska, kl. I b, ZS \u0141abunie, op. M. Kubacka<\/li>\n<li>Alan Kania, kl. IB, ZS \u0141abunie, op. M. Kubacka<\/li>\n<li>Nikola Kusy, kl. I b, ZS \u0141abunie, op. M. Kubacka<\/li>\n<li>Emilia Stadnicka, kl. I b, ZS \u0141abunie, op. M. Kubacka<\/li>\n<li>Kacper Wilk, kl. I b, ZS \u0141abunie, op. M. Kubacka<\/li>\n<li>Oliwier Ho\u0142ys, kl. I b, ZS \u0141abunie, op. M. Kubacka<\/li>\n<li>Piotr Mr\u00f3z, kl. I b, ZS \u0141abunie, op. M. Kubacka<\/li>\n<li>Wojciech Rozkres, kl. I b, ZS \u0141abunie, op. M. Kubacka<\/li>\n<li>Marcel Greszta, kl. I b, ZS \u0141abunie, op. M. Kubacka<\/li>\n<li>Krystian Ga\u0142ek, kl. IV b, ZS \u0141abunie, op. C. Zwolak<\/li>\n<li>Sebastian \u0141ukaszek, kl. V, ZS \u0141abu\u0144ki Pierwsze, op. A. Ga\u0142ka<\/li>\n<li>Jakub Madeja, kl. V, ZS \u0141abu\u0144ki Pierwsze, op. A. Ga\u0142ka<\/li>\n<li>Hubert Niemczuk, kl. V, ZS \u0141abu\u0144ki Pierwsze, op. A. Ga\u0142ka<\/li>\n<li>Szymon Mo\u0142doch, kl. V, ZS \u0141abu\u0144ki Pierwsze, op. A. Ga\u0142ka<\/li>\n<li>Joanna Szwaczkiewicz, kl. V, ZS \u0141abu\u0144ki Pierwsze, op. A. Ga\u0142ka<\/li>\n<li>Milena Pi\u0142at, kl. V, ZS \u0141abu\u0144ki Pierwsze, op. A. Ga\u0142ka<\/li>\n<li>Paulina Py\u015b, kl. IV b, ZS \u0141abunie, op. C. Zwolak<\/li>\n<li>Pawe\u0142 Wolski, kl. IV a, ZS \u0141abunie, op. M. Czuj<\/li>\n<li>Karol Witkowski, kl. IIIc, ZS \u0141abunie, op. E. Latawiec<\/li>\n<li>Kacper Maliszewski, kl. III c, ZS \u0141abunie, op. E. Latawiec<\/li>\n<li>Krystian Zwolan, kl. III c, ZS \u0141abunie, op. E. Latawiec<\/li>\n<li>Aleksandra Pokryszka, kl. III a, ZS \u0141abu\u0144ki Pierwsze, op. M. Kolaja<\/li>\n<li>Patrycja Pysiewicz, kl. III a, ZS \u0141abunie, op. L. Gredys<\/li>\n<li>Aleksandra Dudek, kl. III a, ZS \u0141abunie, op. L. Gredys<\/li>\n<li>Magdalena Lalik, kl. III c, ZS \u0141abunie, op. E. Latawiec<\/li>\n<li>Karolina Go\u0142\u0119biowska, kl. III c, ZS \u0141abunie, op. E. Latawiec<\/li>\n<li>Wiktor Burdzy, kl. II, ZS \u0141abu\u0144ki Pierwsze, op. H. Dybzi\u0144ska<\/li>\n<li>Przemys\u0142aw Wici\u0144ski, kl. II, ZS \u0141abu\u0144ki Pierwsze, op. H. Dybzi\u0144ska<\/li>\n<li>Jagoda Sobo\u0144, kl. II, ZS \u0141abu\u0144ki Pierwsze, op. H. Dybzi\u0144ska<\/li>\n<li>Kacper Tymczuk, kl. II, ZS \u0141abu\u0144ki Pierwsze, op. H. Dybzi\u0144ska<\/li>\n<li>Julia Szyku\u0142a, kl. II, ZS \u0141abu\u0144ki Pierwsze, op. H. Dybzi\u0144ska<\/li>\n<li>Bart\u0142omiej Starszuk, kl. II, ZS \u0141abu\u0144ki Pierwsze, op. H. Dybzi\u0144ska<\/li>\n<li>Jakub Hubala, kl. II, ZS \u0141abu\u0144ki Pierwsze, op. H. Dybzi\u0144ska<\/li>\n<li>Filip Podskarbi, kl. II, ZS \u0141abu\u0144ki Pierwsze, op. H. Dybzi\u0144ska<\/li>\n<\/ol>\n<p>&nbsp;<\/p>\n<p><span style=\"text-decoration: underline;\"><strong>Wr\u0119czenie nagr\u00f3d: 9 kwietnia 2017 r. godz. 14.30, sala konferencyjna Domu Kultury w \u0141abuniach. Serdecznie zapraszamy wszystkie dzieci, rodzic\u00f3w i opiekun\u00f3w!!!<\/strong><\/span><br \/>\n&nbsp;<br \/>\n<em>Podczas fina\u0142owej wystawy odb\u0119dzie si\u0119 kiermasz wszystkich prac zg\u0142oszonych do Konkursu. Zebrane fundusze w formie darowizny zostan\u0105 przekazane Hospicjum dla Dzieci im. Ma\u0142ego Ksi\u0119cia w Lublinie.<\/em><\/p>\n","protected":false},"excerpt":{"rendered":"<p>Komisja w sk\u0142adzie: Teresa Zwolan &#8211; przewodnicz\u0105ca, Henryka Wiater, Agnieszka Piela w dniu 4 kwietnia 2017 r. dokona\u0142a oceny 189 prac nades\u0142anych w trzech kategoriach: kartka, pisanka, stroik. Nagrodzono 68 prac i wyr\u00f3\u017cniono 52:<\/p>\n","protected":false},"author":7,"featured_media":1048,"comment_status":"closed","ping_status":"closed","sticky":false,"template":"","format":"standard","meta":{"footnotes":""},"categories":[1],"tags":[],"class_list":["post-5540","post","type-post","status-publish","format-standard","has-post-thumbnail","hentry","category-wpisy","clearfix"],"_links":{"self":[{"href":"https:\/\/www.labunie.com.pl\/index.php?rest_route=\/wp\/v2\/posts\/5540","targetHints":{"allow":["GET"]}}],"collection":[{"href":"https:\/\/www.labunie.com.pl\/index.php?rest_route=\/wp\/v2\/posts"}],"about":[{"href":"https:\/\/www.labunie.com.pl\/index.php?rest_route=\/wp\/v2\/types\/post"}],"author":[{"embeddable":true,"href":"https:\/\/www.labunie.com.pl\/index.php?rest_route=\/wp\/v2\/users\/7"}],"replies":[{"embeddable":true,"href":"https:\/\/www.labunie.com.pl\/index.php?rest_route=%2Fwp%2Fv2%2Fcomments&post=5540"}],"version-history":[{"count":5,"href":"https:\/\/www.labunie.com.pl\/index.php?rest_route=\/wp\/v2\/posts\/5540\/revisions"}],"predecessor-version":[{"id":5574,"href":"https:\/\/www.labunie.com.pl\/index.php?rest_route=\/wp\/v2\/posts\/5540\/revisions\/5574"}],"wp:featuredmedia":[{"embeddable":true,"href":"https:\/\/www.labunie.com.pl\/index.php?rest_route=\/wp\/v2\/media\/1048"}],"wp:attachment":[{"href":"https:\/\/www.labunie.com.pl\/index.php?rest_route=%2Fwp%2Fv2%2Fmedia&parent=5540"}],"wp:term":[{"taxonomy":"category","embeddable":true,"href":"https:\/\/www.labunie.com.pl\/index.php?rest_route=%2Fwp%2Fv2%2Fcategories&post=5540"},{"taxonomy":"post_tag","embeddable":true,"href":"https:\/\/www.labunie.com.pl\/index.php?rest_route=%2Fwp%2Fv2%2Ftags&post=5540"}],"curies":[{"name":"wp","href":"https:\/\/api.w.org\/{rel}","templated":true}]}}