{"id":5480,"date":"2017-03-28T14:18:07","date_gmt":"2017-03-28T12:18:07","guid":{"rendered":"https:\/\/www.labunie.com.pl\/?p=5480"},"modified":"2017-03-30T00:34:07","modified_gmt":"2017-03-29T22:34:07","slug":"chor-konsonans-zaspiewal-w-crux-christi","status":"publish","type":"post","link":"https:\/\/www.labunie.com.pl\/?p=5480","title":{"rendered":"Ch\u00f3r \u201eKonsonans\u201d za\u015bpiewa\u0142 w \u201eCrux Christi\u201d"},"content":{"rendered":"<p><strong>Nasz Gminny Ch\u00f3r &#8220;Konsonans&#8221; zosta\u0142 zaproszony do wzi\u0119cia udzia\u0142u w uroczystym Koncercie Muzyki Pasyjnej zorganizowanym w ramach \u201eCrux Christi Zamo\u015b\u0107 2017\u201d w niedziel\u0119 26 marca 2017 r. w Klubie Batalionowym. Gospodarzem tego niezwykle emocjonalnego po\u0142\u0105czenia poezji i muzyki o tematyce wielkopostnej by\u0142o Stowarzyszenie Ch\u00f3ru Ziemi Zamojskiej &#8220;Contra&#8221;.<\/strong><\/p>\n<p><!--more--><\/p>\n<p>Publiczno\u015b\u0107 przyj\u0119\u0142a wydarzenie z ogromnym entuzjazmem, nagradzaj\u0105c wykonawc\u00f3w d\u0142ug\u0105 owacj\u0105 na stoj\u0105co. W koncercie udzia\u0142 wzi\u0119\u0142o ponad pi\u0119\u0107dziesi\u0119ciu wykonawc\u00f3w. Przed licznie przyby\u0142\u0105 zamojsk\u0105 publiczno\u015bci\u0105 zaprezentowali si\u0119 opr\u00f3cz naszego ch\u00f3ru soli\u015bci PSM II st. im. K. Szymanowskiego w Zamo\u015bciu: pan W\u0142adys\u0142aw Swacha oraz jego uczniowie: Anna Mar Vidal Farion i Pawe\u0142 Mr\u00f3z. Skrzypkom przy fortepianie towarzyszy\u0142a pani Agnieszka Malicka. Uczennice klasy \u015apiewu Solowego pani Agnieszki Brylewicz: Karolina Ba\u0142dyga, Diana Gemborys i Magdalena Wolska. Uczennicom akompaniowa\u0142a pani Agnieszka Malicka.<\/p>\n<p>Wzruszaj\u0105ce i pe\u0142ne refleksji wiersze recytowali uczniowie Wydzia\u0142u Wokalnego PSM II st. w Zamo\u015bciu przygotowani przez pani\u0105 Agnieszk\u0119 Brylewicz. Na zako\u0144czenie po\u0142\u0105czone ch\u00f3ry &#8220;Contra&#8221; i &#8220;Konsonans&#8221; pod dyrekcja Agnieszki Brylewicz wykona\u0142y <em>Kyrie <\/em>i <em>Agnus Dei<\/em> z <em>Missa Sine Nomine<\/em> J\u00f3zefa Przytu\u0142y.<\/p>\n<p>Koncert trwa\u0142 prawie 2 godziny i wycisn\u0105\u0142 wiele \u0142ez wzruszenia\u2026<\/p>\n<p>Zobacz fotorelacj\u0119 na stronie<strong><em> <a href=\"http:\/\/zyciezamoscia.pl\/reportaze\/koncerty-muzyki-pasyjnej-crux-christi-zamosc-2017\/\">zyciezamoscia.pl<\/a><\/em><\/strong><\/p>\n<p><img loading=\"lazy\" decoding=\"async\" class=\"aligncenter size-full wp-image-5481\" src=\"https:\/\/www.labunie.com.pl\/wp-content\/uploads\/2017\/03\/kosonanscontra.jpg\" alt=\"\" width=\"630\" height=\"345\" srcset=\"https:\/\/www.labunie.com.pl\/wp-content\/uploads\/2017\/03\/kosonanscontra.jpg 630w, https:\/\/www.labunie.com.pl\/wp-content\/uploads\/2017\/03\/kosonanscontra-300x164.jpg 300w\" sizes=\"auto, (max-width: 630px) 100vw, 630px\" \/><\/p>\n<p style=\"text-align: right;\"><span style=\"font-size: 8pt;\"><em>Agnieszka Brylewicz<\/em><\/span><\/p>\n<p><iframe loading=\"lazy\" src=\"https:\/\/www.youtube.com\/embed\/NvULXlmEYyI\" width=\"630\" height=\"374\" frameborder=\"0\" allowfullscreen=\"allowfullscreen\"><\/iframe><\/p>\n","protected":false},"excerpt":{"rendered":"<p>Nasz Gminny Ch\u00f3r &#8220;Konsonans&#8221; zosta\u0142 zaproszony do wzi\u0119cia udzia\u0142u w uroczystym Koncercie Muzyki Pasyjnej zorganizowanym w ramach \u201eCrux Christi Zamo\u015b\u0107 2017\u201d w niedziel\u0119 26 marca 2017 r. w Klubie Batalionowym. Gospodarzem tego niezwykle emocjonalnego po\u0142\u0105czenia poezji i muzyki o tematyce wielkopostnej by\u0142o Stowarzyszenie Ch\u00f3ru Ziemi Zamojskiej &#8220;Contra&#8221;.<\/p>\n","protected":false},"author":7,"featured_media":5482,"comment_status":"closed","ping_status":"closed","sticky":false,"template":"","format":"standard","meta":{"footnotes":""},"categories":[1],"tags":[],"class_list":["post-5480","post","type-post","status-publish","format-standard","has-post-thumbnail","hentry","category-wpisy","clearfix"],"_links":{"self":[{"href":"https:\/\/www.labunie.com.pl\/index.php?rest_route=\/wp\/v2\/posts\/5480","targetHints":{"allow":["GET"]}}],"collection":[{"href":"https:\/\/www.labunie.com.pl\/index.php?rest_route=\/wp\/v2\/posts"}],"about":[{"href":"https:\/\/www.labunie.com.pl\/index.php?rest_route=\/wp\/v2\/types\/post"}],"author":[{"embeddable":true,"href":"https:\/\/www.labunie.com.pl\/index.php?rest_route=\/wp\/v2\/users\/7"}],"replies":[{"embeddable":true,"href":"https:\/\/www.labunie.com.pl\/index.php?rest_route=%2Fwp%2Fv2%2Fcomments&post=5480"}],"version-history":[{"count":5,"href":"https:\/\/www.labunie.com.pl\/index.php?rest_route=\/wp\/v2\/posts\/5480\/revisions"}],"predecessor-version":[{"id":5499,"href":"https:\/\/www.labunie.com.pl\/index.php?rest_route=\/wp\/v2\/posts\/5480\/revisions\/5499"}],"wp:featuredmedia":[{"embeddable":true,"href":"https:\/\/www.labunie.com.pl\/index.php?rest_route=\/wp\/v2\/media\/5482"}],"wp:attachment":[{"href":"https:\/\/www.labunie.com.pl\/index.php?rest_route=%2Fwp%2Fv2%2Fmedia&parent=5480"}],"wp:term":[{"taxonomy":"category","embeddable":true,"href":"https:\/\/www.labunie.com.pl\/index.php?rest_route=%2Fwp%2Fv2%2Fcategories&post=5480"},{"taxonomy":"post_tag","embeddable":true,"href":"https:\/\/www.labunie.com.pl\/index.php?rest_route=%2Fwp%2Fv2%2Ftags&post=5480"}],"curies":[{"name":"wp","href":"https:\/\/api.w.org\/{rel}","templated":true}]}}