{"id":5466,"date":"2017-03-27T11:56:34","date_gmt":"2017-03-27T09:56:34","guid":{"rendered":"https:\/\/www.labunie.com.pl\/?p=5466"},"modified":"2017-03-27T11:56:34","modified_gmt":"2017-03-27T09:56:34","slug":"stop-pozarom-traw","status":"publish","type":"post","link":"https:\/\/www.labunie.com.pl\/?p=5466","title":{"rendered":"Stop po\u017carom traw"},"content":{"rendered":"<p><strong>Prawie 30 \u2013 tyle po\u017car\u00f3w suchych traw odnotowano ju\u017c w tym roku w powiecie zamojskim. Stra\u017cacy apeluj\u0105 o ostro\u017cno\u015b\u0107 i ruszaj\u0105 z og\u00f3lnopolsk\u0105 kampani\u0105 profilaktyczn\u0105 \u201eStop po\u017carom traw\u201d. W jej ramach zamojscy stra\u017cacy b\u0119d\u0105 m\u00f3wi\u0107, jak przeciwdzia\u0142a\u0107 temu zjawisku, jakie skutki i zagro\u017cenia powoduje dla ludzi oraz \u015brodowiska.<\/strong><\/p>\n<p><!--more--><br \/>\n&nbsp;<br \/>\n&nbsp;<br \/>\nTylko w tym roku w powiecie zamojskim dosz\u0142o do 29 po\u017car\u00f3w suchych traw, z kt\u00f3rych cztery przekracza\u0142y powierzchni\u0119 1 ha. Najwi\u0119ksze z nich odnotowano w \u017bdanowie, gdzie ogie\u0144 strawi\u0142 3 ha traw oraz w Rozdo\u0142ach. W tej ostatniej miejscowo\u015bci sp\u0142on\u0119\u0142o 1,5 ha traw. P\u00f3ki co, po\u017cary nie spowodowa\u0142y wi\u0119kszych strat, ale by\u0142o zagro\u017cenie dla budynk\u00f3w i lasu.<br \/>\n&nbsp;<br \/>\nW zwi\u0105zku z zagro\u017ceniem stra\u017cacy chc\u0105 edukowa\u0107 mieszka\u0144c\u00f3w Zamojszczyzny. Kr\u00f3tkie prelekcje na ten temat maj\u0105 by\u0107 r\u00f3wnie\u017c organizowane w Gminie \u0141abunie. B\u0119d\u0105 adresowane do so\u0142tys\u00f3w i mieszka\u0144c\u00f3w.<br \/>\n&nbsp;<\/p>\n<table style=\"background-color: #df2c14;\">\n<tbody>\n<tr>\n<td>\n<p style=\"text-align: center;\"><span style=\"color: #ffffff; font-family: arial black,sans-serif;\"><strong>Zanim podpalisz traw\u0119, zastan\u00f3w si\u0119 \u2013 PROSZ\u0118!<\/strong><\/span><\/p>\n<p style=\"text-align: center;\"><span style=\"color: #ffffff; font-family: arial,helvetica,sans-serif;\"><strong>36 tys. po\u017car\u00f3w to koszt 26 mln nie wydanych posi\u0142k\u00f3w dla dzieci w szko\u0142ach. To po\u0142owa populacji naszego kraju. \u0141\u0105czna powierzchnia po\u017car\u00f3w traw w kraju jest tak du\u017ca jak powierzchnia Torunia. Straty wyrz\u0105dzone przez po\u017cary traw to ok. 9 mln z\u0142. To koszt 9 nowych, niewybudowanych przedszkoli!<\/strong><\/span><\/p>\n<\/td>\n<\/tr>\n<\/tbody>\n<\/table>\n<p>&nbsp;<br \/>\n<img loading=\"lazy\" decoding=\"async\" class=\"size-full wp-image-5467 aligncenter\" src=\"https:\/\/www.labunie.com.pl\/wp-content\/uploads\/2017\/03\/costa_Ulotka-2str.jpg\" alt=\"\" width=\"432\" height=\"608\" srcset=\"https:\/\/www.labunie.com.pl\/wp-content\/uploads\/2017\/03\/costa_Ulotka-2str.jpg 432w, https:\/\/www.labunie.com.pl\/wp-content\/uploads\/2017\/03\/costa_Ulotka-2str-213x300.jpg 213w\" sizes=\"auto, (max-width: 432px) 100vw, 432px\" \/><br \/>\n&nbsp;<br \/>\n<div id='pe-gallery-1' class='pe-gallery pe-gallery-5466 columns-4 img-size-medium'><div class='pe-row'><div class='col-md-3'><figure tabindex='0' class='pe-gallery-item ' ><div class='pe-gallery-image portrait'>\n\t\t\t\t\t\t\t<a href=\"https:\/\/www.labunie.com.pl\/wp-content\/uploads\/2017\/03\/costa_Plakat-POLSKA.jpg\" data-rel=\"lightbox-gallery-IymleUM5\" data-rl_title=\"\" data-rl_caption=\"\" title=\"\"><img loading=\"lazy\" decoding=\"async\" width=\"214\" height=\"300\" src=\"https:\/\/www.labunie.com.pl\/wp-content\/uploads\/2017\/03\/costa_Plakat-POLSKA-214x300.jpg\" class=\"attachment-medium size-medium\" alt=\"costa Plakat POLSKA\" data-no-retina=\"\" aria-describedby=\"gallery-1-5468\" srcset=\"https:\/\/www.labunie.com.pl\/wp-content\/uploads\/2017\/03\/costa_Plakat-POLSKA-214x300.jpg 214w, https:\/\/www.labunie.com.pl\/wp-content\/uploads\/2017\/03\/costa_Plakat-POLSKA.jpg 608w\" sizes=\"auto, (max-width: 214px) 100vw, 214px\" \/><\/a>\n\t\t\t\t\t\t<\/div><figcaption class='wp-caption-text pe-gallery-caption'>\n\t\t\t\t\t\t\t\tcosta Plakat POLSKA\n\t\t\t\t\t\t\t<\/figcaption><\/figure><\/div><div class='col-md-3'><figure tabindex='0' class='pe-gallery-item ' ><div class='pe-gallery-image portrait'>\n\t\t\t\t\t\t\t<a href=\"https:\/\/www.labunie.com.pl\/wp-content\/uploads\/2017\/03\/costa_Plakat-Po\u017car.jpg\" data-rel=\"lightbox-gallery-IymleUM5\" data-rl_title=\"\" data-rl_caption=\"\" title=\"\"><img loading=\"lazy\" decoding=\"async\" width=\"213\" height=\"300\" src=\"https:\/\/www.labunie.com.pl\/wp-content\/uploads\/2017\/03\/costa_Plakat-Po\u017car-213x300.jpg\" class=\"attachment-medium size-medium\" alt=\"costa Plakat Po\u017car\" data-no-retina=\"\" aria-describedby=\"gallery-1-5469\" srcset=\"https:\/\/www.labunie.com.pl\/wp-content\/uploads\/2017\/03\/costa_Plakat-Po\u017car-213x300.jpg 213w, https:\/\/www.labunie.com.pl\/wp-content\/uploads\/2017\/03\/costa_Plakat-Po\u017car.jpg 607w\" sizes=\"auto, (max-width: 213px) 100vw, 213px\" \/><\/a>\n\t\t\t\t\t\t<\/div><figcaption class='wp-caption-text pe-gallery-caption'>\n\t\t\t\t\t\t\t\tcosta Plakat Po\u017car\n\t\t\t\t\t\t\t<\/figcaption><\/figure><\/div><div class='col-md-3'><figure tabindex='0' class='pe-gallery-item ' ><div class='pe-gallery-image portrait'>\n\t\t\t\t\t\t\t<a href=\"https:\/\/www.labunie.com.pl\/wp-content\/uploads\/2017\/03\/costa_Plakat-\u015aRODOWISKO.jpg\" data-rel=\"lightbox-gallery-IymleUM5\" data-rl_title=\"\" data-rl_caption=\"\" title=\"\"><img loading=\"lazy\" decoding=\"async\" width=\"213\" height=\"300\" src=\"https:\/\/www.labunie.com.pl\/wp-content\/uploads\/2017\/03\/costa_Plakat-\u015aRODOWISKO-213x300.jpg\" class=\"attachment-medium size-medium\" alt=\"costa Plakat \u015aRODOWISKO\" data-no-retina=\"\" aria-describedby=\"gallery-1-5470\" srcset=\"https:\/\/www.labunie.com.pl\/wp-content\/uploads\/2017\/03\/costa_Plakat-\u015aRODOWISKO-213x300.jpg 213w, https:\/\/www.labunie.com.pl\/wp-content\/uploads\/2017\/03\/costa_Plakat-\u015aRODOWISKO.jpg 607w\" sizes=\"auto, (max-width: 213px) 100vw, 213px\" \/><\/a>\n\t\t\t\t\t\t<\/div><figcaption class='wp-caption-text pe-gallery-caption'>\n\t\t\t\t\t\t\t\tcosta Plakat \u015aRODOWISKO\n\t\t\t\t\t\t\t<\/figcaption><\/figure><\/div><div class='col-md-3'><figure tabindex='0' class='pe-gallery-item ' ><div class='pe-gallery-image portrait'>\n\t\t\t\t\t\t\t<a href=\"https:\/\/www.labunie.com.pl\/wp-content\/uploads\/2017\/03\/costa_Plakat-\u017bYCIE.jpg\" data-rel=\"lightbox-gallery-IymleUM5\" data-rl_title=\"\" data-rl_caption=\"\" title=\"\"><img loading=\"lazy\" decoding=\"async\" width=\"214\" height=\"300\" src=\"https:\/\/www.labunie.com.pl\/wp-content\/uploads\/2017\/03\/costa_Plakat-\u017bYCIE-214x300.jpg\" class=\"attachment-medium size-medium\" alt=\"costa Plakat \u017bYCIE\" data-no-retina=\"\" aria-describedby=\"gallery-1-5471\" srcset=\"https:\/\/www.labunie.com.pl\/wp-content\/uploads\/2017\/03\/costa_Plakat-\u017bYCIE-214x300.jpg 214w, https:\/\/www.labunie.com.pl\/wp-content\/uploads\/2017\/03\/costa_Plakat-\u017bYCIE.jpg 608w\" sizes=\"auto, (max-width: 214px) 100vw, 214px\" \/><\/a>\n\t\t\t\t\t\t<\/div><figcaption class='wp-caption-text pe-gallery-caption'>\n\t\t\t\t\t\t\t\tcosta Plakat \u017bYCIE\n\t\t\t\t\t\t\t<\/figcaption><\/figure><\/div><\/div><\/div>\n<\/p>\n","protected":false},"excerpt":{"rendered":"<p>Prawie 30 \u2013 tyle po\u017car\u00f3w suchych traw odnotowano ju\u017c w tym roku w powiecie zamojskim. Stra\u017cacy apeluj\u0105 o ostro\u017cno\u015b\u0107 i ruszaj\u0105 z og\u00f3lnopolsk\u0105 kampani\u0105 profilaktyczn\u0105 \u201eStop po\u017carom traw\u201d. W jej ramach zamojscy stra\u017cacy b\u0119d\u0105 m\u00f3wi\u0107, jak przeciwdzia\u0142a\u0107 temu zjawisku, jakie skutki i zagro\u017cenia powoduje dla ludzi oraz \u015brodowiska.<\/p>\n","protected":false},"author":7,"featured_media":5473,"comment_status":"closed","ping_status":"closed","sticky":false,"template":"","format":"standard","meta":{"footnotes":""},"categories":[1],"tags":[],"class_list":["post-5466","post","type-post","status-publish","format-standard","has-post-thumbnail","hentry","category-wpisy","clearfix"],"_links":{"self":[{"href":"https:\/\/www.labunie.com.pl\/index.php?rest_route=\/wp\/v2\/posts\/5466","targetHints":{"allow":["GET"]}}],"collection":[{"href":"https:\/\/www.labunie.com.pl\/index.php?rest_route=\/wp\/v2\/posts"}],"about":[{"href":"https:\/\/www.labunie.com.pl\/index.php?rest_route=\/wp\/v2\/types\/post"}],"author":[{"embeddable":true,"href":"https:\/\/www.labunie.com.pl\/index.php?rest_route=\/wp\/v2\/users\/7"}],"replies":[{"embeddable":true,"href":"https:\/\/www.labunie.com.pl\/index.php?rest_route=%2Fwp%2Fv2%2Fcomments&post=5466"}],"version-history":[{"count":3,"href":"https:\/\/www.labunie.com.pl\/index.php?rest_route=\/wp\/v2\/posts\/5466\/revisions"}],"predecessor-version":[{"id":5475,"href":"https:\/\/www.labunie.com.pl\/index.php?rest_route=\/wp\/v2\/posts\/5466\/revisions\/5475"}],"wp:featuredmedia":[{"embeddable":true,"href":"https:\/\/www.labunie.com.pl\/index.php?rest_route=\/wp\/v2\/media\/5473"}],"wp:attachment":[{"href":"https:\/\/www.labunie.com.pl\/index.php?rest_route=%2Fwp%2Fv2%2Fmedia&parent=5466"}],"wp:term":[{"taxonomy":"category","embeddable":true,"href":"https:\/\/www.labunie.com.pl\/index.php?rest_route=%2Fwp%2Fv2%2Fcategories&post=5466"},{"taxonomy":"post_tag","embeddable":true,"href":"https:\/\/www.labunie.com.pl\/index.php?rest_route=%2Fwp%2Fv2%2Ftags&post=5466"}],"curies":[{"name":"wp","href":"https:\/\/api.w.org\/{rel}","templated":true}]}}