{"id":5368,"date":"2017-03-07T13:48:51","date_gmt":"2017-03-07T12:48:51","guid":{"rendered":"https:\/\/www.labunie.com.pl\/?p=5368"},"modified":"2017-03-07T13:56:12","modified_gmt":"2017-03-07T12:56:12","slug":"kamila-z-labun-wsrod-mlodych-wirtuozow","status":"publish","type":"post","link":"https:\/\/www.labunie.com.pl\/?p=5368","title":{"rendered":"Kamila z \u0141abu\u0144 w\u015br\u00f3d m\u0142odych wirtuoz\u00f3w"},"content":{"rendered":"<p><strong>Kamila Wr\u00f3blewska \u2013 uczennica Zespo\u0142u Szk\u00f3\u0142 w \u0141abuniach \u2013 zdoby\u0142a wyr\u00f3\u017cnienie w I Mi\u0119dzynarodowym Konkursie Pianistycznym im. Carla Czernego pt.: \u201eM\u0142odzi wirtuozi\u201d. Konkurs odbywa\u0142 si\u0119 2 i 3 marca w Pa\u0144stwowej Szkole Muzycznej I i II st. im. Karola Szymanowskiego w Zamo\u015bciu. <\/strong><br \/>\n&nbsp;<br \/>\n&nbsp;<br \/>\n<!--more--><\/p>\n<p>Kamila Wr\u00f3blewska (uczennica Pani Tatiany Kucharuk) zosta\u0142a laureatk\u0105 w grupie III. Na co dzie\u0144 ucz\u0119szcza tak\u017ce na zaj\u0119cia do Pa\u0144stwowej Szko\u0142y Muzycznej w Zamo\u015bciu.<br \/>\n&nbsp;<br \/>\nKonkurs, w kt\u00f3rym wystartowa\u0142a m\u0142oda pianistka z \u0141abu\u0144, jest ju\u017c organizowany od 2007 roku. Udzia\u0142 w ostatniej edycji wzi\u0119\u0142o prawie 80 os\u00f3b m. in. z Krakowa, Lublina, Torunia, Rzeszowa, Radzynia Podlaskiego oraz z Ukrainy.<br \/>\n&nbsp;<br \/>\nKamili gratulujemy i trzymamy kciuki za kolejne sukcesy!<br \/>\n&nbsp;<br \/>\n<iframe loading=\"lazy\" width=\"630\" height=\"354\" src=\"https:\/\/www.youtube.com\/embed\/dn0iDAsaH8Y\" frameborder=\"0\" allowfullscreen><\/iframe><br \/>\n&nbsp;<br \/>\n<img loading=\"lazy\" decoding=\"async\" src=\"https:\/\/www.labunie.com.pl\/wp-content\/uploads\/2017\/03\/dyplom_wrob_kam_03-2017.jpg\" alt=\"\" width=\"630\" height=\"929\" class=\"aligncenter size-full wp-image-5369\" srcset=\"https:\/\/www.labunie.com.pl\/wp-content\/uploads\/2017\/03\/dyplom_wrob_kam_03-2017.jpg 630w, https:\/\/www.labunie.com.pl\/wp-content\/uploads\/2017\/03\/dyplom_wrob_kam_03-2017-203x300.jpg 203w\" sizes=\"auto, (max-width: 630px) 100vw, 630px\" \/><\/p>\n","protected":false},"excerpt":{"rendered":"<p>Kamila Wr\u00f3blewska \u2013 uczennica Zespo\u0142u Szk\u00f3\u0142 w \u0141abuniach \u2013 zdoby\u0142a wyr\u00f3\u017cnienie w I Mi\u0119dzynarodowym Konkursie Pianistycznym im. Carla Czernego pt.: \u201eM\u0142odzi wirtuozi\u201d. Konkurs odbywa\u0142 si\u0119 2 i 3 marca w Pa\u0144stwowej Szkole Muzycznej I i II st. im. Karola Szymanowskiego w Zamo\u015bciu. &nbsp; &nbsp;<\/p>\n","protected":false},"author":7,"featured_media":5370,"comment_status":"closed","ping_status":"closed","sticky":false,"template":"","format":"standard","meta":{"footnotes":""},"categories":[1],"tags":[],"class_list":["post-5368","post","type-post","status-publish","format-standard","has-post-thumbnail","hentry","category-wpisy","clearfix"],"_links":{"self":[{"href":"https:\/\/www.labunie.com.pl\/index.php?rest_route=\/wp\/v2\/posts\/5368","targetHints":{"allow":["GET"]}}],"collection":[{"href":"https:\/\/www.labunie.com.pl\/index.php?rest_route=\/wp\/v2\/posts"}],"about":[{"href":"https:\/\/www.labunie.com.pl\/index.php?rest_route=\/wp\/v2\/types\/post"}],"author":[{"embeddable":true,"href":"https:\/\/www.labunie.com.pl\/index.php?rest_route=\/wp\/v2\/users\/7"}],"replies":[{"embeddable":true,"href":"https:\/\/www.labunie.com.pl\/index.php?rest_route=%2Fwp%2Fv2%2Fcomments&post=5368"}],"version-history":[{"count":4,"href":"https:\/\/www.labunie.com.pl\/index.php?rest_route=\/wp\/v2\/posts\/5368\/revisions"}],"predecessor-version":[{"id":5374,"href":"https:\/\/www.labunie.com.pl\/index.php?rest_route=\/wp\/v2\/posts\/5368\/revisions\/5374"}],"wp:featuredmedia":[{"embeddable":true,"href":"https:\/\/www.labunie.com.pl\/index.php?rest_route=\/wp\/v2\/media\/5370"}],"wp:attachment":[{"href":"https:\/\/www.labunie.com.pl\/index.php?rest_route=%2Fwp%2Fv2%2Fmedia&parent=5368"}],"wp:term":[{"taxonomy":"category","embeddable":true,"href":"https:\/\/www.labunie.com.pl\/index.php?rest_route=%2Fwp%2Fv2%2Fcategories&post=5368"},{"taxonomy":"post_tag","embeddable":true,"href":"https:\/\/www.labunie.com.pl\/index.php?rest_route=%2Fwp%2Fv2%2Ftags&post=5368"}],"curies":[{"name":"wp","href":"https:\/\/api.w.org\/{rel}","templated":true}]}}