{"id":5216,"date":"2017-02-16T09:34:56","date_gmt":"2017-02-16T08:34:56","guid":{"rendered":"https:\/\/www.labunie.com.pl\/?p=5216"},"modified":"2017-02-16T09:34:56","modified_gmt":"2017-02-16T08:34:56","slug":"mlodzi-aktywni","status":"publish","type":"post","link":"https:\/\/www.labunie.com.pl\/?p=5216","title":{"rendered":"M\u0142odzi Aktywni"},"content":{"rendered":"<p><strong>Szkolenia, sta\u017ce i poradnictwo zawodowe. Na takie wsparcie mog\u0105 liczy\u0107 m\u0142ode osoby bezrobotne z terenu Lubelszczyzny. W woj. lubelskim ruszy\u0142 projekt \u201eM\u0142odzi Aktywni\u201d. Jego cel to pomoc i aktywizacja m\u0142odych pozostaj\u0105cych bez pracy. Program skierowany jest r\u00f3wnie\u017c do mieszka\u0144c\u00f3w Gminy \u0141abunie.<\/strong><\/p>\n<p><!--more--><br \/>\n&nbsp;<br \/>\nW projekcie mog\u0105 wzi\u0105\u0107 udzia\u0142 osoby w wieku 15-29 lat, kt\u00f3re mieszkaj\u0105 na terenie Lubelszczyzny, pozostaj\u0105 bez pracy oraz nie uczestnicz\u0105 w kszta\u0142ceniu i szkoleniu. W pierwszej kolejno\u015bci na pomoc mog\u0105 liczy\u0107 osoby bierne zawodowo (niepracuj\u0105ce i nieposzukuj\u0105ce pracy), z niepe\u0142nosprawno\u015bciami, mieszkaj\u0105ce na terenach wiejskich oraz bez do\u015bwiadczenia zawodowego. Takie osoby mog\u0105 liczy\u0107 na poradnictwo zawodowe, szkolenia, sta\u017ce oraz po\u015brednictwo pracy.<br \/>\n&nbsp;<br \/>\nJe\u017celi jeste\u015bcie zainteresowani zwi\u0119kszeniem szans na znalezienie pracy, trzeba wype\u0142ni\u0107 formularze i wys\u0142a\u0107 je na e-mail efs_ma@irzl.pl lub w wersji papierowej w Biurze Projektu (siedziba Fundacji Instytut Rozwoju Zasob\u00f3w Ludzkich, ul. Na\u0142\u0119czowska 30, 20-701 Lublin, pok\u00f3j 204, II pi\u0119tro). Nab\u00f3r trwa do 22 lutego. Kto nie zd\u0105\u017cy, b\u0119dzie m\u00f3g\u0142 zg\u0142osi\u0107 si\u0119 w kolejnym naborze, kt\u00f3ry ruszy w czerwcu tego roku. W projekcie we\u017amie udzia\u0142 140 os\u00f3b (w tym 84 kobiety i 56 m\u0119\u017cczyzn).<br \/>\n&nbsp;<br \/>\nPotrzebne formularze rekrutacyjne i regulamin znajdziecie na <a href=\"http:\/\/mlodziaktywni.tag-consulting.pl\/dokumenty-do-pobrania\/\">www.mlodziaktywni.tag-consulting.pl<\/a> w zak\u0142adce DOKUMENTY DO POBRANIA.<br \/>\n&nbsp;<\/p>\n<p style=\"text-align: center;\">\n<em>Projekt wsp\u00f3\u0142finansowany jest ze \u015brodk\u00f3w Unii Europejskiej w ramach Europejskiego Funduszu Spo\u0142ecznego.<\/em><\/p>\n<p>&nbsp;<\/p>\n<p style=\"text-align: center;\"><img loading=\"lazy\" decoding=\"async\" class=\"aligncenter size-full wp-image-5218\" src=\"https:\/\/www.labunie.com.pl\/wp-content\/uploads\/2017\/02\/mlodzi_aktywni_p.png\" alt=\"\" width=\"630\" height=\"891\" srcset=\"https:\/\/www.labunie.com.pl\/wp-content\/uploads\/2017\/02\/mlodzi_aktywni_p.png 630w, https:\/\/www.labunie.com.pl\/wp-content\/uploads\/2017\/02\/mlodzi_aktywni_p-212x300.png 212w\" sizes=\"auto, (max-width: 630px) 100vw, 630px\" \/><\/p>\n<p style=\"text-align: center;\">\n","protected":false},"excerpt":{"rendered":"<p>Szkolenia, sta\u017ce i poradnictwo zawodowe. Na takie wsparcie mog\u0105 liczy\u0107 m\u0142ode osoby bezrobotne z terenu Lubelszczyzny. W woj. lubelskim ruszy\u0142 projekt \u201eM\u0142odzi Aktywni\u201d. Jego cel to pomoc i aktywizacja m\u0142odych pozostaj\u0105cych bez pracy. Program skierowany jest r\u00f3wnie\u017c do mieszka\u0144c\u00f3w Gminy \u0141abunie.<\/p>\n","protected":false},"author":7,"featured_media":5217,"comment_status":"closed","ping_status":"closed","sticky":false,"template":"","format":"standard","meta":{"footnotes":""},"categories":[1],"tags":[],"class_list":["post-5216","post","type-post","status-publish","format-standard","has-post-thumbnail","hentry","category-wpisy","clearfix"],"_links":{"self":[{"href":"https:\/\/www.labunie.com.pl\/index.php?rest_route=\/wp\/v2\/posts\/5216","targetHints":{"allow":["GET"]}}],"collection":[{"href":"https:\/\/www.labunie.com.pl\/index.php?rest_route=\/wp\/v2\/posts"}],"about":[{"href":"https:\/\/www.labunie.com.pl\/index.php?rest_route=\/wp\/v2\/types\/post"}],"author":[{"embeddable":true,"href":"https:\/\/www.labunie.com.pl\/index.php?rest_route=\/wp\/v2\/users\/7"}],"replies":[{"embeddable":true,"href":"https:\/\/www.labunie.com.pl\/index.php?rest_route=%2Fwp%2Fv2%2Fcomments&post=5216"}],"version-history":[{"count":3,"href":"https:\/\/www.labunie.com.pl\/index.php?rest_route=\/wp\/v2\/posts\/5216\/revisions"}],"predecessor-version":[{"id":5221,"href":"https:\/\/www.labunie.com.pl\/index.php?rest_route=\/wp\/v2\/posts\/5216\/revisions\/5221"}],"wp:featuredmedia":[{"embeddable":true,"href":"https:\/\/www.labunie.com.pl\/index.php?rest_route=\/wp\/v2\/media\/5217"}],"wp:attachment":[{"href":"https:\/\/www.labunie.com.pl\/index.php?rest_route=%2Fwp%2Fv2%2Fmedia&parent=5216"}],"wp:term":[{"taxonomy":"category","embeddable":true,"href":"https:\/\/www.labunie.com.pl\/index.php?rest_route=%2Fwp%2Fv2%2Fcategories&post=5216"},{"taxonomy":"post_tag","embeddable":true,"href":"https:\/\/www.labunie.com.pl\/index.php?rest_route=%2Fwp%2Fv2%2Ftags&post=5216"}],"curies":[{"name":"wp","href":"https:\/\/api.w.org\/{rel}","templated":true}]}}