{"id":5191,"date":"2017-02-15T08:26:39","date_gmt":"2017-02-15T07:26:39","guid":{"rendered":"https:\/\/www.labunie.com.pl\/?p=5191"},"modified":"2017-02-15T08:26:55","modified_gmt":"2017-02-15T07:26:55","slug":"turniej-dzikich-druzyn","status":"publish","type":"post","link":"https:\/\/www.labunie.com.pl\/?p=5191","title":{"rendered":"Turniej dzikich dru\u017cyn"},"content":{"rendered":"<p><strong>12 lutego 2017 r. w hali sportowej przy Zespole Szk\u00f3\u0142 w \u0141abu\u0144kach Pierwszych rozegrano zimow\u0105 edycj\u0119 turnieju dzikich dru\u017cyn o Puchar W\u00f3jta Gminy \u0141abunie. W turnieju wzi\u0119\u0142o udzia\u0142 15 dru\u017cyn dziewcz\u0105t i ch\u0142opc\u00f3w ze szk\u00f3\u0142 podstawowych oraz gimnazj\u00f3w z gminy \u0141abunie.<\/strong><\/p>\n<p><!--more--><br \/>\n&nbsp;<br \/>\n&nbsp;<br \/>\n&nbsp;<\/p>\n<p style=\"text-align: center;\"><span style=\"text-decoration: underline;\"><strong>Kategoria ch\u0142opcy szko\u0142a podstawowa<\/strong><\/span><\/p>\n<ol>\n<li>COCO JAMBO-Szko\u0142a Podstawowa \u0141abunie<\/li>\n<li>CZARNE KONIE- Szko\u0142a Podstawowa \u0141abunie<\/li>\n<li>FAWORYCI- Szko\u0142a Podstawowa \u0141abunie<\/li>\n<li>I dru\u017cyna ze Szko\u0142y Podstawowej w \u0141abu\u0144kach<\/li>\n<li>II dru\u017cyna ze Szko\u0142y Podstawowej w \u0141abu\u0144kach<\/li>\n<\/ol>\n<p>&nbsp;<\/p>\n<p>Kolejno\u015b\u0107 ko\u0144cowa<\/p>\n<p style=\"padding-left: 30px;\">I miejsce- I dru\u017cyna ze Szko\u0142y Podstawowej w \u0141abu\u0144kach<br \/>\nII miejsce- COCO JAMBO-Szko\u0142a Podstawowa \u0141abunie<br \/>\nIII miejsce- CZARNE KONIE- Szko\u0142a Podstawowa \u0141abunie<br \/>\nIV miejsce- II dru\u017cyna ze Szko\u0142y Podstawowej w \u0141abu\u0144kach<br \/>\nV miejsce- FAWORYCI- Szko\u0142a Podstawowa \u0141abunie<\/p>\n<p>&nbsp;<\/p>\n<p>Najlepszym zawodnikiem zosta\u0142 <strong>Rafa\u0142 Tomasiak<\/strong> z I dru\u017cyny ze Szko\u0142y Podstawowej w \u0141abu\u0144kach.<\/p>\n<p>Najlepszym bramkarzem zosta\u0142 <strong>Jakub Piela<\/strong> z dru\u017cyny COCO JAMBO &#8211; ze Szko\u0142y Podstawowej w \u0141abuniach.<\/p>\n<p>&nbsp;<\/p>\n<p><a href=\"https:\/\/www.labunie.com.pl\/wp-content\/uploads\/2015\/11\/pasek630s.png\" data-rel=\"lightbox-gallery-JYYELqj0\" data-rl_title=\"\" data-rl_caption=\"\" title=\"\"><img loading=\"lazy\" decoding=\"async\" class=\"aligncenter size-full wp-image-2314\" src=\"https:\/\/www.labunie.com.pl\/wp-content\/uploads\/2015\/11\/pasek630s.png\" alt=\"\" width=\"630\" height=\"15\" srcset=\"https:\/\/www.labunie.com.pl\/wp-content\/uploads\/2015\/11\/pasek630s.png 630w, https:\/\/www.labunie.com.pl\/wp-content\/uploads\/2015\/11\/pasek630s-300x7.png 300w\" sizes=\"auto, (max-width: 630px) 100vw, 630px\" \/><\/a><\/p>\n<p style=\"text-align: center;\"><strong><span style=\"text-decoration: underline;\">Kategoria dziewcz\u0119ta gimnazjum<\/span><\/strong><\/p>\n<ol>\n<li>FC \u0141abunie-Gimnazjum w \u0141abuniach<\/li>\n<li>DZIKIE KOTY-Gimnazjum w \u0141abu\u0144kach<\/li>\n<li>II dru\u017cyna z Gimnazjum w \u0141abu\u0144kach<\/li>\n<\/ol>\n<p>&nbsp;<\/p>\n<p>Kolejno\u015b\u0107 ko\u0144cowa<\/p>\n<p style=\"padding-left: 30px;\">I miejsce- II dru\u017cyna z Gimnazjum w \u0141abu\u0144kach<br \/>\nII miejsce- FC \u0141abunie-Gimnazjum w \u0141abuniach<br \/>\nIII miejsce- DZIKIE KOTY-Gimnazjum w \u0141abu\u0144kach<\/p>\n<p>&nbsp;<\/p>\n<p>Najlepsz\u0105 zawodniczk\u0105 uznano <strong>Wiktori\u0119 Brzyck\u0105<\/strong> z II dru\u017cyny Gimnazjum w \u0141abu\u0144kach.<\/p>\n<p>Najlepsz\u0105 bramkark\u0105 uznano <strong>Mari\u0119 Latawiec<\/strong> z dru\u017cyny FC \u0141abunie<\/p>\n<p>&nbsp;<\/p>\n<p><a href=\"https:\/\/www.labunie.com.pl\/wp-content\/uploads\/2015\/11\/pasek630s.png\" data-rel=\"lightbox-gallery-JYYELqj0\" data-rl_title=\"\" data-rl_caption=\"\" title=\"\"><img loading=\"lazy\" decoding=\"async\" class=\"aligncenter size-full wp-image-2314\" src=\"https:\/\/www.labunie.com.pl\/wp-content\/uploads\/2015\/11\/pasek630s.png\" alt=\"\" width=\"630\" height=\"15\" srcset=\"https:\/\/www.labunie.com.pl\/wp-content\/uploads\/2015\/11\/pasek630s.png 630w, https:\/\/www.labunie.com.pl\/wp-content\/uploads\/2015\/11\/pasek630s-300x7.png 300w\" sizes=\"auto, (max-width: 630px) 100vw, 630px\" \/><\/a><\/p>\n<p style=\"text-align: center;\"><span style=\"text-decoration: underline;\"><strong>Kategoria ch\u0142opcy gimnazjum<\/strong><\/span><\/p>\n<ol>\n<li>LESZEK PESZEK-Gimnazjum w \u0141abu\u0144kach<\/li>\n<li>KOLBA TEAM- Gimnazjum w \u0141abu\u0144kach<\/li>\n<li>I dru\u017cyna z Gimnazjum w \u0141abuniach<\/li>\n<li>II dru\u017cyna z Gimnazjum w \u0141abuniach<\/li>\n<li>III dru\u017cyna z Gimnazjum w \u0141abuniach<\/li>\n<\/ol>\n<p>&nbsp;<\/p>\n<p>Kolejno\u015b\u0107 ko\u0144cowa<\/p>\n<p style=\"padding-left: 30px;\">I miejsce- LESZEK PESZEK-Gimnazjum w \u0141abu\u0144kach<br \/>\nII miejsce- I dru\u017cyna z Gimnazjum w \u0141abuniach<br \/>\nIII miejsce- II dru\u017cyna z Gimnazjum w \u0141abuniach<br \/>\nIV miejsce- KOLBA TEAM- Gimnazjum w \u0141abu\u0144kach<br \/>\nV miejsce- III dru\u017cyna z Gimnazjum w \u0141abuniach<\/p>\n<p>&nbsp;<\/p>\n<p>Najlepszym zawodnikiem zosta\u0142 <strong>Krystian Kurz\u0119pa<\/strong> z dru\u017cyny LESZEK PESZEK &#8211; Gimnazjum w \u0141abu\u0144kach.<\/p>\n<p>Najlepszym bramkarzem uznano <strong>\u0141ukasza Gromek<\/strong> z II dru\u017cyna z Gimnazjum w \u0141abuniach.<\/p>\n<p>Najbardziej perspektywicznym zawodnikiem uznano <strong>Krystiana Soko\u0142owskiego <\/strong>z dru\u017cyny COCO-JAMBO ze Szko\u0142y Podstawowej w \u0141abuniach.<\/p>\n<p>Ponadto w dwumeczu dru\u017cyn dziewcz\u0105t ze szk\u00f3\u0142 podstawowych DZIEWCZ\u0118TA Z OKOLICY ze Szko\u0142y Podstawowej w \u0141abuniach a dru\u017cyn\u0105 ze Szko\u0142y Podstawowej w \u0141abu\u0144kach lepsz\u0105 dru\u017cyn\u0105 okaza\u0142a si\u0119 Szko\u0142a Podstawowa w \u0141abu\u0144kach.<\/p>\n<p>&nbsp;<\/p>\n<p>[lg_folder folder=&#8221;20170212\/&#8221; count=&#8221;30&#8243; paging=&#8221;false&#8221;]<\/p>\n<p><em>Podzi\u0119kowania dla Pana W\u00f3jta Gminy \u0141abunie Antoniego Wojciecha Turczyna, Przewodnicz\u0105cego Rady Gminy Adama Kniazia, Pan\u00f3w: Zbigniewa Momota, Piotra Latawca, Witolda Lipczewskiego, Jana Maksymca oaz Roberta J\u0119druszko za pomoc w przygotowaniu i prowadzeniu turnieju.<\/em><\/p>\n<p><em>Dzi\u0119kujemy sponsorom turnieju: AKROL, Sklep spo\u017cywczy Pa\u0144stwa Wiatr\u00f3w z W\u00f3lki \u0141abu\u0144skiej.<\/em><\/p>\n<p style=\"text-align: right;\">\n<p style=\"text-align: right;\"><em><span style=\"font-size: 8pt;\">Zarz\u0105d GKS &#8220;Sparta&#8221;<\/span><\/em><\/p>\n","protected":false},"excerpt":{"rendered":"<p>12 lutego 2017 r. w hali sportowej przy Zespole Szk\u00f3\u0142 w \u0141abu\u0144kach Pierwszych rozegrano zimow\u0105 edycj\u0119 turnieju dzikich dru\u017cyn o Puchar W\u00f3jta Gminy \u0141abunie. W turnieju wzi\u0119\u0142o udzia\u0142 15 dru\u017cyn dziewcz\u0105t i ch\u0142opc\u00f3w ze szk\u00f3\u0142 podstawowych oraz gimnazj\u00f3w z gminy \u0141abunie.<\/p>\n","protected":false},"author":7,"featured_media":5194,"comment_status":"closed","ping_status":"closed","sticky":false,"template":"","format":"standard","meta":{"footnotes":""},"categories":[1],"tags":[],"class_list":["post-5191","post","type-post","status-publish","format-standard","has-post-thumbnail","hentry","category-wpisy","clearfix"],"_links":{"self":[{"href":"https:\/\/www.labunie.com.pl\/index.php?rest_route=\/wp\/v2\/posts\/5191","targetHints":{"allow":["GET"]}}],"collection":[{"href":"https:\/\/www.labunie.com.pl\/index.php?rest_route=\/wp\/v2\/posts"}],"about":[{"href":"https:\/\/www.labunie.com.pl\/index.php?rest_route=\/wp\/v2\/types\/post"}],"author":[{"embeddable":true,"href":"https:\/\/www.labunie.com.pl\/index.php?rest_route=\/wp\/v2\/users\/7"}],"replies":[{"embeddable":true,"href":"https:\/\/www.labunie.com.pl\/index.php?rest_route=%2Fwp%2Fv2%2Fcomments&post=5191"}],"version-history":[{"count":5,"href":"https:\/\/www.labunie.com.pl\/index.php?rest_route=\/wp\/v2\/posts\/5191\/revisions"}],"predecessor-version":[{"id":5200,"href":"https:\/\/www.labunie.com.pl\/index.php?rest_route=\/wp\/v2\/posts\/5191\/revisions\/5200"}],"wp:featuredmedia":[{"embeddable":true,"href":"https:\/\/www.labunie.com.pl\/index.php?rest_route=\/wp\/v2\/media\/5194"}],"wp:attachment":[{"href":"https:\/\/www.labunie.com.pl\/index.php?rest_route=%2Fwp%2Fv2%2Fmedia&parent=5191"}],"wp:term":[{"taxonomy":"category","embeddable":true,"href":"https:\/\/www.labunie.com.pl\/index.php?rest_route=%2Fwp%2Fv2%2Fcategories&post=5191"},{"taxonomy":"post_tag","embeddable":true,"href":"https:\/\/www.labunie.com.pl\/index.php?rest_route=%2Fwp%2Fv2%2Ftags&post=5191"}],"curies":[{"name":"wp","href":"https:\/\/api.w.org\/{rel}","templated":true}]}}