{"id":5145,"date":"2017-02-09T13:45:46","date_gmt":"2017-02-09T12:45:46","guid":{"rendered":"https:\/\/www.labunie.com.pl\/?p=5145"},"modified":"2017-02-09T13:45:46","modified_gmt":"2017-02-09T12:45:46","slug":"targi-dla-rolnikow","status":"publish","type":"post","link":"https:\/\/www.labunie.com.pl\/?p=5145","title":{"rendered":"Targi dla rolnik\u00f3w"},"content":{"rendered":"<p><strong>Nowo\u015bci na rynku rolnym, \u015bwiatowe marki, prelekcje i spotkania, nowy sprz\u0119t rolniczy, polscy producenci, produkty regionalne. To wszystko czeka na tych, kt\u00f3rzy wybior\u0105 si\u0119 do stolicy Lubelszczyzny na Targi Rolnicze. Coroczny Agro-Park odb\u0119dzie si\u0119 4 i 5 marca w Lublinie.<\/strong><br \/>\n&nbsp;<br \/>\n&nbsp;<br \/>\n&nbsp;<br \/>\n<!--more--><br \/>\nLubelski Agro-Park b\u0119dzie jubileuszow\u0105, dziesi\u0105t\u0105 edycj\u0105 tego wydarzenia. Targi Rolnicze to spotkanie profesjonalist\u00f3w z bran\u017cy, w\u0142a\u015bcicieli i os\u00f3b zarz\u0105dzaj\u0105cych gospodarstwami rolnymi oraz przedstawiciele przedsi\u0119biorstw. B\u0119d\u0105 udziela\u0107 porad na temat najnowszych technologii i rozwi\u0105za\u0144 wykorzystywanych w rolnictwie, uprawie ro\u015blin czy chowie zwierz\u0105t.<br \/>\n&nbsp;<br \/>\nOpr\u00f3cz tego na odwiedzaj\u0105cych targi b\u0119dzie czeka\u0107 m. in. oferta najnowszego sprz\u0119tu rolniczego oraz pokazy produkt\u00f3w regionalnych.<br \/>\n&nbsp;<br \/>\n<div id='pe-gallery-1' class='pe-gallery pe-gallery-5145 columns-1 img-size-large'><div class='pe-row'><div class='col-md-12'><figure tabindex='0' class='pe-gallery-item ' ><div class='pe-gallery-image portrait'>\n\t\t\t\t\t\t\t<a href=\"https:\/\/www.labunie.com.pl\/wp-content\/uploads\/2017\/02\/targi_pl_17.jpg\" data-rel=\"lightbox-gallery-cV5Zcb9a\" data-rl_title=\"\" data-rl_caption=\"\" title=\"\"><img loading=\"lazy\" decoding=\"async\" width=\"765\" height=\"1024\" src=\"https:\/\/www.labunie.com.pl\/wp-content\/uploads\/2017\/02\/targi_pl_17-765x1024.jpg\" class=\"attachment-large size-large\" alt=\"targi pl 17\" data-no-retina=\"\" aria-describedby=\"gallery-1-5148\" srcset=\"https:\/\/www.labunie.com.pl\/wp-content\/uploads\/2017\/02\/targi_pl_17-765x1024.jpg 765w, https:\/\/www.labunie.com.pl\/wp-content\/uploads\/2017\/02\/targi_pl_17-224x300.jpg 224w, https:\/\/www.labunie.com.pl\/wp-content\/uploads\/2017\/02\/targi_pl_17-768x1028.jpg 768w, https:\/\/www.labunie.com.pl\/wp-content\/uploads\/2017\/02\/targi_pl_17.jpg 1500w\" sizes=\"auto, (max-width: 765px) 100vw, 765px\" \/><\/a>\n\t\t\t\t\t\t<\/div><figcaption class='wp-caption-text pe-gallery-caption'>\n\t\t\t\t\t\t\t\ttargi pl 17\n\t\t\t\t\t\t\t<\/figcaption><\/figure><\/div><\/div><\/div>\n<br \/>\nAgro-Park odb\u0119dzie si\u0119 na terenie Targ\u00f3w Lublin S.A. przy ul. Dworcowej 11 w Lublinie. <strong>Wst\u0119p bezp\u0142atny.<\/strong><br \/>\n&nbsp;<br \/>\n<a href=\"https:\/\/www.labunie.com.pl\/wp-content\/uploads\/2017\/02\/News-na-stron\u0119-targi-dla-rolnik\u00f3w-banner-1.jpg\" data-rel=\"lightbox-gallery-cV5Zcb9a\" data-rl_title=\"\" data-rl_caption=\"\" title=\"\"><img loading=\"lazy\" decoding=\"async\" class=\"aligncenter wp-image-5146\" src=\"https:\/\/www.labunie.com.pl\/wp-content\/uploads\/2017\/02\/News-na-stron\u0119-targi-dla-rolnik\u00f3w-banner-1.jpg\" width=\"634\" height=\"100\" srcset=\"https:\/\/www.labunie.com.pl\/wp-content\/uploads\/2017\/02\/News-na-stron\u0119-targi-dla-rolnik\u00f3w-banner-1.jpg 761w, https:\/\/www.labunie.com.pl\/wp-content\/uploads\/2017\/02\/News-na-stron\u0119-targi-dla-rolnik\u00f3w-banner-1-300x47.jpg 300w\" sizes=\"auto, (max-width: 634px) 100vw, 634px\" \/><\/a><\/p>\n","protected":false},"excerpt":{"rendered":"<p>Nowo\u015bci na rynku rolnym, \u015bwiatowe marki, prelekcje i spotkania, nowy sprz\u0119t rolniczy, polscy producenci, produkty regionalne. To wszystko czeka na tych, kt\u00f3rzy wybior\u0105 si\u0119 do stolicy Lubelszczyzny na Targi Rolnicze. Coroczny Agro-Park odb\u0119dzie si\u0119 4 i 5 marca w Lublinie. &nbsp; &nbsp; &nbsp;<\/p>\n","protected":false},"author":7,"featured_media":5147,"comment_status":"closed","ping_status":"closed","sticky":false,"template":"","format":"standard","meta":{"footnotes":""},"categories":[1],"tags":[],"class_list":["post-5145","post","type-post","status-publish","format-standard","has-post-thumbnail","hentry","category-wpisy","clearfix"],"_links":{"self":[{"href":"https:\/\/www.labunie.com.pl\/index.php?rest_route=\/wp\/v2\/posts\/5145","targetHints":{"allow":["GET"]}}],"collection":[{"href":"https:\/\/www.labunie.com.pl\/index.php?rest_route=\/wp\/v2\/posts"}],"about":[{"href":"https:\/\/www.labunie.com.pl\/index.php?rest_route=\/wp\/v2\/types\/post"}],"author":[{"embeddable":true,"href":"https:\/\/www.labunie.com.pl\/index.php?rest_route=\/wp\/v2\/users\/7"}],"replies":[{"embeddable":true,"href":"https:\/\/www.labunie.com.pl\/index.php?rest_route=%2Fwp%2Fv2%2Fcomments&post=5145"}],"version-history":[{"count":3,"href":"https:\/\/www.labunie.com.pl\/index.php?rest_route=\/wp\/v2\/posts\/5145\/revisions"}],"predecessor-version":[{"id":5151,"href":"https:\/\/www.labunie.com.pl\/index.php?rest_route=\/wp\/v2\/posts\/5145\/revisions\/5151"}],"wp:featuredmedia":[{"embeddable":true,"href":"https:\/\/www.labunie.com.pl\/index.php?rest_route=\/wp\/v2\/media\/5147"}],"wp:attachment":[{"href":"https:\/\/www.labunie.com.pl\/index.php?rest_route=%2Fwp%2Fv2%2Fmedia&parent=5145"}],"wp:term":[{"taxonomy":"category","embeddable":true,"href":"https:\/\/www.labunie.com.pl\/index.php?rest_route=%2Fwp%2Fv2%2Fcategories&post=5145"},{"taxonomy":"post_tag","embeddable":true,"href":"https:\/\/www.labunie.com.pl\/index.php?rest_route=%2Fwp%2Fv2%2Ftags&post=5145"}],"curies":[{"name":"wp","href":"https:\/\/api.w.org\/{rel}","templated":true}]}}