{"id":5094,"date":"2017-02-02T13:40:51","date_gmt":"2017-02-02T12:40:51","guid":{"rendered":"https:\/\/www.labunie.com.pl\/?p=5094"},"modified":"2017-02-02T13:43:00","modified_gmt":"2017-02-02T12:43:00","slug":"zakonczenie-projektu","status":"publish","type":"post","link":"https:\/\/www.labunie.com.pl\/?p=5094","title":{"rendered":"Zako\u0144czenie projektu"},"content":{"rendered":"<p><strong>Zako\u0144czono projekt pn. &#8220;Pilota\u017cowy system gospodarowania odpadami azbestowymi na terenie wojew\u00f3dztwa lubelskiego wzmocniony sprawnym monitoringiem ilo\u015bci oraz kontroli ich usuwania i unieszkodliwiania&#8221; realizowanym w ramach Szwajcarsko-Polskiego Programu Wsp\u00f3\u0142pracy. W zwi\u0105zku z tym, Urz\u0105d Marsza\u0142kowski Wojew\u00f3dztwa Lubelskiego w Lublinie wystosowa\u0142 dla Gminy \u0141abunie podzi\u0119kowania za udzia\u0142 w projekcie.<\/strong><\/p>\n<p><!--more--><br \/>\n&nbsp;<br \/>\nW czasie trwania programu tj. w latach 2014-2016 skorzysta\u0142o z niego <strong>166 os\u00f3b<\/strong>. Usuni\u0119to \u0142\u0105cznie <strong>381,6 ton<\/strong> eternitu.<br \/>\n&nbsp;<br \/>\n<a href=\"https:\/\/www.labunie.com.pl\/wp-content\/uploads\/2017\/02\/grawer_szwajcar.jpeg\" data-rel=\"lightbox-gallery-eBbkQv79\" data-rl_title=\"\" data-rl_caption=\"\" title=\"\"><img loading=\"lazy\" decoding=\"async\" class=\"aligncenter  wp-image-5095\" src=\"https:\/\/www.labunie.com.pl\/wp-content\/uploads\/2017\/02\/grawer_szwajcar.jpeg\" alt=\"grawer_szwajcar\" width=\"630\" height=\"522\" srcset=\"https:\/\/www.labunie.com.pl\/wp-content\/uploads\/2017\/02\/grawer_szwajcar.jpeg 1000w, https:\/\/www.labunie.com.pl\/wp-content\/uploads\/2017\/02\/grawer_szwajcar-300x248.jpeg 300w, https:\/\/www.labunie.com.pl\/wp-content\/uploads\/2017\/02\/grawer_szwajcar-768x636.jpeg 768w\" sizes=\"auto, (max-width: 630px) 100vw, 630px\" \/><\/a><\/p>\n","protected":false},"excerpt":{"rendered":"<p>Zako\u0144czono projekt pn. &#8220;Pilota\u017cowy system gospodarowania odpadami azbestowymi na terenie wojew\u00f3dztwa lubelskiego wzmocniony sprawnym monitoringiem ilo\u015bci oraz kontroli ich usuwania i unieszkodliwiania&#8221; realizowanym w ramach Szwajcarsko-Polskiego Programu Wsp\u00f3\u0142pracy. W zwi\u0105zku z tym, Urz\u0105d Marsza\u0142kowski Wojew\u00f3dztwa Lubelskiego w Lublinie wystosowa\u0142 dla Gminy \u0141abunie podzi\u0119kowania za udzia\u0142 w projekcie.<\/p>\n","protected":false},"author":7,"featured_media":5096,"comment_status":"closed","ping_status":"closed","sticky":false,"template":"","format":"standard","meta":{"footnotes":""},"categories":[1],"tags":[],"class_list":["post-5094","post","type-post","status-publish","format-standard","has-post-thumbnail","hentry","category-wpisy","clearfix"],"_links":{"self":[{"href":"https:\/\/www.labunie.com.pl\/index.php?rest_route=\/wp\/v2\/posts\/5094","targetHints":{"allow":["GET"]}}],"collection":[{"href":"https:\/\/www.labunie.com.pl\/index.php?rest_route=\/wp\/v2\/posts"}],"about":[{"href":"https:\/\/www.labunie.com.pl\/index.php?rest_route=\/wp\/v2\/types\/post"}],"author":[{"embeddable":true,"href":"https:\/\/www.labunie.com.pl\/index.php?rest_route=\/wp\/v2\/users\/7"}],"replies":[{"embeddable":true,"href":"https:\/\/www.labunie.com.pl\/index.php?rest_route=%2Fwp%2Fv2%2Fcomments&post=5094"}],"version-history":[{"count":5,"href":"https:\/\/www.labunie.com.pl\/index.php?rest_route=\/wp\/v2\/posts\/5094\/revisions"}],"predecessor-version":[{"id":5101,"href":"https:\/\/www.labunie.com.pl\/index.php?rest_route=\/wp\/v2\/posts\/5094\/revisions\/5101"}],"wp:featuredmedia":[{"embeddable":true,"href":"https:\/\/www.labunie.com.pl\/index.php?rest_route=\/wp\/v2\/media\/5096"}],"wp:attachment":[{"href":"https:\/\/www.labunie.com.pl\/index.php?rest_route=%2Fwp%2Fv2%2Fmedia&parent=5094"}],"wp:term":[{"taxonomy":"category","embeddable":true,"href":"https:\/\/www.labunie.com.pl\/index.php?rest_route=%2Fwp%2Fv2%2Fcategories&post=5094"},{"taxonomy":"post_tag","embeddable":true,"href":"https:\/\/www.labunie.com.pl\/index.php?rest_route=%2Fwp%2Fv2%2Ftags&post=5094"}],"curies":[{"name":"wp","href":"https:\/\/api.w.org\/{rel}","templated":true}]}}