{"id":5074,"date":"2017-02-01T14:46:56","date_gmt":"2017-02-01T13:46:56","guid":{"rendered":"https:\/\/www.labunie.com.pl\/?p=5074"},"modified":"2017-02-01T15:05:08","modified_gmt":"2017-02-01T14:05:08","slug":"informacja-dla-mieszkancow","status":"publish","type":"post","link":"https:\/\/www.labunie.com.pl\/?p=5074","title":{"rendered":"Informacja dla Mieszka\u0144c\u00f3w"},"content":{"rendered":"<p><strong>Urz\u0105d Gminy \u0141abunie informuje, \u017ce odbiorca odpad\u00f3w komunalnych &#8211; PGK Sp. z o.o. w Zamo\u015bciu, przekaza\u0142o niepokoj\u0105c\u0105 informacj\u0119 dotycz\u0105c\u0105 niew\u0142a\u015bciwego sposobu prowadzenia selektywnej zbi\u00f3rki odpad\u00f3w komunalnych na terenie naszej Gminy. Chodzi o odpady gromadzone i wystawiane w kolorowych workach.<\/strong><\/p>\n<p><!--more--><\/p>\n<p>Stwierdzono, \u017ce w odbieranych workach ze szk\u0142em bezbarwnym i kolorowym, tworzywami sztucznymi oraz papierem i tektur\u0105 znajdowa\u0142y si\u0119 tak\u017ce inne odpady w du\u017cych ilo\u015bciach (30-40%), kt\u00f3re powinny trafi\u0107 do pojemnika na odpady zmieszane. Je\u017celi sytuacja taka b\u0119dzie si\u0119 utrzymywa\u0107, \u201eza\u015bmiecone\u201d odpady w workach b\u0119d\u0105 kwalifikowane jako odpady zmieszane, a w konsekwencji Gmina mo\u017ce nie osi\u0105gn\u0105\u0107 okre\u015blonych poziom\u00f3w recyklingu dla odpad\u00f3w: papieru, szk\u0142a, tworzyw sztucznych, metali i z tego tytu\u0142u ponie\u015b\u0107 kary finansowe za niewywi\u0105zywanie si\u0119 z ustawowego obowi\u0105zku.<\/p>\n<p>W zwi\u0105zku z powy\u017cszym apelujemy o umieszczanie w worku o danym kolorze wy\u0142\u0105cznie frakcji odpad\u00f3w przypisanych do danego koloru. Np. w bia\u0142ym worku na szk\u0142o bia\u0142e powinny znajdowa\u0107 si\u0119 wy\u0142\u0105cznie opakowania szklane koloru bia\u0142ego- butelki, s\u0142oiki. W przypadku w\u0105tpliwo\u015bci, lepiej b\u0119dzie gdy dany odpad znajdzie si\u0119 w pojemniku na odpady zmieszane.<\/p>\n<p>Informujemy ponadto, \u017ce w przypadku, gdy pojemnik na odpady zmieszane jest za ma\u0142y, istnieje mo\u017cliwo\u015b\u0107 otrzymania wi\u0119kszego, b\u0105d\u017a dodatkowego pojemnika. Niedopuszczalne jest umieszczanie zmieszanych odpad\u00f3w w kolorowych workach.<\/p>\n<p>Podobnie w sytuacji, gdy potrzeba wi\u0119cej work\u00f3w, mo\u017cna je pobra\u0107 w urz\u0119dzie gminy, b\u0105d\u017a u so\u0142tysa.<br \/>\nW zaistnia\u0142ej sytuacji, w dniu odbioru odpad\u00f3w b\u0119d\u0105 prowadzone kontrole zawarto\u015bci work\u00f3w. Je\u017celi oka\u017ce si\u0119, \u017ce zawarto\u015b\u0107 worka wykracza poza jego przeznaczenie i zostanie to udokumentowane, zbi\u00f3rka odpad\u00f3w na danej nieruchomo\u015bci mo\u017ce zosta\u0107 zakwalifikowana jako nieselektywna i wi\u0105za\u0107 si\u0119 z podwy\u017cszeniem op\u0142aty za ich odbi\u00f3r.<\/p>\n<p>\u201eZasady Segregacji Odpad\u00f3w Komunalnych\u201d dost\u0119pne s\u0105 na stronie <a href=\"https:\/\/uglabunie.bip.lubelskie.pl\/index.php?id=136\">www.labunie.com.pl\/Strefa mieszka\u0144ca\/Ochrona \u015brodowiska<\/a>, oraz w formie ulotek dostarczonych przez so\u0142tys\u00f3w b\u0105d\u017a do pobrania w urz\u0119dzie gminy.<\/p>\n<table style=\"width: 356px;\">\n<tbody>\n<tr>\n<td style=\"width: 50px;\"><a href=\"https:\/\/www.labunie.com.pl\/wp-content\/uploads\/2017\/02\/zasady_segregacji_odp_kom.pdf\"><img loading=\"lazy\" decoding=\"async\" class=\"aligncenter size-full wp-image-1477\" src=\"https:\/\/www.labunie.com.pl\/wp-content\/uploads\/2015\/07\/pdf.png\" alt=\"pdf\" width=\"50\" height=\"50\" \/><\/a><\/td>\n<td style=\"width: 290px;\"><a href=\"https:\/\/www.labunie.com.pl\/wp-content\/uploads\/2017\/02\/zasady_segregacji_odp_kom.pdf\">Zasady segregacji odpad\u00f3w komunalnych<\/a><\/td>\n<\/tr>\n<\/tbody>\n<\/table>\n<p>&nbsp;<\/p>\n<p style=\"text-align: right;\"><span style=\"font-size: 8pt;\">W\u00f3jt<\/span><br \/>\n<span style=\"font-size: 8pt;\"> \/-\/ Antoni Wojciech Turczyn<\/span><\/p>\n","protected":false},"excerpt":{"rendered":"<p>Urz\u0105d Gminy \u0141abunie informuje, \u017ce odbiorca odpad\u00f3w komunalnych &#8211; PGK Sp. z o.o. w Zamo\u015bciu, przekaza\u0142o niepokoj\u0105c\u0105 informacj\u0119 dotycz\u0105c\u0105 niew\u0142a\u015bciwego sposobu prowadzenia selektywnej zbi\u00f3rki odpad\u00f3w komunalnych na terenie naszej Gminy. Chodzi o odpady gromadzone i wystawiane w kolorowych workach.<\/p>\n","protected":false},"author":7,"featured_media":4359,"comment_status":"closed","ping_status":"closed","sticky":false,"template":"","format":"standard","meta":{"footnotes":""},"categories":[1],"tags":[],"class_list":["post-5074","post","type-post","status-publish","format-standard","has-post-thumbnail","hentry","category-wpisy","clearfix"],"_links":{"self":[{"href":"https:\/\/www.labunie.com.pl\/index.php?rest_route=\/wp\/v2\/posts\/5074","targetHints":{"allow":["GET"]}}],"collection":[{"href":"https:\/\/www.labunie.com.pl\/index.php?rest_route=\/wp\/v2\/posts"}],"about":[{"href":"https:\/\/www.labunie.com.pl\/index.php?rest_route=\/wp\/v2\/types\/post"}],"author":[{"embeddable":true,"href":"https:\/\/www.labunie.com.pl\/index.php?rest_route=\/wp\/v2\/users\/7"}],"replies":[{"embeddable":true,"href":"https:\/\/www.labunie.com.pl\/index.php?rest_route=%2Fwp%2Fv2%2Fcomments&post=5074"}],"version-history":[{"count":5,"href":"https:\/\/www.labunie.com.pl\/index.php?rest_route=\/wp\/v2\/posts\/5074\/revisions"}],"predecessor-version":[{"id":5089,"href":"https:\/\/www.labunie.com.pl\/index.php?rest_route=\/wp\/v2\/posts\/5074\/revisions\/5089"}],"wp:featuredmedia":[{"embeddable":true,"href":"https:\/\/www.labunie.com.pl\/index.php?rest_route=\/wp\/v2\/media\/4359"}],"wp:attachment":[{"href":"https:\/\/www.labunie.com.pl\/index.php?rest_route=%2Fwp%2Fv2%2Fmedia&parent=5074"}],"wp:term":[{"taxonomy":"category","embeddable":true,"href":"https:\/\/www.labunie.com.pl\/index.php?rest_route=%2Fwp%2Fv2%2Fcategories&post=5074"},{"taxonomy":"post_tag","embeddable":true,"href":"https:\/\/www.labunie.com.pl\/index.php?rest_route=%2Fwp%2Fv2%2Ftags&post=5074"}],"curies":[{"name":"wp","href":"https:\/\/api.w.org\/{rel}","templated":true}]}}