{"id":5035,"date":"2017-01-31T08:17:14","date_gmt":"2017-01-31T07:17:14","guid":{"rendered":"https:\/\/www.labunie.com.pl\/?p=5035"},"modified":"2017-01-31T13:29:26","modified_gmt":"2017-01-31T12:29:26","slug":"srebro-dla-choru-konsonans-na-miedzynarodowym-konkursie","status":"publish","type":"post","link":"https:\/\/www.labunie.com.pl\/?p=5035","title":{"rendered":"Srebro dla Ch\u00f3ru &#8220;Konsonans&#8221; na Mi\u0119dzynarodowym Konkursie &#8211; aktualizacja"},"content":{"rendered":"<p><strong>Nasz Gminny Ch\u00f3r ,,Konsonans\u201d zdoby\u0142 Srebrny Dyplom w IV edycji Mi\u0119dzynarodowego Rzeszowskiego Festiwalu Kol\u0119d i Pastora\u0142ek. Konkurs odby\u0142 si\u0119 28 stycznia 2017 r. w Studium Muzyki Liturgicznej przy Rzeszowskiej Bazylice Wniebowzi\u0119cia NMP. W zmaganiach wzi\u0119\u0142o udzia\u0142 29 podmiot\u00f3w. Przes\u0142uchania konkursowe rozpocz\u0119\u0142y si\u0119 o godz. 9:00 i trwa\u0142y do p\u00f3\u017anych godzin wieczornych. <\/strong><br \/>\n&nbsp;<br \/>\n<!--more--><br \/>\nKa\u017cdy z zespo\u0142\u00f3w by\u0142 zobowi\u0105zany do wykonania 15-sto minutowego programu a\u2019capella (bez akompaniamentu), zawieraj\u0105cego utw\u00f3r obowi\u0105zkowy. Poziom prezentacji w tej edycji okaza\u0142 si\u0119 bardzo wysoki. W zmaganiach wzi\u0119\u0142o udzia\u0142 a\u017c sze\u015b\u0107 ch\u00f3r\u00f3w akademickich i uniwersyteckich, takich jak: Ch\u00f3r Akademicki Uniwersytetu Rzeszowskiego, Akademicki Ch\u00f3r Politechniki Krakowskiej &#8220;Cantata&#8221; z Krakowa , Ch\u00f3r Uniwersytetu Kardyna\u0142a Stefana Wyszy\u0144skiego z Warszawy, Akademicki Ch\u00f3r Politechniki \u0141\u00f3dzkiej, Ch\u00f3r Akademicki Politechniki \u015awi\u0119tokrzyskiej, Ch\u00f3r AGH \u201eCon Fuoco\u201d z Krakowa.<\/p>\n<p>Ze wzgl\u0119du na mi\u0119dzynarodowy charakter festiwalu w przes\u0142uchaniach wzi\u0119\u0142y r\u00f3wnie\u017c udzia\u0142 ch\u00f3ry z Ukrainy i Bia\u0142orusi. Po trudnych obradach, jury w sk\u0142adzie: dr hab. M. Nowak \u2013 prof. UMCS, dr hab. J. Skorek, dr A. Marek-Kami\u0144ska uzgodni\u0142o werdykt.<\/p>\n<p>Nasz Ch\u00f3r zosta\u0142 bardzo wysoko oceniony i uplasowa\u0142 si\u0119 zaraz za Ch\u00f3rem Akademickim. To ogromny sukces zespo\u0142u, osi\u0105gni\u0119ty dzi\u0119ki zaanga\u017cowaniu i determinacji jego cz\u0142onk\u00f3w oraz systematycznej pracy.<\/p>\n<p>Z wielk\u0105 przyjemno\u015bci\u0105 odbierali\u015bmy nagrod\u0119 w imieniu wszystkich mieszka\u0144c\u00f3w Gminy \u0141abunie, kt\u00f3rych staramy si\u0119 zawsze godnie reprezentowa\u0107. Serdecznie dzi\u0119kujemy tym, kt\u00f3rzy nas wspierali, pomagali i kibicowali.<br \/>\n&nbsp;<br \/>\nMamy nadziej\u0119, \u017ce nasze sukcesy zach\u0119c\u0105 innych do realizowania swojej \u015bpiewaczej pasji. Zapraszamy na zaj\u0119cia ch\u00f3ru \u2013 zg\u0142oszenia chorlabunie@gmail.com lub bezpo\u015brednio we wtorki i czwartki 18:30 w budynku wielofunkcyjnym przy ul. Orzechowej. Zapraszamy!<br \/>\n&nbsp;<br \/>\n<div id='pe-gallery-1' class='pe-gallery pe-gallery-5035 columns-2 img-size-medium'><div class='pe-row'><div class='col-md-6'><figure tabindex='0' class='pe-gallery-item ' ><div class='pe-gallery-image landscape'>\n\t\t\t\t\t\t\t<a href=\"https:\/\/www.labunie.com.pl\/wp-content\/uploads\/2017\/01\/rzeszow_kons_17-1.jpg\" data-rel=\"lightbox-gallery-t216IHMM\" data-rl_title=\"\" data-rl_caption=\"\" title=\"\"><img loading=\"lazy\" decoding=\"async\" width=\"300\" height=\"169\" src=\"https:\/\/www.labunie.com.pl\/wp-content\/uploads\/2017\/01\/rzeszow_kons_17-1-300x169.jpg\" class=\"attachment-medium size-medium\" alt=\"rzeszow kons 17 1\" data-no-retina=\"\" aria-describedby=\"gallery-1-5039\" srcset=\"https:\/\/www.labunie.com.pl\/wp-content\/uploads\/2017\/01\/rzeszow_kons_17-1-300x169.jpg 300w, https:\/\/www.labunie.com.pl\/wp-content\/uploads\/2017\/01\/rzeszow_kons_17-1-768x433.jpg 768w, https:\/\/www.labunie.com.pl\/wp-content\/uploads\/2017\/01\/rzeszow_kons_17-1.jpg 960w\" sizes=\"auto, (max-width: 300px) 100vw, 300px\" \/><\/a>\n\t\t\t\t\t\t<\/div><figcaption class='wp-caption-text pe-gallery-caption'>\n\t\t\t\t\t\t\t\trzeszow kons 17 1\n\t\t\t\t\t\t\t<\/figcaption><\/figure><\/div><div class='col-md-6'><figure tabindex='0' class='pe-gallery-item ' ><div class='pe-gallery-image landscape'>\n\t\t\t\t\t\t\t<a href=\"https:\/\/www.labunie.com.pl\/wp-content\/uploads\/2017\/01\/rzeszow_kons_17-2.jpg\" data-rel=\"lightbox-gallery-t216IHMM\" data-rl_title=\"\" data-rl_caption=\"\" title=\"\"><img loading=\"lazy\" decoding=\"async\" width=\"300\" height=\"225\" src=\"https:\/\/www.labunie.com.pl\/wp-content\/uploads\/2017\/01\/rzeszow_kons_17-2-300x225.jpg\" class=\"attachment-medium size-medium\" alt=\"rzeszow kons 17 2\" data-no-retina=\"\" aria-describedby=\"gallery-1-5040\" srcset=\"https:\/\/www.labunie.com.pl\/wp-content\/uploads\/2017\/01\/rzeszow_kons_17-2-300x225.jpg 300w, https:\/\/www.labunie.com.pl\/wp-content\/uploads\/2017\/01\/rzeszow_kons_17-2-768x576.jpg 768w, https:\/\/www.labunie.com.pl\/wp-content\/uploads\/2017\/01\/rzeszow_kons_17-2.jpg 960w\" sizes=\"auto, (max-width: 300px) 100vw, 300px\" \/><\/a>\n\t\t\t\t\t\t<\/div><figcaption class='wp-caption-text pe-gallery-caption'>\n\t\t\t\t\t\t\t\trzeszow kons 17 2\n\t\t\t\t\t\t\t<\/figcaption><\/figure><\/div><\/div><\/div>\n<br \/>\n&nbsp;<br \/>\n<iframe loading=\"lazy\" width=\"630\" height=\"315\" src=\"https:\/\/www.youtube.com\/embed\/MsFRA1LGNME\" frameborder=\"0\" allowfullscreen><\/iframe><br \/>\n&nbsp;<br \/>\n<iframe loading=\"lazy\" width=\"630\" height=\"315\" src=\"https:\/\/www.youtube.com\/embed\/bDzSqr7dr8I\" frameborder=\"0\" allowfullscreen><\/iframe><br \/>\n&nbsp;<br \/>\n<iframe loading=\"lazy\" width=\"630\" height=\"315\" src=\"https:\/\/www.youtube.com\/embed\/v6UTc2rODX8\" frameborder=\"0\" allowfullscreen><\/iframe><\/p>\n","protected":false},"excerpt":{"rendered":"<p>Nasz Gminny Ch\u00f3r ,,Konsonans\u201d zdoby\u0142 Srebrny Dyplom w IV edycji Mi\u0119dzynarodowego Rzeszowskiego Festiwalu Kol\u0119d i Pastora\u0142ek. Konkurs odby\u0142 si\u0119 28 stycznia 2017 r. w Studium Muzyki Liturgicznej przy Rzeszowskiej Bazylice Wniebowzi\u0119cia NMP. W zmaganiach wzi\u0119\u0142o udzia\u0142 29 podmiot\u00f3w. Przes\u0142uchania konkursowe rozpocz\u0119\u0142y si\u0119 o godz. 9:00 i trwa\u0142y do p\u00f3\u017anych godzin wieczornych. &nbsp;<\/p>\n","protected":false},"author":7,"featured_media":5036,"comment_status":"closed","ping_status":"closed","sticky":false,"template":"","format":"standard","meta":{"footnotes":""},"categories":[1],"tags":[],"class_list":["post-5035","post","type-post","status-publish","format-standard","has-post-thumbnail","hentry","category-wpisy","clearfix"],"_links":{"self":[{"href":"https:\/\/www.labunie.com.pl\/index.php?rest_route=\/wp\/v2\/posts\/5035","targetHints":{"allow":["GET"]}}],"collection":[{"href":"https:\/\/www.labunie.com.pl\/index.php?rest_route=\/wp\/v2\/posts"}],"about":[{"href":"https:\/\/www.labunie.com.pl\/index.php?rest_route=\/wp\/v2\/types\/post"}],"author":[{"embeddable":true,"href":"https:\/\/www.labunie.com.pl\/index.php?rest_route=\/wp\/v2\/users\/7"}],"replies":[{"embeddable":true,"href":"https:\/\/www.labunie.com.pl\/index.php?rest_route=%2Fwp%2Fv2%2Fcomments&post=5035"}],"version-history":[{"count":5,"href":"https:\/\/www.labunie.com.pl\/index.php?rest_route=\/wp\/v2\/posts\/5035\/revisions"}],"predecessor-version":[{"id":5073,"href":"https:\/\/www.labunie.com.pl\/index.php?rest_route=\/wp\/v2\/posts\/5035\/revisions\/5073"}],"wp:featuredmedia":[{"embeddable":true,"href":"https:\/\/www.labunie.com.pl\/index.php?rest_route=\/wp\/v2\/media\/5036"}],"wp:attachment":[{"href":"https:\/\/www.labunie.com.pl\/index.php?rest_route=%2Fwp%2Fv2%2Fmedia&parent=5035"}],"wp:term":[{"taxonomy":"category","embeddable":true,"href":"https:\/\/www.labunie.com.pl\/index.php?rest_route=%2Fwp%2Fv2%2Fcategories&post=5035"},{"taxonomy":"post_tag","embeddable":true,"href":"https:\/\/www.labunie.com.pl\/index.php?rest_route=%2Fwp%2Fv2%2Ftags&post=5035"}],"curies":[{"name":"wp","href":"https:\/\/api.w.org\/{rel}","templated":true}]}}