{"id":5010,"date":"2017-01-24T21:22:46","date_gmt":"2017-01-24T20:22:46","guid":{"rendered":"https:\/\/www.labunie.com.pl\/?p=5010"},"modified":"2017-01-24T21:30:35","modified_gmt":"2017-01-24T20:30:35","slug":"one-w-nieliszu","status":"publish","type":"post","link":"https:\/\/www.labunie.com.pl\/?p=5010","title":{"rendered":"&#8220;One&#8221; w Nieliszu"},"content":{"rendered":"<p><strong>22 stycznia 2017 r. w Nieliszu odby\u0142 si\u0119 VI S\u0105siedzki Przegl\u0105d Kol\u0119d, Pastora\u0142ek i Pie\u015bni Bo\u017conarodzeniowych \u201eNarodzi\u0142a nam si\u0119 Dobro\u0107\u201d. W koncercie wyst\u0105pi\u0142y zespo\u0142y, ch\u00f3ry i soli\u015bci z gmin: Nielisz, Su\u0142\u00f3w, Szczebrzeszyn, \u0141abunie, Radecznica i Stary Zamo\u015b\u0107.<\/strong><br \/>\n<strong> Gmin\u0119 \u0141abunie reprezentowa\u0142 Duet &#8220;One&#8221; &#8211; Bo\u017cena i Kamila Wr\u00f3blewskie.<\/strong><\/p>\n<p><!--more--><br \/>\n<iframe loading=\"lazy\" width=\"630\" height=\"315\" src=\"https:\/\/www.youtube.com\/embed\/llN44svdUo0\" frameborder=\"0\" allowfullscreen><\/iframe><br \/>\n&nbsp;<br \/>\nW tym roku organizatorzy po\u0142o\u017cyli wi\u0119kszy nacisk na integracj\u0119 mi\u0119dzypokoleniow\u0105, dlatego wykonawcy nie zostali podzieleni na kategorie wiekowe. M\u0142odsi i starsi arty\u015bci wyst\u0119powali razem, co z pewno\u015bci\u0105 wp\u0142yn\u0119\u0142o pozytywnie na budowanie relacji pomi\u0119dzy wykonawcami nale\u017c\u0105cymi do r\u00f3\u017cnych pokole\u0144 wiekowych oraz podnios\u0142o atrakcyjno\u015b\u0107 koncertu przegl\u0105dowego.<br \/>\n&nbsp;<br \/>\nG\u0142\u00f3wnym organizatorem przegl\u0105du by\u0142 GOK w Nieliszu oraz Gmina Nielisz, Powiat Zamojski i Hotel &#8220;Marina&#8221; w Nieliszu.<br \/>\n&nbsp;<br \/>\n<div id='pe-gallery-1' class='pe-gallery pe-gallery-5010 columns-3 img-size-medium'><div class='pe-row'><div class='col-md-4'><figure tabindex='0' class='pe-gallery-item ' ><div class='pe-gallery-image landscape'>\n\t\t\t\t\t\t\t<a href=\"https:\/\/www.labunie.com.pl\/wp-content\/uploads\/2017\/01\/one_nielisz_17_dyplom.jpg\" data-rel=\"lightbox-gallery-HCZLgLrQ\" data-rl_title=\"\" data-rl_caption=\"\" title=\"\"><img loading=\"lazy\" decoding=\"async\" width=\"300\" height=\"206\" src=\"https:\/\/www.labunie.com.pl\/wp-content\/uploads\/2017\/01\/one_nielisz_17_dyplom-300x206.jpg\" class=\"attachment-medium size-medium\" alt=\"one nielisz 17 dyplom\" data-no-retina=\"\" aria-describedby=\"gallery-1-5012\" srcset=\"https:\/\/www.labunie.com.pl\/wp-content\/uploads\/2017\/01\/one_nielisz_17_dyplom-300x206.jpg 300w, https:\/\/www.labunie.com.pl\/wp-content\/uploads\/2017\/01\/one_nielisz_17_dyplom-768x528.jpg 768w, https:\/\/www.labunie.com.pl\/wp-content\/uploads\/2017\/01\/one_nielisz_17_dyplom.jpg 1000w\" sizes=\"auto, (max-width: 300px) 100vw, 300px\" \/><\/a>\n\t\t\t\t\t\t<\/div><figcaption class='wp-caption-text pe-gallery-caption'>\n\t\t\t\t\t\t\t\tone nielisz 17 dyplom\n\t\t\t\t\t\t\t<\/figcaption><\/figure><\/div><div class='col-md-4'><figure tabindex='0' class='pe-gallery-item ' ><div class='pe-gallery-image portrait'>\n\t\t\t\t\t\t\t<a href=\"https:\/\/www.labunie.com.pl\/wp-content\/uploads\/2017\/01\/one_nielisz_17_stat.jpg\" data-rel=\"lightbox-gallery-HCZLgLrQ\" data-rl_title=\"\" data-rl_caption=\"\" title=\"\"><img loading=\"lazy\" decoding=\"async\" width=\"225\" height=\"300\" src=\"https:\/\/www.labunie.com.pl\/wp-content\/uploads\/2017\/01\/one_nielisz_17_stat-225x300.jpg\" class=\"attachment-medium size-medium\" alt=\"one nielisz 17 stat\" data-no-retina=\"\" aria-describedby=\"gallery-1-5013\" srcset=\"https:\/\/www.labunie.com.pl\/wp-content\/uploads\/2017\/01\/one_nielisz_17_stat-225x300.jpg 225w, https:\/\/www.labunie.com.pl\/wp-content\/uploads\/2017\/01\/one_nielisz_17_stat.jpg 750w\" sizes=\"auto, (max-width: 225px) 100vw, 225px\" \/><\/a>\n\t\t\t\t\t\t<\/div><figcaption class='wp-caption-text pe-gallery-caption'>\n\t\t\t\t\t\t\t\tone nielisz 17 stat\n\t\t\t\t\t\t\t<\/figcaption><\/figure><\/div><\/div><\/div>\n<\/p>\n","protected":false},"excerpt":{"rendered":"<p>22 stycznia 2017 r. w Nieliszu odby\u0142 si\u0119 VI S\u0105siedzki Przegl\u0105d Kol\u0119d, Pastora\u0142ek i Pie\u015bni Bo\u017conarodzeniowych \u201eNarodzi\u0142a nam si\u0119 Dobro\u0107\u201d. W koncercie wyst\u0105pi\u0142y zespo\u0142y, ch\u00f3ry i soli\u015bci z gmin: Nielisz, Su\u0142\u00f3w, Szczebrzeszyn, \u0141abunie, Radecznica i Stary Zamo\u015b\u0107. Gmin\u0119 \u0141abunie reprezentowa\u0142 Duet &#8220;One&#8221; &#8211; Bo\u017cena i Kamila Wr\u00f3blewskie.<\/p>\n","protected":false},"author":7,"featured_media":5011,"comment_status":"closed","ping_status":"closed","sticky":false,"template":"","format":"standard","meta":{"footnotes":""},"categories":[1],"tags":[],"class_list":["post-5010","post","type-post","status-publish","format-standard","has-post-thumbnail","hentry","category-wpisy","clearfix"],"_links":{"self":[{"href":"https:\/\/www.labunie.com.pl\/index.php?rest_route=\/wp\/v2\/posts\/5010","targetHints":{"allow":["GET"]}}],"collection":[{"href":"https:\/\/www.labunie.com.pl\/index.php?rest_route=\/wp\/v2\/posts"}],"about":[{"href":"https:\/\/www.labunie.com.pl\/index.php?rest_route=\/wp\/v2\/types\/post"}],"author":[{"embeddable":true,"href":"https:\/\/www.labunie.com.pl\/index.php?rest_route=\/wp\/v2\/users\/7"}],"replies":[{"embeddable":true,"href":"https:\/\/www.labunie.com.pl\/index.php?rest_route=%2Fwp%2Fv2%2Fcomments&post=5010"}],"version-history":[{"count":3,"href":"https:\/\/www.labunie.com.pl\/index.php?rest_route=\/wp\/v2\/posts\/5010\/revisions"}],"predecessor-version":[{"id":5016,"href":"https:\/\/www.labunie.com.pl\/index.php?rest_route=\/wp\/v2\/posts\/5010\/revisions\/5016"}],"wp:featuredmedia":[{"embeddable":true,"href":"https:\/\/www.labunie.com.pl\/index.php?rest_route=\/wp\/v2\/media\/5011"}],"wp:attachment":[{"href":"https:\/\/www.labunie.com.pl\/index.php?rest_route=%2Fwp%2Fv2%2Fmedia&parent=5010"}],"wp:term":[{"taxonomy":"category","embeddable":true,"href":"https:\/\/www.labunie.com.pl\/index.php?rest_route=%2Fwp%2Fv2%2Fcategories&post=5010"},{"taxonomy":"post_tag","embeddable":true,"href":"https:\/\/www.labunie.com.pl\/index.php?rest_route=%2Fwp%2Fv2%2Ftags&post=5010"}],"curies":[{"name":"wp","href":"https:\/\/api.w.org\/{rel}","templated":true}]}}