{"id":4998,"date":"2017-02-01T10:29:11","date_gmt":"2017-02-01T09:29:11","guid":{"rendered":"https:\/\/www.labunie.com.pl\/?p=4998"},"modified":"2017-02-01T15:06:35","modified_gmt":"2017-02-01T14:06:35","slug":"wybierz-lekture-narodowego-czytania-2017","status":"publish","type":"post","link":"https:\/\/www.labunie.com.pl\/?p=4998","title":{"rendered":"Wybierz lektur\u0119 Narodowego Czytania 2017"},"content":{"rendered":"<p style=\"text-align: right;\"><strong><em>Szanowni Pa\u0144stwo!<\/em><\/strong><\/p>\n<p><strong>Podczas ubieg\u0142orocznego Narodowego Czytania zaproponowa\u0142em, aby o wyborze kolejnej wsp\u00f3lnej lektury ponownie zdecydowali Polacy. Konsultacje przeprowadzone z wydzia\u0142ami filologii polskiej uczelni wy\u017cszych, Bibliotek\u0105 Narodow\u0105 oraz Instytutem Bada\u0144 Literackich Polskiej Akademii Nauk pomog\u0142y stworzy\u0107 list\u0119 wa\u017cnych dzie\u0142 polskiej literatury.<\/strong><!--more--><\/p>\n<div>\n<div>\n<div style=\"text-align: justify;\"><strong>Znajd\u0105 na niej Pa\u0144stwo <em>Przedwio\u015bnie <\/em>Stefana \u017beromskiego, <em>Pami\u0105tki Soplicy<\/em> Henryka Rzewuskiego, <em>Beniowskiego<\/em> Juliusza\u00a0S\u0142owackiego, <em>Wesele <\/em>Stanis\u0142awa Wyspia\u0144skiego. Ka\u017cdy z tych utwor\u00f3w r\u00f3\u017cni si\u0119 bohaterami, tematem i stylem. \u0141\u0105czy je istotna dla nas, Polak\u00f3w, tematyka, doskona\u0142a polszczyzna, a przede wszystkim znaczenie dla kszta\u0142towania narodowej to\u017csamo\u015bci.<\/strong><\/div>\n<p><strong>Zach\u0119cam wszystkich Pa\u0144stwa, aby\u015bmy wsp\u00f3lnie wybrali tytu\u0142 dzie\u0142a na Narodowe Czytanie 2017.<\/strong><\/p>\n<p style=\"text-align: right;\"><em>Prezydent Rzeczypospolitej Polskiej<\/em><\/p>\n<p style=\"text-align: right;\"><em> Andrzej Duda<\/em><\/p>\n<p>&nbsp;<\/p>\n<div class=\"webreader information-module\">\n<div>\n<div id=\"webreaderContainer\"><\/div>\n<h3 id=\"jak-glosowac\" class=\"title\">Jak g\u0142osowa\u0107?<\/h3>\n<\/div>\n<p>&nbsp;<\/p>\n<div class=\"description\">W tym roku lektur\u0119 na Narodowe Czytanie wybieramy z nast\u0119puj\u0105cych propozycji:<\/div>\n<\/div>\n<ul>\n<li>\u00a0\u201ePrzedwio\u015bnie\u201d Stefana \u017beromskiego,<\/li>\n<li>\u201ePami\u0105tki Soplicy\u201d Henryka Rzewuskiego,<\/li>\n<li>\u201eBeniowski\u201d Juliusza\u00a0S\u0142owackiego,<\/li>\n<li>\u201eWesele\u201d Stanis\u0142awa Wyspia\u0144skiego.<\/li>\n<\/ul>\n<p><b>Do 15 lutego 2017 r. ka\u017cdy mo\u017ce zag\u0142osowa\u0107 na ulubion\u0105 lektur\u0119<\/b> \u2013 w tym celu nale\u017cy wybra\u0107 jeden z powy\u017cszych tytu\u0142\u00f3w, umie\u015bci\u0107 go <b>w temacie e-maila<\/b> i wys\u0142a\u0107 na adres:<\/p>\n<p><a tabindex=\"140\" href=\"mailto:narodoweczytanie@prezydent.pl\">narodoweczytanie@prezydent.pl<\/a><\/p>\n<p>Kt\u00f3ra propozycja zdob\u0119dzie najwi\u0119ksze poparcie, oka\u017ce si\u0119 21 lutego. W tym dniu &#8211; Mi\u0119dzynarodowym Dniu J\u0119zyka Ojczystego &#8211; prezydent Andrzej Duda og\u0142osi tytu\u0142 wybranego przez Polak\u00f3w dzie\u0142a.<\/p>\n<p style=\"text-align: right;\"><span style=\"font-size: 8pt;\">\u017ar\u00f3d\u0142o: <a href=\"http:\/\/www.prezydent.pl\/kancelaria\/narodowe-czytanie\/narodowe-czytanie-2017\/\">www.prezydent.pl<\/a><\/span><\/p>\n<\/div>\n<\/div>\n","protected":false},"excerpt":{"rendered":"<p>Szanowni Pa\u0144stwo! Podczas ubieg\u0142orocznego Narodowego Czytania zaproponowa\u0142em, aby o wyborze kolejnej wsp\u00f3lnej lektury ponownie zdecydowali Polacy. Konsultacje przeprowadzone z wydzia\u0142ami filologii polskiej uczelni wy\u017cszych, Bibliotek\u0105 Narodow\u0105 oraz Instytutem Bada\u0144 Literackich Polskiej Akademii Nauk pomog\u0142y stworzy\u0107 list\u0119 wa\u017cnych dzie\u0142 polskiej literatury.<\/p>\n","protected":false},"author":7,"featured_media":4999,"comment_status":"closed","ping_status":"closed","sticky":false,"template":"","format":"standard","meta":{"footnotes":""},"categories":[1],"tags":[],"class_list":["post-4998","post","type-post","status-publish","format-standard","has-post-thumbnail","hentry","category-wpisy","clearfix"],"_links":{"self":[{"href":"https:\/\/www.labunie.com.pl\/index.php?rest_route=\/wp\/v2\/posts\/4998","targetHints":{"allow":["GET"]}}],"collection":[{"href":"https:\/\/www.labunie.com.pl\/index.php?rest_route=\/wp\/v2\/posts"}],"about":[{"href":"https:\/\/www.labunie.com.pl\/index.php?rest_route=\/wp\/v2\/types\/post"}],"author":[{"embeddable":true,"href":"https:\/\/www.labunie.com.pl\/index.php?rest_route=\/wp\/v2\/users\/7"}],"replies":[{"embeddable":true,"href":"https:\/\/www.labunie.com.pl\/index.php?rest_route=%2Fwp%2Fv2%2Fcomments&post=4998"}],"version-history":[{"count":5,"href":"https:\/\/www.labunie.com.pl\/index.php?rest_route=\/wp\/v2\/posts\/4998\/revisions"}],"predecessor-version":[{"id":5090,"href":"https:\/\/www.labunie.com.pl\/index.php?rest_route=\/wp\/v2\/posts\/4998\/revisions\/5090"}],"wp:featuredmedia":[{"embeddable":true,"href":"https:\/\/www.labunie.com.pl\/index.php?rest_route=\/wp\/v2\/media\/4999"}],"wp:attachment":[{"href":"https:\/\/www.labunie.com.pl\/index.php?rest_route=%2Fwp%2Fv2%2Fmedia&parent=4998"}],"wp:term":[{"taxonomy":"category","embeddable":true,"href":"https:\/\/www.labunie.com.pl\/index.php?rest_route=%2Fwp%2Fv2%2Fcategories&post=4998"},{"taxonomy":"post_tag","embeddable":true,"href":"https:\/\/www.labunie.com.pl\/index.php?rest_route=%2Fwp%2Fv2%2Ftags&post=4998"}],"curies":[{"name":"wp","href":"https:\/\/api.w.org\/{rel}","templated":true}]}}