{"id":4919,"date":"2017-01-13T15:55:20","date_gmt":"2017-01-13T14:55:20","guid":{"rendered":"https:\/\/www.labunie.com.pl\/?p=4919"},"modified":"2017-01-13T15:57:09","modified_gmt":"2017-01-13T14:57:09","slug":"4919","status":"publish","type":"post","link":"https:\/\/www.labunie.com.pl\/?p=4919","title":{"rendered":"\u201eMalowanie kol\u0119d\u201d \u2013 wr\u0119czenie nagr\u00f3d"},"content":{"rendered":"<p><strong>12 stycznia w pa\u0142acu Jana Jakuba Zamoyskiego w go\u015bcinnych progach Si\u00f3str Franciszkanek Misjonarek Maryi w \u0141abuniach, W\u00f3jt Gminy \u0141abunie Antoni Wojciech Turczyn i Przewodnicz\u0105cy Rady Adam Knia\u017a wr\u0119czyli nagrody 49 Laureatom (25 nagrodzonym i 24 wyr\u00f3\u017cnionym) V edycji konkursu \u201eMalowanie kol\u0119d\u201d.<\/strong><br \/>\n&nbsp;<br \/>\n&nbsp;<br \/>\n&nbsp;<!--more--><\/p>\n<p>W\u00f3jt Gminy \u0141abunie podzi\u0119kowa\u0142 uczestnikom, opiekunom i rodzicom za zaanga\u017cowanie w powstanie tylu pi\u0119knych prac, kt\u00f3re w postaci kartki \u015bwi\u0105tecznej zostan\u0105 rozes\u0142ane do wielu os\u00f3b zaprzyja\u017anionych z nasz\u0105 gmin\u0105. Kartki te otrzyma tak\u017ce 25 Laureat\u00f3w i ich opiekunowie.<br \/>\n&nbsp;<\/p>\n<h3><a href=\"https:\/\/www.labunie.com.pl\/2017\/01\/malowanie-koled-lista-nagrodzonych\/\">Wyniki V edycji konkursu \u201eMalowanie kol\u0119d\u201d<\/a><\/h3>\n<p>&nbsp;<br \/>\n[lg_folder folder=&#8221;20170112\/&#8221; count=&#8221;46&#8243; paging=&#8221;false&#8221;]<br \/>\n<em>Organizator konkursu: Referat Promocji, Kultury, Sportu i Informacji dzi\u0119kuje Siostrom za udost\u0119pnienie magicznego miejsca, Bibliotece Publicznej Gminy \u0141abunie za przygotowanie wystawy prac, Komisji za niezwykle ci\u0119\u017ck\u0105, ale przyjemn\u0105 prac\u0119, Uczestnikom za kolory, pomys\u0142y i ciekawe rozwi\u0105zania, Opiekunom za przybycie na rozstrzygni\u0119cie, mimo niesprzyjaj\u0105cej aury i zach\u0119canie dzieci do udzia\u0142u w konkursach, Rodzicom za wsparcie swoich pociech, W\u00f3jtowi Gminy za zakup nagr\u00f3d i s\u0142odyczy.<\/em><\/p>\n","protected":false},"excerpt":{"rendered":"<p>12 stycznia w pa\u0142acu Jana Jakuba Zamoyskiego w go\u015bcinnych progach Si\u00f3str Franciszkanek Misjonarek Maryi w \u0141abuniach, W\u00f3jt Gminy \u0141abunie Antoni Wojciech Turczyn i Przewodnicz\u0105cy Rady Adam Knia\u017a wr\u0119czyli nagrody 49 Laureatom (25 nagrodzonym i 24 wyr\u00f3\u017cnionym) V edycji konkursu \u201eMalowanie kol\u0119d\u201d. &nbsp; &nbsp; &nbsp;<\/p>\n","protected":false},"author":7,"featured_media":4923,"comment_status":"closed","ping_status":"closed","sticky":false,"template":"","format":"standard","meta":{"footnotes":""},"categories":[1],"tags":[],"class_list":["post-4919","post","type-post","status-publish","format-standard","has-post-thumbnail","hentry","category-wpisy","clearfix"],"_links":{"self":[{"href":"https:\/\/www.labunie.com.pl\/index.php?rest_route=\/wp\/v2\/posts\/4919","targetHints":{"allow":["GET"]}}],"collection":[{"href":"https:\/\/www.labunie.com.pl\/index.php?rest_route=\/wp\/v2\/posts"}],"about":[{"href":"https:\/\/www.labunie.com.pl\/index.php?rest_route=\/wp\/v2\/types\/post"}],"author":[{"embeddable":true,"href":"https:\/\/www.labunie.com.pl\/index.php?rest_route=\/wp\/v2\/users\/7"}],"replies":[{"embeddable":true,"href":"https:\/\/www.labunie.com.pl\/index.php?rest_route=%2Fwp%2Fv2%2Fcomments&post=4919"}],"version-history":[{"count":5,"href":"https:\/\/www.labunie.com.pl\/index.php?rest_route=\/wp\/v2\/posts\/4919\/revisions"}],"predecessor-version":[{"id":4926,"href":"https:\/\/www.labunie.com.pl\/index.php?rest_route=\/wp\/v2\/posts\/4919\/revisions\/4926"}],"wp:featuredmedia":[{"embeddable":true,"href":"https:\/\/www.labunie.com.pl\/index.php?rest_route=\/wp\/v2\/media\/4923"}],"wp:attachment":[{"href":"https:\/\/www.labunie.com.pl\/index.php?rest_route=%2Fwp%2Fv2%2Fmedia&parent=4919"}],"wp:term":[{"taxonomy":"category","embeddable":true,"href":"https:\/\/www.labunie.com.pl\/index.php?rest_route=%2Fwp%2Fv2%2Fcategories&post=4919"},{"taxonomy":"post_tag","embeddable":true,"href":"https:\/\/www.labunie.com.pl\/index.php?rest_route=%2Fwp%2Fv2%2Ftags&post=4919"}],"curies":[{"name":"wp","href":"https:\/\/api.w.org\/{rel}","templated":true}]}}