{"id":4878,"date":"2017-01-12T07:26:26","date_gmt":"2017-01-12T06:26:26","guid":{"rendered":"https:\/\/www.labunie.com.pl\/?p=4878"},"modified":"2017-01-12T07:26:47","modified_gmt":"2017-01-12T06:26:47","slug":"informacja-luw","status":"publish","type":"post","link":"https:\/\/www.labunie.com.pl\/?p=4878","title":{"rendered":"Informacja LUW"},"content":{"rendered":"<p><strong>Lubelski Urz\u0105d Wojew\u00f3dzki informuje, \u017ce w Biuletynie Informacji Publicznej Lubelskiego Urz\u0119du Wojew\u00f3dzkiego w zak\u0142adce: og\u0142oszenia &#8211; konkursy og\u0142oszono\u00a0 Konkurs Wojewody Lubelskiego &#8220;Organizacja Pozarz\u0105dowa Roku 2016&#8221;. Zach\u0119camy lokalne aktywne organizacje o zg\u0142aszanie si\u0119 do konkursu.<\/strong><\/p>\n<p><!--more--><br \/>\n&nbsp;<br \/>\n&nbsp;<br \/>\nKonkurs skierowany jest do organizacji pozarz\u0105dowych z terenu wojew\u00f3dztwa lubelskiego, a jego celem jest wyr\u00f3\u017cnienie organizacji pozarz\u0105dowych, kt\u00f3re przez swoje dzia\u0142ania aktywizuj\u0105 i integruj\u0105 \u015brodowisko lokalne, kszta\u0142tuj\u0105 zasady wsp\u00f3\u0142\u017cycia spo\u0142ecznego oraz poprawiaj\u0105 jako\u015b\u0107 \u017cycia spo\u0142eczno\u015bci lokalnej, a tak\u017ce wzmocnienie wizerunku organizacji pozarz\u0105dowych oraz identyfikacja i promocja dobrych praktyk.<br \/>\n&nbsp;<br \/>\nTytu\u0142y Laureata \u201eOrganizacja Pozarz\u0105dowa Roku 2016\u201d oraz wyr\u00f3\u017cnienia b\u0119d\u0105 przyznane w kategoriach:<\/p>\n<ol>\n<li>Bezpiecze\u0144stwo.<\/li>\n<li>Polityka spo\u0142eczna.<\/li>\n<li>Edukacja.<\/li>\n<li>Sport i rekreacja.<\/li>\n<li>Kultura i dziedzictwo narodowe.<\/li>\n<li>Profilaktyka i ochrona zdrowia.<\/li>\n<\/ol>\n<p>&nbsp;<br \/>\nTermin sk\u0142adania zg\u0142osze\u0144 trwa od 5 stycznia do 3 lutego 2017 roku. Zg\u0142oszenia do konkursu mog\u0105 dokona\u0107 organizacje pozarz\u0105dowe, jednostki samorz\u0105du terytorialnego, osoby fizyczne, ko\u015bcio\u0142y i zwi\u0105zki wyznaniowe oraz organizacja ubiegaj\u0105ca si\u0119 o tytu\u0142 laureata Konkursu. Formularz zg\u0142oszeniowy nale\u017cy z\u0142o\u017cy\u0107 w okre\u015blonym powy\u017cej terminie w siedzibie Lubelskiego Urz\u0119du Wojew\u00f3dzkiego w Lublinie w Punkcie Obs\u0142ugi Klienta, ul. Spokojna 4, 20-914 Lublin lub przes\u0142a\u0107 poczt\u0105 na adres: Biuro Wojewody, Lubelski Urz\u0105d Wojew\u00f3dzki w Lublinie, ul. Spokojna 4, 20-914 Lublin, z dopiskiem na kopercie Konkurs \u201eOrganizacja Pozarz\u0105dowa Roku 2016&#8243;- obszar:&#8230;&#8230;&#8230;..\u2026&#8221;<br \/>\n&nbsp;<br \/>\nZwracam si\u0119 zatem z pro\u015bb\u0105 o jak najszersze rozpropagowanie informacji o Konkursie w\u015br\u00f3d lokalnych organizacji pozarz\u0105dowych, a tak\u017ce zach\u0119cam Pa\u0144stwa do zg\u0142aszania do konkursu lokalnych organizacji, kt\u00f3re w Pa\u0144stwa ocenie zas\u0142uguj\u0105 na szczeg\u00f3lne wyr\u00f3\u017cnienie i docenienie ich roli w budowaniu spo\u0142ecze\u0144stwa obywatelskiego.<\/p>\n","protected":false},"excerpt":{"rendered":"<p>Lubelski Urz\u0105d Wojew\u00f3dzki informuje, \u017ce w Biuletynie Informacji Publicznej Lubelskiego Urz\u0119du Wojew\u00f3dzkiego w zak\u0142adce: og\u0142oszenia &#8211; konkursy og\u0142oszono\u00a0 Konkurs Wojewody Lubelskiego &#8220;Organizacja Pozarz\u0105dowa Roku 2016&#8221;. Zach\u0119camy lokalne aktywne organizacje o zg\u0142aszanie si\u0119 do konkursu.<\/p>\n","protected":false},"author":7,"featured_media":2230,"comment_status":"closed","ping_status":"closed","sticky":false,"template":"","format":"standard","meta":{"footnotes":""},"categories":[1],"tags":[],"class_list":["post-4878","post","type-post","status-publish","format-standard","has-post-thumbnail","hentry","category-wpisy","clearfix"],"_links":{"self":[{"href":"https:\/\/www.labunie.com.pl\/index.php?rest_route=\/wp\/v2\/posts\/4878","targetHints":{"allow":["GET"]}}],"collection":[{"href":"https:\/\/www.labunie.com.pl\/index.php?rest_route=\/wp\/v2\/posts"}],"about":[{"href":"https:\/\/www.labunie.com.pl\/index.php?rest_route=\/wp\/v2\/types\/post"}],"author":[{"embeddable":true,"href":"https:\/\/www.labunie.com.pl\/index.php?rest_route=\/wp\/v2\/users\/7"}],"replies":[{"embeddable":true,"href":"https:\/\/www.labunie.com.pl\/index.php?rest_route=%2Fwp%2Fv2%2Fcomments&post=4878"}],"version-history":[{"count":2,"href":"https:\/\/www.labunie.com.pl\/index.php?rest_route=\/wp\/v2\/posts\/4878\/revisions"}],"predecessor-version":[{"id":4880,"href":"https:\/\/www.labunie.com.pl\/index.php?rest_route=\/wp\/v2\/posts\/4878\/revisions\/4880"}],"wp:featuredmedia":[{"embeddable":true,"href":"https:\/\/www.labunie.com.pl\/index.php?rest_route=\/wp\/v2\/media\/2230"}],"wp:attachment":[{"href":"https:\/\/www.labunie.com.pl\/index.php?rest_route=%2Fwp%2Fv2%2Fmedia&parent=4878"}],"wp:term":[{"taxonomy":"category","embeddable":true,"href":"https:\/\/www.labunie.com.pl\/index.php?rest_route=%2Fwp%2Fv2%2Fcategories&post=4878"},{"taxonomy":"post_tag","embeddable":true,"href":"https:\/\/www.labunie.com.pl\/index.php?rest_route=%2Fwp%2Fv2%2Ftags&post=4878"}],"curies":[{"name":"wp","href":"https:\/\/api.w.org\/{rel}","templated":true}]}}