{"id":4861,"date":"2017-01-09T11:34:45","date_gmt":"2017-01-09T10:34:45","guid":{"rendered":"https:\/\/www.labunie.com.pl\/?p=4861"},"modified":"2017-01-09T11:36:48","modified_gmt":"2017-01-09T10:36:48","slug":"malowanie-koled-lista-nagrodzonych","status":"publish","type":"post","link":"https:\/\/www.labunie.com.pl\/?p=4861","title":{"rendered":"&#8220;Malowanie kol\u0119d&#8221; &#8211; lista nagrodzonych"},"content":{"rendered":"<p><strong>Na V Gminny Konkurs Plastyczny \u201eMalowanie Kol\u0119d\u201d pod patronatem W\u00f3jta Gminy \u0141abunie wp\u0142yn\u0119\u0142y 92 prace. Jury w sk\u0142adzie: Jadwiga Ku\u017ama \u2013 pracownik Biblioteki Publicznej Gminy \u0141abunie, Adam Knia\u017a \u2013 Przewodnicz\u0105cy Rady Gminy \u0141abunie, Agnieszka Piela \u2013 sekretarz konkursu przyzna\u0142o nagrody i wyr\u00f3\u017cnienia w siedmiu kategoriach:<\/strong><br \/>\n&nbsp;<br \/>\n&nbsp;<br \/>\n&nbsp;<br \/>\n<!--more--><br \/>\n&nbsp;<\/p>\n<h1 style=\"text-align: center;\">Kl.0 (5 lat)<\/h1>\n<ul>\n<li>I miejsce: <strong>Natalia Mr\u00f3z<\/strong>, Punkt Przedszkolny w \u0141abu\u0144kach, op. Gra\u017cyna W\u0119c\u0142ak,<\/li>\n<li>II miejsce: <strong>Martyna Bamburska<\/strong>, Punkt Przedszkolny w \u0141abuniach, op. Renata Rozkres,<\/li>\n<li>III miejsce: <strong>Natalia Mo\u0142doch<\/strong>, Punkt Przedszkolny w \u0141abu\u0144kach, op. Gra\u017cyna W\u0119c\u0142ak,<\/li>\n<\/ul>\n<p>&nbsp;<br \/>\nWyr\u00f3\u017cnienia:<\/p>\n<ul>\n<li><strong>Lena Siwiec<\/strong>, Punkt Przedszkolny w \u0141abu\u0144kach, op. Gra\u017cyna W\u0119c\u0142ak,<\/li>\n<li><strong>Marlena Skiba<\/strong>, Punkt Przedszkolny w \u0141abu\u0144kach, op. Gra\u017cyna W\u0119c\u0142ak,<\/li>\n<li><strong>Julia Dziwura<\/strong>, Punkt Przedszkolny w \u0141abuniach, op. Renata Rozkres,<\/li>\n<li><strong>Liliana Kierepka<\/strong>, Punkt Przedszkolny w \u0141abuniach, op. Renata Rozkres.<\/li>\n<\/ul>\n<p>&nbsp;<br \/>\n&nbsp;<\/p>\n<h1 style=\"text-align: center;\">Kl. 0 (6 lat)<\/h1>\n<ul>\n<li>I miejsce: <strong>Anna Borek<\/strong>, ZS w \u0141abuniach, op. Agnieszka Teterycz,<\/li>\n<li>II miejsce: <strong>Marcel Branecki<\/strong>, ZS w \u0141abuniach, op. Agnieszka Teterycz,<\/li>\n<li>III miejsce: <strong>Krzysztof S\u0142upski<\/strong>, ZS w \u0141abuniach, op. Agnieszka Teterycz,<\/li>\n<\/ul>\n<p>&nbsp;<br \/>\nWyr\u00f3\u017cnienia:<\/p>\n<ul>\n<li><strong>Maja Wo\u0142oszyn<\/strong>, ZS w \u0141abuniach, op. Jolanta Podka\u0144ska,<\/li>\n<li><strong>Weronika Ternes<\/strong>, ZS w \u0141abuniach, op. Jolanta Podka\u0144ska,<\/li>\n<li><strong>Marysia Jastrz\u0119bska<\/strong>, ZS w \u0141abuniach, op. Jolanta Podka\u0144ska,<\/li>\n<li><strong>Micha\u0142 Synowiec<\/strong>, ZS w \u0141abuniach, op. Agnieszka Teterycz,<\/li>\n<li><strong>Dawid Pokrywka<\/strong>, ZS w \u0141abuniach, op. Agnieszka Teterycz.<\/li>\n<\/ul>\n<p>&nbsp;<br \/>\n&nbsp;<\/p>\n<h1 style=\"text-align: center;\">Kl. I<\/h1>\n<ul>\n<li>I miejsce: <strong>Daria Rycak<\/strong>, ZS w \u0141abuniach, op. Ma\u0142gorzata Kubacka,<\/li>\n<li>II miejsce: <strong>Piotr Mr\u00f3z<\/strong>, ZS w \u0141abuniach, op. Ma\u0142gorzata Kubacka,<\/li>\n<li>III miejsce: <strong>Amelia G\u00f3rska<\/strong>, ZS w \u0141abuniach, op. Alicja Saputa,<\/li>\n<li>III miejsce: <strong>Kacper Wilk<\/strong>, ZS w \u0141abuniach, op. Ma\u0142gorzata Kubacka,<\/li>\n<\/ul>\n<p>&nbsp;<br \/>\nWyr\u00f3\u017cnienia:<\/p>\n<ul>\n<li><strong>Alan Kania<\/strong>, ZS w \u0141abuniach, op. Ma\u0142gorzata Kubacka.<\/li>\n<li><strong>Nikola Kusy<\/strong>, ZS w \u0141abuniach, op. Ma\u0142gorzata Kubacka.<\/li>\n<li><strong>Oliwier Ho\u0142ys<\/strong>, ZS w \u0141abuniach, op. Ma\u0142gorzata Kubacka.<\/li>\n<\/ul>\n<p>&nbsp;<\/p>\n<h1 style=\"text-align: center;\">Kl. II<\/h1>\n<ul>\n<li>I miejsce: <strong>Magdalena Branecka<\/strong>, ZS w \u0141abu\u0144kach Pierwszych, op. Halina Dybzi\u0144ska,<\/li>\n<li>II miejsce: <strong>Wojciech Kostrubiec<\/strong>, ZS w \u0141abuniach, op. Beata Wdowiak,<\/li>\n<li>II miejsce: <strong>Julia Ju\u015b<\/strong>, ZS w \u0141abu\u0144kach Pierwszych, op. Halina Dybzi\u0144ska,<\/li>\n<li>III miejsce: <strong>Anna G\u00f3ra<\/strong>, ZS w \u0141abu\u0144kach Pierwszych, op. Halina Dybzi\u0144ska,<\/li>\n<li>III miejsce: <strong>Przemek Wici\u0144ski<\/strong>, ZS w \u0141abu\u0144kach Pierwszych, op. Halina Dybzi\u0144ska,<\/li>\n<\/ul>\n<p>&nbsp;<br \/>\nWyr\u00f3\u017cnienia:<\/p>\n<ul>\n<li><strong>Karina Fusiarz<\/strong>, ZS w \u0141abu\u0144kach Pierwszych, op. Halina Dybzi\u0144ska,<\/li>\n<li><strong>Gabriela Synowiec<\/strong>, ZS w \u0141abuniach, op. Beata Wdowiak,<\/li>\n<li><strong>Mi\u0142osz D\u0119bkowski<\/strong>, ZS w \u0141abuniach, op. Beata Wdowiak.<\/li>\n<\/ul>\n<p>&nbsp;<\/p>\n<h1 style=\"text-align: center;\">Kl. III<\/h1>\n<ul>\n<li>I miejsce: <strong>Jakub Py\u015b<\/strong>, ZS w \u0141abuniach, op. Marzena Rozkres,<\/li>\n<li>I miejsce: <strong>Kinga Bara\u015b<\/strong>, ZS w \u0141abu\u0144kach Pierwszych, op. El\u017cbieta Kurzawska,<\/li>\n<li>I miejsce: <strong>Patrycja Rycak<\/strong>, ZS w \u0141abuniach, op. Marzena Rozkres,<\/li>\n<li>II miejsce: <strong>Wiktoria Wilkiewicz<\/strong>, ZS w \u0141abu\u0144kach Pierwszych, op. Maria Kolaja,<\/li>\n<li>II miejsce: <strong>Nikola Wiater<\/strong>, ZS w \u0141abuniach, op. Marzena Rozkres,<\/li>\n<li>II miejsce: <strong>Karol Witkowski<\/strong>, ZS w \u0141abuniach, op. Ewa Latawiec,<\/li>\n<li>II miejsce: <strong>Oliwia Suchara<\/strong>, ZS w \u0141abuniach, op. Ewa Latawiec,<\/li>\n<li>III miejsce: <strong>Sebastian Soko\u0142owski<\/strong>, ZS w \u0141abuniach, op. Ewa Latawiec,<\/li>\n<li>III miejsce: <strong>Nikola Bitner<\/strong>, ZS w \u0141abuniach, op. Marzena Rozkres,<\/li>\n<\/ul>\n<p>&nbsp;<br \/>\nWyr\u00f3\u017cnienia:<\/p>\n<ul>\n<li><strong>Wiktoria \u017byczkiewicz<\/strong>, ZS w \u0141abuniach, op. Marzena Rozkres,<\/li>\n<li><strong>Zuzanna Burdzy<\/strong>, ZS w \u0141abuniach, op. Marzena Rozkres,<\/li>\n<li><strong>Oskar Bondyra<\/strong>, ZS w \u0141abuniach, op. Marzena Rozkres,<\/li>\n<li><strong>Wiktoria Szeremeta<\/strong>, ZS w \u0141abuniach, op. Ewa Latawiec,<\/li>\n<li><strong>Julia Helman<\/strong>, ZS w \u0141abuniach, op. Ewa Latawiec,<\/li>\n<li><strong>Julia Ku\u015bmierz<\/strong>, ZS w \u0141abu\u0144kach Pierwszych, op. El\u017cbieta Kurzawska.<\/li>\n<\/ul>\n<p>&nbsp;<\/p>\n<h1 style=\"text-align: center;\">Kl. IV<\/h1>\n<ul>\n<li>I miejsce: <strong>Paulina Py\u015b<\/strong>, ZS w \u0141abuniach, op. Celina Zwolak,<\/li>\n<\/ul>\n<p>&nbsp;<br \/>\nWyr\u00f3\u017cnienia:<\/p>\n<ul>\n<li><strong>Emilia Mr\u00f3z<\/strong>, ZS w \u0141abuniach, op. Alicja Saputa,<\/li>\n<li><strong>Patrycja Burdzy<\/strong>, ZS w \u0141abu\u0144kach Pierwszych, op. Dorota Faron.<\/li>\n<\/ul>\n<p>&nbsp;<\/p>\n<h1 style=\"text-align: center;\">Kl. V<\/h1>\n<p>Wyr\u00f3\u017cnienie:<\/p>\n<ul>\n<li><strong>Julia Szmit<\/strong>, ZS w \u0141abu\u0144kach Pierwszych, op. Aneta Ga\u0142ka.<\/li>\n<\/ul>\n<p>&nbsp;<br \/>\n&nbsp;<br \/>\nWr\u0119czenie nagr\u00f3d nast\u0105pi <strong>12 stycznia (czwartek) o godzinie 16.00 w Zespole Pa\u0142acowo-Parkowym w \u0141abuniach w siedzibie Zgromadzenia Si\u00f3str FMM<\/strong>.<\/p>\n<div id='pe-gallery-1' class='pe-gallery pe-gallery-4861 columns-3 img-size-medium'><div class='pe-row'><div class='col-md-4'><figure tabindex='0' class='pe-gallery-item ' ><div class='pe-gallery-image landscape'>\n\t\t\t\t\t\t\t<a href=\"https:\/\/www.labunie.com.pl\/wp-content\/uploads\/2017\/01\/komisja_mk_17.jpg\" data-rel=\"lightbox-gallery-qvtdKXvR\" data-rl_title=\"\" data-rl_caption=\"\" title=\"\"><img loading=\"lazy\" decoding=\"async\" width=\"300\" height=\"225\" src=\"https:\/\/www.labunie.com.pl\/wp-content\/uploads\/2017\/01\/komisja_mk_17-300x225.jpg\" class=\"attachment-medium size-medium\" alt=\"komisja mk 17\" data-no-retina=\"\" aria-describedby=\"gallery-1-4864\" srcset=\"https:\/\/www.labunie.com.pl\/wp-content\/uploads\/2017\/01\/komisja_mk_17-300x225.jpg 300w, https:\/\/www.labunie.com.pl\/wp-content\/uploads\/2017\/01\/komisja_mk_17-768x576.jpg 768w, https:\/\/www.labunie.com.pl\/wp-content\/uploads\/2017\/01\/komisja_mk_17.jpg 1000w\" sizes=\"auto, (max-width: 300px) 100vw, 300px\" \/><\/a>\n\t\t\t\t\t\t<\/div><figcaption class='wp-caption-text pe-gallery-caption'>\n\t\t\t\t\t\t\t\tkomisja mk 17\n\t\t\t\t\t\t\t<\/figcaption><\/figure><\/div><\/div><\/div>\n\n","protected":false},"excerpt":{"rendered":"<p>Na V Gminny Konkurs Plastyczny \u201eMalowanie Kol\u0119d\u201d pod patronatem W\u00f3jta Gminy \u0141abunie wp\u0142yn\u0119\u0142y 92 prace. Jury w sk\u0142adzie: Jadwiga Ku\u017ama \u2013 pracownik Biblioteki Publicznej Gminy \u0141abunie, Adam Knia\u017a \u2013 Przewodnicz\u0105cy Rady Gminy \u0141abunie, Agnieszka Piela \u2013 sekretarz konkursu przyzna\u0142o nagrody i wyr\u00f3\u017cnienia w siedmiu kategoriach: &nbsp; &nbsp; &nbsp;<\/p>\n","protected":false},"author":7,"featured_media":4862,"comment_status":"closed","ping_status":"closed","sticky":false,"template":"","format":"standard","meta":{"footnotes":""},"categories":[1],"tags":[],"class_list":["post-4861","post","type-post","status-publish","format-standard","has-post-thumbnail","hentry","category-wpisy","clearfix"],"_links":{"self":[{"href":"https:\/\/www.labunie.com.pl\/index.php?rest_route=\/wp\/v2\/posts\/4861","targetHints":{"allow":["GET"]}}],"collection":[{"href":"https:\/\/www.labunie.com.pl\/index.php?rest_route=\/wp\/v2\/posts"}],"about":[{"href":"https:\/\/www.labunie.com.pl\/index.php?rest_route=\/wp\/v2\/types\/post"}],"author":[{"embeddable":true,"href":"https:\/\/www.labunie.com.pl\/index.php?rest_route=\/wp\/v2\/users\/7"}],"replies":[{"embeddable":true,"href":"https:\/\/www.labunie.com.pl\/index.php?rest_route=%2Fwp%2Fv2%2Fcomments&post=4861"}],"version-history":[{"count":5,"href":"https:\/\/www.labunie.com.pl\/index.php?rest_route=\/wp\/v2\/posts\/4861\/revisions"}],"predecessor-version":[{"id":4871,"href":"https:\/\/www.labunie.com.pl\/index.php?rest_route=\/wp\/v2\/posts\/4861\/revisions\/4871"}],"wp:featuredmedia":[{"embeddable":true,"href":"https:\/\/www.labunie.com.pl\/index.php?rest_route=\/wp\/v2\/media\/4862"}],"wp:attachment":[{"href":"https:\/\/www.labunie.com.pl\/index.php?rest_route=%2Fwp%2Fv2%2Fmedia&parent=4861"}],"wp:term":[{"taxonomy":"category","embeddable":true,"href":"https:\/\/www.labunie.com.pl\/index.php?rest_route=%2Fwp%2Fv2%2Fcategories&post=4861"},{"taxonomy":"post_tag","embeddable":true,"href":"https:\/\/www.labunie.com.pl\/index.php?rest_route=%2Fwp%2Fv2%2Ftags&post=4861"}],"curies":[{"name":"wp","href":"https:\/\/api.w.org\/{rel}","templated":true}]}}