{"id":4852,"date":"2017-01-09T10:40:02","date_gmt":"2017-01-09T09:40:02","guid":{"rendered":"https:\/\/www.labunie.com.pl\/?p=4852"},"modified":"2017-01-09T11:01:15","modified_gmt":"2017-01-09T10:01:15","slug":"orszak-trzech-kroli-2","status":"publish","type":"post","link":"https:\/\/www.labunie.com.pl\/?p=4852","title":{"rendered":"Orszak Trzech Kr\u00f3li"},"content":{"rendered":"<p><strong>6 stycznia 2017 r. w bardzo mro\u017any, ale s\u0142oneczny dzie\u0144 ju\u017c po raz drugi ulicami \u0141abu\u0144 przeszed\u0142 Orszak Trzech Kr\u00f3li. Has\u0142em tegorocznego Orszaku by\u0142o \u201eDo stajenki\u201d. <\/strong><br \/>\n&nbsp;<br \/>\n&nbsp;<br \/>\n&nbsp;<br \/>\n&nbsp;<br \/>\n<!--more--><\/p>\n<p><em>Trzej Kr\u00f3lowie w przepi\u0119knych strojach, jad\u0105c saniami, zmierzali do stajenki, aby z\u0142o\u017cy\u0107 dary Bo\u017cej Dziecinie. W barwnym Orszaku do stajenki szli r\u00f3wnie\u017c J\u00f3zef i Maryja, kol\u0119dnicy, zespo\u0142y \u015bpiewacze, tr\u0119bacze i werbli\u015bci, pastuszkowie, kt\u00f3rym drog\u0119 wskaza\u0142 Anio\u0142 Gabriel, zwierz\u0119ta: renifer i osio\u0142ek, doro\u015bli parafianie, m\u0142odzie\u017c i dzieci. Nie \u0142atwa to by\u0142a droga. Utrudnia\u0142y j\u0105 liczne pokusy i niebezpiecze\u0144stwa.<br \/>\n&nbsp;<br \/>\nRozta\u0144czeni i roz\u015bpiewani go\u015bcie w gospodzie pr\u00f3bowali zawr\u00f3ci\u0107 w\u0119drowc\u00f3w z drogi do Betlejem &#8211; oferuj\u0105c dobre trunki i weso\u0142\u0105 zabaw\u0119. Kuszony przez diab\u0142a w\u0142a\u015bciciel gospody odm\u00f3wi\u0142 potrzebuj\u0105cym &#8211; nie przyj\u0105\u0142 Maryi z J\u00f3zefem na nocleg &#8211; t\u0142umacz\u0105c si\u0119, \u017ce nie by\u0142o miejsca w gospodzie.<br \/>\n&nbsp;<br \/>\nKr\u00f3l Herod zafascynowany swoj\u0105 w\u0142adz\u0105 i dobrobytem nieoczekiwanie dowiaduje si\u0119, o narodzeniu Jezusa. Jest zaniepokojony. W obawie przed zagro\u017ceniem swojej w\u0142adzy, wydaje rozkaz wymordowania niemowl\u0105t i ma\u0142ych dzieci.<br \/>\n&nbsp;<br \/>\nW drodze do stajenki pomagaj\u0105 dodaj\u0105c otuchy i wiary Anio\u0142owie. Nie l\u0119kajcie si\u0119&#8230; nie tra\u0107cie nadziei&#8230; id\u017acie za gwiazd\u0105 a znajdziecie&#8230; Wielka rado\u015b\u0107 zapanowa\u0142a gdy w ma\u0142ej lichej stajence znale\u017ali Maryj\u0119 z J\u00f3zefem i ma\u0142ym Dzieci\u0105tkiem. Trzej Kr\u00f3lowie z\u0142o\u017cyli hojne dary a przyby\u0142y Orszak nisko pok\u0142oni\u0142 si\u0119 Jezusowi.<\/em><br \/>\n&nbsp;<br \/>\nPrzygotowanie na tak wysokim poziomie Orszaku Trzech Kr\u00f3li wymaga\u0142o wiele pracy\u00a0 zaanga\u017cowania i po\u015bwi\u0119cenia. Aktorzy-amatorzy pe\u0142ni\u0105cy poszczeg\u00f3lne role wykazali si\u0119 niezwyk\u0142ymi umiej\u0119tno\u015bciami aktorskimi oraz umiej\u0119tno\u015bci\u0105 podzielenia swojego cennego czasu dla siebie i innych. W przygotowanie Orszaku zaanga\u017cowani byli przedstawiciele z r\u00f3\u017cnych so\u0142ectw. Byli to doro\u015bli, m\u0142odzie\u017c i dzieci.<br \/>\nOrganizacja Orszaku Trzech Kr\u00f3li to kolejny dow\u00f3d integracji ca\u0142ej spo\u0142eczno\u015bci parafii i gminy \u0141abunie i motywacja do podejmowania kolejnych dzia\u0142a\u0144 przez Stowarzyszenie na rzecz Rozwoju Gminy \u0141abunie.<\/p>\n<p style=\"text-align: right;\"><em><span style=\"font-size: 8pt;\">Stowarzyszenie<\/span><\/em><br \/>\n<em><span style=\"font-size: 8pt;\">na Rzecz Rozwoju Gminy \u0141abunie<\/span><\/em><\/p>\n<p>&nbsp;<\/p>\n<p style=\"text-align: left;\"><span style=\"color: #000080;\">GALERIA fot. Adam Soko\u0142owski<\/span><\/p>\n<p style=\"text-align: left;\">[lg_folder folder=&#8221;20170106a\/&#8221; count=&#8221;49&#8243; paging=&#8221;false&#8221;]<\/p>\n<p>&nbsp;<\/p>\n<p style=\"text-align: left;\"><span style=\"color: #000080;\">GALERIA fot. Miros\u0142aw Wolski<\/span><\/p>\n<p style=\"text-align: left;\">[lg_folder folder=&#8221;20170106b\/&#8221; count=&#8221;30&#8243; paging=&#8221;false&#8221;]<\/p>\n","protected":false},"excerpt":{"rendered":"<p>6 stycznia 2017 r. w bardzo mro\u017any, ale s\u0142oneczny dzie\u0144 ju\u017c po raz drugi ulicami \u0141abu\u0144 przeszed\u0142 Orszak Trzech Kr\u00f3li. Has\u0142em tegorocznego Orszaku by\u0142o \u201eDo stajenki\u201d. &nbsp; &nbsp; &nbsp; &nbsp;<\/p>\n","protected":false},"author":7,"featured_media":4853,"comment_status":"closed","ping_status":"closed","sticky":false,"template":"","format":"standard","meta":{"footnotes":""},"categories":[1],"tags":[],"class_list":["post-4852","post","type-post","status-publish","format-standard","has-post-thumbnail","hentry","category-wpisy","clearfix"],"_links":{"self":[{"href":"https:\/\/www.labunie.com.pl\/index.php?rest_route=\/wp\/v2\/posts\/4852","targetHints":{"allow":["GET"]}}],"collection":[{"href":"https:\/\/www.labunie.com.pl\/index.php?rest_route=\/wp\/v2\/posts"}],"about":[{"href":"https:\/\/www.labunie.com.pl\/index.php?rest_route=\/wp\/v2\/types\/post"}],"author":[{"embeddable":true,"href":"https:\/\/www.labunie.com.pl\/index.php?rest_route=\/wp\/v2\/users\/7"}],"replies":[{"embeddable":true,"href":"https:\/\/www.labunie.com.pl\/index.php?rest_route=%2Fwp%2Fv2%2Fcomments&post=4852"}],"version-history":[{"count":5,"href":"https:\/\/www.labunie.com.pl\/index.php?rest_route=\/wp\/v2\/posts\/4852\/revisions"}],"predecessor-version":[{"id":4860,"href":"https:\/\/www.labunie.com.pl\/index.php?rest_route=\/wp\/v2\/posts\/4852\/revisions\/4860"}],"wp:featuredmedia":[{"embeddable":true,"href":"https:\/\/www.labunie.com.pl\/index.php?rest_route=\/wp\/v2\/media\/4853"}],"wp:attachment":[{"href":"https:\/\/www.labunie.com.pl\/index.php?rest_route=%2Fwp%2Fv2%2Fmedia&parent=4852"}],"wp:term":[{"taxonomy":"category","embeddable":true,"href":"https:\/\/www.labunie.com.pl\/index.php?rest_route=%2Fwp%2Fv2%2Fcategories&post=4852"},{"taxonomy":"post_tag","embeddable":true,"href":"https:\/\/www.labunie.com.pl\/index.php?rest_route=%2Fwp%2Fv2%2Ftags&post=4852"}],"curies":[{"name":"wp","href":"https:\/\/api.w.org\/{rel}","templated":true}]}}