{"id":4830,"date":"2017-01-04T12:45:31","date_gmt":"2017-01-04T11:45:31","guid":{"rendered":"https:\/\/www.labunie.com.pl\/?p=4830"},"modified":"2017-01-05T12:47:37","modified_gmt":"2017-01-05T11:47:37","slug":"spotkanie-sprawozdawczo-oplatkowe-kgw","status":"publish","type":"post","link":"https:\/\/www.labunie.com.pl\/?p=4830","title":{"rendered":"Spotkanie sprawozdawczo-op\u0142atkowe KGW"},"content":{"rendered":"<p><strong>3 stycznia w \u015bwietlicy wiejskiej w \u0141abuniach spotka\u0142y si\u0119 delegacje K\u00f3\u0142 Gospody\u0144 Wiejskich z terenu naszej gminy, aby podsumowa\u0107 dzia\u0142alno\u015b\u0107 w 2016 r. Na spotkaniu sprawozdawczym byli obecni W\u00f3jt Gminy \u0141abunie Antoni Wojciech Turczyn i Przewodnicz\u0105cy Rady Gminy Adam Knia\u017a.<\/strong><br \/>\n&nbsp;<br \/>\n<!--more--><br \/>\nW\u00f3jt Gminy podzi\u0119kowa\u0142 Cz\u0142onkiniom za kolejny udany rok wsp\u00f3\u0142pracy, za zaanga\u017cowanie w \u017cycie spo\u0142eczne naszej gminy i powiatu, pomoc w organizacji wydarze\u0144 kulturalno \u2013 spo\u0142ecznych i promocj\u0119 gminy.<br \/>\n&nbsp;<br \/>\nNa spotkaniu zosta\u0142 przedstawiony kalendarz wydarze\u0144 na 2017 r., w kt\u00f3rym nie zabraknie imprez plenerowych, turystycznych, sportowych, konkurs\u00f3w i spotka\u0144 pokoleniowych. W tym roku obchodzone b\u0119d\u0105 jubileusze 10-lecia istnienia KGW \u0141abunie, Barchacz\u00f3w i Moc\u00f3wka.<br \/>\n&nbsp;<br \/>\nZebrani za\u015bpiewali kol\u0119d\u0119 i \u0142ami\u0105c si\u0119 op\u0142atkiem \u017cyczyli sobie przede wszystkim zdrowia.<br \/>\n&nbsp;<br \/>\n[lg_folder folder=&#8221;20170103\/&#8221; count=&#8221;10&#8243; paging=&#8221;false&#8221;]<\/p>\n","protected":false},"excerpt":{"rendered":"<p>3 stycznia w \u015bwietlicy wiejskiej w \u0141abuniach spotka\u0142y si\u0119 delegacje K\u00f3\u0142 Gospody\u0144 Wiejskich z terenu naszej gminy, aby podsumowa\u0107 dzia\u0142alno\u015b\u0107 w 2016 r. Na spotkaniu sprawozdawczym byli obecni W\u00f3jt Gminy \u0141abunie Antoni Wojciech Turczyn i Przewodnicz\u0105cy Rady Gminy Adam Knia\u017a. &nbsp;<\/p>\n","protected":false},"author":7,"featured_media":4833,"comment_status":"closed","ping_status":"closed","sticky":false,"template":"","format":"standard","meta":{"footnotes":""},"categories":[1],"tags":[],"class_list":["post-4830","post","type-post","status-publish","format-standard","has-post-thumbnail","hentry","category-wpisy","clearfix"],"_links":{"self":[{"href":"https:\/\/www.labunie.com.pl\/index.php?rest_route=\/wp\/v2\/posts\/4830","targetHints":{"allow":["GET"]}}],"collection":[{"href":"https:\/\/www.labunie.com.pl\/index.php?rest_route=\/wp\/v2\/posts"}],"about":[{"href":"https:\/\/www.labunie.com.pl\/index.php?rest_route=\/wp\/v2\/types\/post"}],"author":[{"embeddable":true,"href":"https:\/\/www.labunie.com.pl\/index.php?rest_route=\/wp\/v2\/users\/7"}],"replies":[{"embeddable":true,"href":"https:\/\/www.labunie.com.pl\/index.php?rest_route=%2Fwp%2Fv2%2Fcomments&post=4830"}],"version-history":[{"count":3,"href":"https:\/\/www.labunie.com.pl\/index.php?rest_route=\/wp\/v2\/posts\/4830\/revisions"}],"predecessor-version":[{"id":4834,"href":"https:\/\/www.labunie.com.pl\/index.php?rest_route=\/wp\/v2\/posts\/4830\/revisions\/4834"}],"wp:featuredmedia":[{"embeddable":true,"href":"https:\/\/www.labunie.com.pl\/index.php?rest_route=\/wp\/v2\/media\/4833"}],"wp:attachment":[{"href":"https:\/\/www.labunie.com.pl\/index.php?rest_route=%2Fwp%2Fv2%2Fmedia&parent=4830"}],"wp:term":[{"taxonomy":"category","embeddable":true,"href":"https:\/\/www.labunie.com.pl\/index.php?rest_route=%2Fwp%2Fv2%2Fcategories&post=4830"},{"taxonomy":"post_tag","embeddable":true,"href":"https:\/\/www.labunie.com.pl\/index.php?rest_route=%2Fwp%2Fv2%2Ftags&post=4830"}],"curies":[{"name":"wp","href":"https:\/\/api.w.org\/{rel}","templated":true}]}}