{"id":4754,"date":"2016-12-29T08:42:18","date_gmt":"2016-12-29T07:42:18","guid":{"rendered":"https:\/\/www.labunie.com.pl\/?p=4754"},"modified":"2016-12-29T08:42:18","modified_gmt":"2016-12-29T07:42:18","slug":"7-roztoczanski-koncert-koled-i-pastoralek-relacja","status":"publish","type":"post","link":"https:\/\/www.labunie.com.pl\/?p=4754","title":{"rendered":"7 Roztocza\u0144ski Koncert Kol\u0119d i Pastora\u0142ek &#8211; relacja"},"content":{"rendered":"<p><strong>Gminny Ch\u00f3r ,,KONSONANS\u201d debiutowa\u0142 na zamojskiej scenie.<\/strong><\/p>\n<p><!--more--><br \/>\nW Klubie Batalionowym w Zamo\u015bciu 27 grudnia o godz.18.00 odby\u0142 si\u0119 drugi koncert w ramach 7 Roztocza\u0144skiego Koncertu Kol\u0119d i Pastora\u0142ek organizowanego przez Stowarzyszenie Ch\u00f3r Ziemi Zamojskiej \u201eContra\u201d oraz 3 Batalion Zmechanizowany w Zamo\u015bciu. W koncercie wyst\u0105pili; Zesp\u00f3\u0142 Wokalny ,,Ale Cantare\u201d \u2013 dyrygent Barbara Rabiega, Ch\u00f3r My\u015bliwski ,, Knieja\u201d \u2013 dyrygent J\u00f3zef Magryta, Ch\u00f3r ,, Konsonans\u201d \u2013 dyrygent Agnieszka Przytu\u0142a- Brylewicz, Ch\u00f3r Ziemi Zamojskiej \u201eContra\u201d \u2013 dyrygent Katarzyna Wasilewska oraz dzieci i m\u0142odzie\u017c dzia\u0142aj\u0105ca przy Klubie Batalionowym w Zamo\u015bciu i Nieetatowa Orkiestra Wojskowa \u2013 dyrygent Arkadiusz Grosman.<\/p>\n<p>Ze szczeg\u00f3lnie ciep\u0142ym przyj\u0119ciem spotka\u0142 si\u0119 Ch\u00f3r,, KONSONANS\u201d z Gminy \u0141abunie, debiutuj\u0105cy na zamojskiej scenie w towarzystwie utytu\u0142owanych zespo\u0142\u00f3w. Wiele ciep\u0142ych s\u0142\u00f3w pop\u0142yn\u0119\u0142o po wyst\u0119pie naszego zespo\u0142u. Zgromadzonej licznie widowni podbi\u0142y serca nie tylko pe\u0142ne zaanga\u017cowania wykonania, ale r\u00f3wnie\u017c ujmuj\u0105ce aran\u017cacje pana J\u00f3zefa Przytu\u0142y. Zar\u00f3wno znane, jak i te mniej znane utwory bardzo podoba\u0142y si\u0119 s\u0142uchaczom i zosta\u0142y nagrodzone gromkimi brawami. Debiut naszego zespo\u0142u mo\u017cna w pe\u0142ni uzna\u0107 za bardzo udany. Zar\u00f3wno organizatorzy koncertu jak i publiczno\u015b\u0107, by\u0142a mile zaskoczona poziomem kultury muzycznej, reprezentowanej przez nasz ch\u00f3r. Na zako\u0144czenie koncertu wszystkie zespo\u0142y z towarzyszeniem Orkiestry Wojskowej wykona\u0142y kol\u0119d\u0119 ,,Cicha noc\u201d.<\/p>\n<p>Zapraszamy do obejrzenia fotorelacji.<\/p>\n<p>&nbsp;<\/p>\n<p>&nbsp;<\/p>\n<p>[lg_folder folder=&#8221;20161229\/&#8221; paging=&#8221;false&#8221;]<\/p>\n","protected":false},"excerpt":{"rendered":"<p>Gminny Ch\u00f3r ,,KONSONANS\u201d debiutowa\u0142 na zamojskiej scenie.<\/p>\n","protected":false},"author":9,"featured_media":4758,"comment_status":"closed","ping_status":"closed","sticky":false,"template":"","format":"standard","meta":{"footnotes":""},"categories":[1],"tags":[],"class_list":["post-4754","post","type-post","status-publish","format-standard","has-post-thumbnail","hentry","category-wpisy","clearfix"],"_links":{"self":[{"href":"https:\/\/www.labunie.com.pl\/index.php?rest_route=\/wp\/v2\/posts\/4754","targetHints":{"allow":["GET"]}}],"collection":[{"href":"https:\/\/www.labunie.com.pl\/index.php?rest_route=\/wp\/v2\/posts"}],"about":[{"href":"https:\/\/www.labunie.com.pl\/index.php?rest_route=\/wp\/v2\/types\/post"}],"author":[{"embeddable":true,"href":"https:\/\/www.labunie.com.pl\/index.php?rest_route=\/wp\/v2\/users\/9"}],"replies":[{"embeddable":true,"href":"https:\/\/www.labunie.com.pl\/index.php?rest_route=%2Fwp%2Fv2%2Fcomments&post=4754"}],"version-history":[{"count":4,"href":"https:\/\/www.labunie.com.pl\/index.php?rest_route=\/wp\/v2\/posts\/4754\/revisions"}],"predecessor-version":[{"id":4759,"href":"https:\/\/www.labunie.com.pl\/index.php?rest_route=\/wp\/v2\/posts\/4754\/revisions\/4759"}],"wp:featuredmedia":[{"embeddable":true,"href":"https:\/\/www.labunie.com.pl\/index.php?rest_route=\/wp\/v2\/media\/4758"}],"wp:attachment":[{"href":"https:\/\/www.labunie.com.pl\/index.php?rest_route=%2Fwp%2Fv2%2Fmedia&parent=4754"}],"wp:term":[{"taxonomy":"category","embeddable":true,"href":"https:\/\/www.labunie.com.pl\/index.php?rest_route=%2Fwp%2Fv2%2Fcategories&post=4754"},{"taxonomy":"post_tag","embeddable":true,"href":"https:\/\/www.labunie.com.pl\/index.php?rest_route=%2Fwp%2Fv2%2Ftags&post=4754"}],"curies":[{"name":"wp","href":"https:\/\/api.w.org\/{rel}","templated":true}]}}