{"id":4676,"date":"2016-12-15T12:00:09","date_gmt":"2016-12-15T11:00:09","guid":{"rendered":"https:\/\/www.labunie.com.pl\/?p=4676"},"modified":"2016-12-15T14:29:08","modified_gmt":"2016-12-15T13:29:08","slug":"zaproszenie-na-przeglad-w-nieliszu","status":"publish","type":"post","link":"https:\/\/www.labunie.com.pl\/?p=4676","title":{"rendered":"Zaproszenie na Przegl\u0105d w Nieliszu"},"content":{"rendered":"<p style=\"text-align: right;\"><em><strong>Szanowni Pa\u0144stwo !<\/strong><\/em><\/p>\n<p style=\"text-align: left;\"><em><strong><br \/>\nZbli\u017ca si\u0119 czas \u015awi\u0105t Bo\u017cego Narodzenia. Sta\u0142o si\u0119 ju\u017c tradycj\u0105, \u017ce GOK w Nieliszu organizuje s\u0105siedzkie spotkanie kol\u0119dowe, w kt\u00f3rym bior\u0105 udzia\u0142 zespo\u0142y i soli\u015bci z wielu gmin powiatu zamojskiego. <\/strong><\/em><\/p>\n<p><em><!--more--><\/em><\/p>\n<p style=\"text-align: left;\"><em>Cieszymy si\u0119, \u017ce coraz cz\u0119\u015bciej i liczniej odwiedzaj\u0105 nas te\u017c go\u015bcie z innych powiat\u00f3w. W tym roku chcieliby\u015bmy zmieni\u0107 nieco formu\u0142\u0119, kt\u00f3r\u0105 praktykowali\u015bmy przez ostatnie 5 lat i zaprosi\u0107 Pa\u0144stwa do udzia\u0142u w przegl\u0105dzie, kt\u00f3ry nie b\u0119dzie mia\u0142 charakteru konkursu ale swobodnego artystycznego spotkania, podczas kt\u00f3rego uczestnicy b\u0119d\u0105 mogli zaprezentowa\u0107 sw\u00f3j warsztat muzyczny zgromadzonej publiczno\u015bci. Jednym s\u0142owem, wyst\u0119py nie b\u0119d\u0105 podlega\u0107 ocenie Komisji. W zwi\u0105zku z powy\u017cszym zmieniamy nazw\u0119 opisywanej imprezy z \u201cKonkursu\u201d na \u201cPrzegl\u0105d\u201d.<\/em><br \/>\n<em> \u00a0<\/em><br \/>\n<em> W tym roku chcieliby\u015bmy te\u017c po\u0142o\u017cy\u0107 wi\u0119kszy nacisk na integracj\u0119 mi\u0119dzypokoleniow\u0105, dlatego nie b\u0119dzie podzia\u0142u wyst\u0119p\u00f3w na kategorie wiekowe, a m\u0142odsi i starsi arty\u015bci b\u0119d\u0105 wyst\u0119powa\u0107 razem, co z pewno\u015bci\u0105 wp\u0142ynie pozytywnie na budowanie relacji pomi\u0119dzy wykonawcami nale\u017c\u0105cymi do r\u00f3\u017cnych pokole\u0144 wiekowych oraz podniesie atrakcyjno\u015b\u0107 koncertu przegl\u0105dowego.<\/em><br \/>\n<em> \u00a0<\/em><br \/>\n<em> Serdecznie zapraszamy do udzia\u0142u! Szczeg\u00f3\u0142y w za\u0142\u0105czonym Regulaminie.<\/em><\/p>\n<p style=\"text-align: right;\"><em>Agnieszka Zymon<\/em><br \/>\n<em> Dyrektor GOK w Nieliszu<\/em><\/p>\n<table>\n<tbody>\n<tr>\n<td><img loading=\"lazy\" decoding=\"async\" class=\"aligncenter size-full wp-image-1477\" src=\"https:\/\/www.labunie.com.pl\/wp-content\/uploads\/2015\/07\/pdf.png\" alt=\"pdf\" width=\"50\" height=\"50\" \/><\/td>\n<td><a href=\"https:\/\/www.labunie.com.pl\/wp-content\/uploads\/2016\/12\/Regulamin-Nielisz-2017.pdf\">Regulamin S\u0105siedzkiego Przegl\u0105du Kol\u0119d, Pastora\u0142ek i Pie\u015bni Bo\u017conarodzeniowych \u201eNarodzi\u0142a nam si\u0119 Dobro\u0107\u201d Nielisz 2017<\/a><\/td>\n<\/tr>\n<\/tbody>\n<\/table>\n<p>&nbsp;<\/p>\n","protected":false},"excerpt":{"rendered":"<p>Szanowni Pa\u0144stwo ! Zbli\u017ca si\u0119 czas \u015awi\u0105t Bo\u017cego Narodzenia. Sta\u0142o si\u0119 ju\u017c tradycj\u0105, \u017ce GOK w Nieliszu organizuje s\u0105siedzkie spotkanie kol\u0119dowe, w kt\u00f3rym bior\u0105 udzia\u0142 zespo\u0142y i soli\u015bci z wielu gmin powiatu zamojskiego.<\/p>\n","protected":false},"author":7,"featured_media":2460,"comment_status":"closed","ping_status":"closed","sticky":false,"template":"","format":"standard","meta":{"footnotes":""},"categories":[1],"tags":[],"class_list":["post-4676","post","type-post","status-publish","format-standard","has-post-thumbnail","hentry","category-wpisy","clearfix"],"_links":{"self":[{"href":"https:\/\/www.labunie.com.pl\/index.php?rest_route=\/wp\/v2\/posts\/4676","targetHints":{"allow":["GET"]}}],"collection":[{"href":"https:\/\/www.labunie.com.pl\/index.php?rest_route=\/wp\/v2\/posts"}],"about":[{"href":"https:\/\/www.labunie.com.pl\/index.php?rest_route=\/wp\/v2\/types\/post"}],"author":[{"embeddable":true,"href":"https:\/\/www.labunie.com.pl\/index.php?rest_route=\/wp\/v2\/users\/7"}],"replies":[{"embeddable":true,"href":"https:\/\/www.labunie.com.pl\/index.php?rest_route=%2Fwp%2Fv2%2Fcomments&post=4676"}],"version-history":[{"count":3,"href":"https:\/\/www.labunie.com.pl\/index.php?rest_route=\/wp\/v2\/posts\/4676\/revisions"}],"predecessor-version":[{"id":4680,"href":"https:\/\/www.labunie.com.pl\/index.php?rest_route=\/wp\/v2\/posts\/4676\/revisions\/4680"}],"wp:featuredmedia":[{"embeddable":true,"href":"https:\/\/www.labunie.com.pl\/index.php?rest_route=\/wp\/v2\/media\/2460"}],"wp:attachment":[{"href":"https:\/\/www.labunie.com.pl\/index.php?rest_route=%2Fwp%2Fv2%2Fmedia&parent=4676"}],"wp:term":[{"taxonomy":"category","embeddable":true,"href":"https:\/\/www.labunie.com.pl\/index.php?rest_route=%2Fwp%2Fv2%2Fcategories&post=4676"},{"taxonomy":"post_tag","embeddable":true,"href":"https:\/\/www.labunie.com.pl\/index.php?rest_route=%2Fwp%2Fv2%2Ftags&post=4676"}],"curies":[{"name":"wp","href":"https:\/\/api.w.org\/{rel}","templated":true}]}}